{"id":4673,"date":"2021-04-08T18:50:02","date_gmt":"2021-04-08T23:20:02","guid":{"rendered":"http:\/\/elmundodelosnegocios.com.do\/v1\/?p=4673"},"modified":"2021-04-08T18:50:02","modified_gmt":"2021-04-08T23:20:02","slug":"participa-presidente-indotel-en-tech-talk-event-2021","status":"publish","type":"post","link":"https:\/\/elmundodelosnegocios.com.do\/v1\/participa-presidente-indotel-en-tech-talk-event-2021\/","title":{"rendered":"Participa Presidente Indotel en Tech Talk Event 2021"},"content":{"rendered":"<p>El presidente del Instituto Dominicano de las Telecomunicaciones (Indotel), Nelson Arroyo, particip\u00f3 del evento \u201cTech Talk Event 2021: Dominicana Inteligente\u201d, donde se debatieron los retos de la revoluci\u00f3n tecnol\u00f3gica en el pa\u00eds y la transici\u00f3n de los negocios al mundo digital.   <\/p>\n<p>Las palabras de apertura del evento que produce la Revista Mercado estuvieron a cargo del titular del Indotel, quien explic\u00f3 el estado actual del sector de las telecomunicaciones en el pa\u00eds y los proyectos que est\u00e1 desarrollando el \u00f3rgano regulador bajo su gesti\u00f3n.   <\/p>\n<p>El presidente del Consejo Directivo del Indotel destac\u00f3 que el inicio del desarrollo de las pol\u00edticas p\u00fablicas de conectividad sucedi\u00f3 mediante el decreto n\u00fam. 539-20, a trav\u00e9s del cual el presidente Luis Abinader declar\u00f3 de alto inter\u00e9s el acceso universal al internet de banda ancha de \u00faltima generaci\u00f3n y el uso productivo de las Tecnolog\u00edas de la Informaci\u00f3n y Comunicaciones (TIC).   <\/p>\n<p>Continu\u00f3 explicando que fue mediante este decreto que se instruy\u00f3 al Indotel la creaci\u00f3n del Plan Nacional de Banda Ancha; a trav\u00e9s del mismo se realizaron las acciones necesarias para disponer de las bandas de espectro radioel\u00e9ctrico de los 700MHz y 3.5GHz, para las cuales se inici\u00f3 un proceso de licitaci\u00f3n internacional para dotar de infraestructura de \u00faltima generaci\u00f3n en todo el territorio para cerrar la brecha digital, desarrollar la red m\u00f3vil de quinta generaci\u00f3n (5G) y la aplicaci\u00f3n de la Televisi\u00f3n Terrestre Digital (TTD) en el pa\u00eds.   <\/p>\n<p>Arroyo destac\u00f3 el trabajo en conjunto con el sector de radio fusi\u00f3n televisiva, quienes pusieron a disposici\u00f3n del Estado las licencias otorgadas en esas frecuencias; \u201cesta es una demostraci\u00f3n que podemos lograr grandes cosas a trav\u00e9s de un proceso de di\u00e1logo abierto entre el Estado y el sector privado\u201d, asegur\u00f3.   <\/p>\n<p>\u201cComo \u00f3rgano regulador ya no solo nos compete regular solo el sector de las telecomunicaciones, sino tambi\u00e9n a todo un ecosistema digital en el que convergen usuarios, prestadores de servicios, proveedores de infraestructura y generadores de contenido\u201d, afirm\u00f3 el titular del \u00f3rgano regulador de las telecomunicaciones en el pa\u00eds.   <\/p>\n<p>Tambi\u00e9n manifest\u00f3 la necesidad de fomentar el acceso y uso productivo de las TIC como herramienta dentro de la transformaci\u00f3n digital que desarrolla el gobierno del presidente Luis Abinader.   <\/p>\n<p>\u201cActualmente nos encontramos en un momento importante para el sector de las telecomunicaciones, la pandemia puso en evidencia las fortalezas y los retos que tenemos como pa\u00eds; y es tiempo de realizar los cambios necesarios para que la Naci\u00f3n se desarrolle y cree nuevas oportunidades para todos los sectores a trav\u00e9s de las telecomunicaciones\u201d, asever\u00f3.  <\/p>\n<p>Tambi\u00e9n resalt\u00f3 la inversi\u00f3n millonaria que har\u00e1 el Estado Dominicano para el desarrollo de la Televisi\u00f3n Terrestre Digital, la cual se planea implementar para finales del 2022. Adem\u00e1s, explic\u00f3 que el Consejo Directivo que preside, tiene como objetivo la modernizaci\u00f3n de la Ley General de Telecomunicaciones, 153-98, que data del 1998, para adecuarla a los avances y exigencias del sector en la actualidad.   <\/p>\n<p>En la actividad estuvieron presentes Patricia de Moya, editora en jefe de la Revista Mercado; Pedro Antonio Quezada, director de la Oficina Presidencial de Tecnolog\u00edas de la Informaci\u00f3n y Comunicaci\u00f3n (Optic); Armand Toonen, vicepresidente de Altice Dominicana; Eugene Rault Grull\u00f3n, gerente general de Servicios Digitales y otras figuras destacadas del sector de las tecnolog\u00edas.   <\/p>\n","protected":false},"excerpt":{"rendered":"<p>El presidente del Instituto Dominicano de las Telecomunicaciones (Indotel), Nelson Arroyo, particip\u00f3 del evento \u201cTech Talk Event 2021: Dominicana Inteligente\u201d, donde se debatieron los retos de la revoluci\u00f3n tecnol\u00f3gica en&hellip; <\/p>\n","protected":false},"author":2,"featured_media":4674,"comment_status":"open","ping_status":"open","sticky":false,"template":"","format":"standard","meta":{"fifu_image_url":"","fifu_image_alt":"","footnotes":""},"categories":[64],"tags":[],"class_list":["post-4673","post","type-post","status-publish","format-standard","has-post-thumbnail","hentry","category-telecomunicaciones"],"_links":{"self":[{"href":"https:\/\/elmundodelosnegocios.com.do\/v1\/wp-json\/wp\/v2\/posts\/4673","targetHints":{"allow":["GET"]}}],"collection":[{"href":"https:\/\/elmundodelosnegocios.com.do\/v1\/wp-json\/wp\/v2\/posts"}],"about":[{"href":"https:\/\/elmundodelosnegocios.com.do\/v1\/wp-json\/wp\/v2\/types\/post"}],"author":[{"embeddable":true,"href":"https:\/\/elmundodelosnegocios.com.do\/v1\/wp-json\/wp\/v2\/users\/2"}],"replies":[{"embeddable":true,"href":"https:\/\/elmundodelosnegocios.com.do\/v1\/wp-json\/wp\/v2\/comments?post=4673"}],"version-history":[{"count":0,"href":"https:\/\/elmundodelosnegocios.com.do\/v1\/wp-json\/wp\/v2\/posts\/4673\/revisions"}],"wp:featuredmedia":[{"embeddable":true,"href":"https:\/\/elmundodelosnegocios.com.do\/v1\/wp-json\/wp\/v2\/media\/4674"}],"wp:attachment":[{"href":"https:\/\/elmundodelosnegocios.com.do\/v1\/wp-json\/wp\/v2\/media?parent=4673"}],"wp:term":[{"taxonomy":"category","embeddable":true,"href":"https:\/\/elmundodelosnegocios.com.do\/v1\/wp-json\/wp\/v2\/categories?post=4673"},{"taxonomy":"post_tag","embeddable":true,"href":"https:\/\/elmundodelosnegocios.com.do\/v1\/wp-json\/wp\/v2\/tags?post=4673"}],"curies":[{"name":"wp","href":"https:\/\/api.w.org\/{rel}","templated":true}]}}