{"id":4691,"date":"2021-04-12T07:50:56","date_gmt":"2021-04-12T12:20:56","guid":{"rendered":"http:\/\/elmundodelosnegocios.com.do\/v1\/?p=4691"},"modified":"2021-04-12T07:50:56","modified_gmt":"2021-04-12T12:20:56","slug":"indotel-es-nominado-regulador-innovador-del-ano-en-america-latina","status":"publish","type":"post","link":"https:\/\/elmundodelosnegocios.com.do\/v1\/indotel-es-nominado-regulador-innovador-del-ano-en-america-latina\/","title":{"rendered":"INDOTEL es nominado \u201cRegulador Innovador del A\u00f1o\u201d en Am\u00e9rica Latina"},"content":{"rendered":"<p>SANTO DOMINGO.-El Instituto Dominicano de las Telecomunicaciones (Indotel) fue nominado como \u201cRegulador Innovador del A\u00f1o\u201d del evento \u201c5G Latin America: Digital Symposium\u201d que ser\u00e1 celebrado este pr\u00f3ximo 27 y 29 de abril del 2021, en reconocimiento por el proyecto de licitaci\u00f3n de las bandas de los 700 MHz y 3.5 GHz que se realiza en la Rep\u00fablica Dominicana.    <\/p>\n<p>Adem\u00e1s del Indotel de Rep\u00fablica Dominicana, fue nominada la Subsecretar\u00eda de Telecomunicaciones (SUBTEL) de Chile y el Ministerio de Tecnolog\u00edas de la Informaci\u00f3n y Comunicaciones (MinTIC) de Colombia.  El Indotel fue propuesto con el tema \u201cLicitaci\u00f3n Internacional para operaci\u00f3n de red 5G a nivel nacional\u201d.  <\/p>\n<p>El primer lugar ser\u00e1 seleccionado a trav\u00e9s de la votaci\u00f3n que se llevar\u00e1 a cabo a trav\u00e9s de la p\u00e1gina virtual del evento regional, las cuales estar\u00e1n habilitadas hasta el d\u00eda 20 de abril del 2021. Los enlaces para acceder al evento y votar por el Indotel son: 5G Latin America Most Innovative Regulator Award (knect365.com); 5G Latin America (knect365.com) y Regulatory of the Year Award INDOTEL | 5G Latin America (knect365.com).   <\/p>\n<p>Julissa Cruz, directora ejecutiva, representar\u00e1 al Indotel durante el evento, el cual re\u00fane a \u00f3rganos reguladores de la region de Centroam\u00e9rica y el Caribe (CEACA) y a expertos de Latinoam\u00e9rica para aprobar temas como los requisitos de evoluci\u00f3n de la red de la comunidad de proveedores de servicios en la regi\u00f3n de Am\u00e9rica Latina, orientada a buscar inversiones en tecnolog\u00eda de pr\u00f3xima generaci\u00f3n y comenzar el despliegue de servicios 5G.   <\/p>\n<p>Durante el evento se abordar\u00e1n otros temas como los requisitos de evoluci\u00f3n de la red de la comunidad de proveedores de servicios en la regi\u00f3n de Am\u00e9rica Latina, orientada a buscar inversiones en tecnolog\u00eda de pr\u00f3xima generaci\u00f3n y comenzar el despliegue de servicios 5G, se\u00f1ala una nota de la Direcci\u00f3n de Relaciones P\u00fablicas y Comunicaciones del Indotel.  <\/p>\n<p>Establece que en este a\u00f1o 2021, el evento que se llevar\u00e1 a cabo digitalmente durante dos d\u00edas y \u201cdar\u00e1 la bienvenida a los principales expertos de toda la regi\u00f3n para examinar temas claves, incluida la monetizaci\u00f3n de los servicios empresariales y para el consumidor, la regulaci\u00f3n y el espectro para 5G, las tecnolog\u00edas de red y la innovaci\u00f3n y la conectividad rural\u201d.  <\/p>\n<p>El origen de nominaci\u00f3n  <\/p>\n<p>El Indotel fue invitado a participar en este concurso en reconocimiento a su proyecto de licitaci\u00f3n internacional de las bandas de los 700 MHz y 3.5 GHz y sus iniciativas para impulsar la red 5G y el uso productivo de las TIC, con miras a expandir los servicios de telecomunicaciones y reducir la brecha digital en el pa\u00eds.     <\/p>\n<p>\u201cSe trata de un proceso de licitaci\u00f3n p\u00fablica para el otorgamiento de las licencias y dem\u00e1s autorizaciones necesarias para la prestaci\u00f3n de servicios de portadora, telefon\u00eda e internet, mediante la explotaci\u00f3n de frecuencias radioel\u00e9ctricas en las bandas 698-806 MHz y 3300-3600 MHz en todo el territorio nacional\u201d, explican los organizadores del c\u00f3nclave.  <\/p>\n<p>Destacan que \u201ccon esta subasta, Rep\u00fablica Dominicana busca ser el segundo pa\u00eds de la regi\u00f3n en posici\u00f3n de asignar hasta 100 Megahercios continuos en bandas medias, la cantidad de espectro recomendada para alcanzar el m\u00e1ximo potencial de la red 5G en este momento\u201d.  <\/p>\n<p>Los organizadores del c\u00f3nclave hicieron reconocieron el impacto del proyecto y de c\u00f3mo el Indotel ha fomentado el desarrollo de la red m\u00f3vil 5G en Rep\u00fablica Dominicana.  <\/p>\n<p>\u201cVarios estudios internacionales han demostrado que al incrementar la penetraci\u00f3n de la banda ancha se tiene impactos positivos en el incremento del Producto Interno Bruto (PIB), la productividad y la creaci\u00f3n de empleo y es por ello la importancia de este objetivo nacional e iniciativo\u201d, relatan los convocantes al concurso.  <\/p>\n<p>Precisan, adem\u00e1s, que \u201cexiste evidencia que demuestra que las telecomunicaciones han sido fundamentales para el desarrollo de la econom\u00eda y la sociedad durante este estado pand\u00e9mico causado por el virus COVID-19\u201d.  <\/p>\n","protected":false},"excerpt":{"rendered":"<p>SANTO DOMINGO.-El Instituto Dominicano de las Telecomunicaciones (Indotel) fue nominado como \u201cRegulador Innovador del A\u00f1o\u201d del evento \u201c5G Latin America: Digital Symposium\u201d que ser\u00e1 celebrado este pr\u00f3ximo 27 y 29&hellip; <\/p>\n","protected":false},"author":2,"featured_media":4692,"comment_status":"open","ping_status":"open","sticky":false,"template":"","format":"standard","meta":{"fifu_image_url":"","fifu_image_alt":"","footnotes":""},"categories":[64],"tags":[],"class_list":["post-4691","post","type-post","status-publish","format-standard","has-post-thumbnail","hentry","category-telecomunicaciones"],"_links":{"self":[{"href":"https:\/\/elmundodelosnegocios.com.do\/v1\/wp-json\/wp\/v2\/posts\/4691","targetHints":{"allow":["GET"]}}],"collection":[{"href":"https:\/\/elmundodelosnegocios.com.do\/v1\/wp-json\/wp\/v2\/posts"}],"about":[{"href":"https:\/\/elmundodelosnegocios.com.do\/v1\/wp-json\/wp\/v2\/types\/post"}],"author":[{"embeddable":true,"href":"https:\/\/elmundodelosnegocios.com.do\/v1\/wp-json\/wp\/v2\/users\/2"}],"replies":[{"embeddable":true,"href":"https:\/\/elmundodelosnegocios.com.do\/v1\/wp-json\/wp\/v2\/comments?post=4691"}],"version-history":[{"count":0,"href":"https:\/\/elmundodelosnegocios.com.do\/v1\/wp-json\/wp\/v2\/posts\/4691\/revisions"}],"wp:featuredmedia":[{"embeddable":true,"href":"https:\/\/elmundodelosnegocios.com.do\/v1\/wp-json\/wp\/v2\/media\/4692"}],"wp:attachment":[{"href":"https:\/\/elmundodelosnegocios.com.do\/v1\/wp-json\/wp\/v2\/media?parent=4691"}],"wp:term":[{"taxonomy":"category","embeddable":true,"href":"https:\/\/elmundodelosnegocios.com.do\/v1\/wp-json\/wp\/v2\/categories?post=4691"},{"taxonomy":"post_tag","embeddable":true,"href":"https:\/\/elmundodelosnegocios.com.do\/v1\/wp-json\/wp\/v2\/tags?post=4691"}],"curies":[{"name":"wp","href":"https:\/\/api.w.org\/{rel}","templated":true}]}}