{"id":4694,"date":"2021-04-12T07:53:02","date_gmt":"2021-04-12T12:23:02","guid":{"rendered":"http:\/\/elmundodelosnegocios.com.do\/v1\/?p=4694"},"modified":"2021-04-12T07:53:02","modified_gmt":"2021-04-12T12:23:02","slug":"levanta-uruguay-prohibicion-productos-electronicos-calientan-el-tabaco","status":"publish","type":"post","link":"https:\/\/elmundodelosnegocios.com.do\/v1\/levanta-uruguay-prohibicion-productos-electronicos-calientan-el-tabaco\/","title":{"rendered":"Levanta Uruguay prohibici\u00f3n productos electr\u00f3nicos  calientan el tabaco"},"content":{"rendered":"<p>Marzo 2021. El gobierno de Uruguay excluy\u00f3 de la prohibici\u00f3n que existe desde el 2017, para la comercializaci\u00f3n de los dispositivos electr\u00f3nicos que calientan el tabaco. Por medio de un Decreto promulgado el 23 marzo, el Poder Ejecutivo consider\u00f3 el avance tecnol\u00f3gico y la evidencia cient\u00edfica de estas alternativas, como claves para tomar la decisi\u00f3n.<\/p>\n<p>\u201cExisten dispositivos electr\u00f3nicos para la administraci\u00f3n de nicotina que emplean una tecnolog\u00eda mediante la cual se calienta tabaco seco, respecto de los que existen datos cient\u00edficos que indican que los mismos resultan en una menor exposici\u00f3n de los usuarios a las sustancias t\u00f3xicas asociadas al consumo tradicional de tabaco\u201d, se explica en el Decreto.<\/p>\n<p>Uruguay se suma a pa\u00edses como el Reino Unido, Jap\u00f3n o Estados Unidos donde los productos libres de humo, como los cigarrillos electr\u00f3nicos o los dispositivos que calientan tabaco, en lugar de quemarlo como IQOS, est\u00e1n siendo considerados una parte de la gesti\u00f3n de pol\u00edticas p\u00fablicas en salud, por ser una alternativa de menor riesgo que continuar fumando cigarrillos tradicionales.<\/p>\n<p>\u201cConstantes avances tecnol\u00f3gicos y la creciente diversidad y disponibilidad de nuevos productos hacen necesaria una mayor precisi\u00f3n respecto del alcance de la prohibici\u00f3n\u2026\u201d es necesario considerar \u201cque los dispositivos electr\u00f3nicos que emplean una tecnolog\u00eda mediante la cual se calienta el tabaco seco cuentan con una validaci\u00f3n cient\u00edfica suficiente para justificar su exclusi\u00f3n de la prohibici\u00f3n\u2026\u201d, afirma el Poder Ejecutivo del pa\u00eds suramericano.<\/p>\n","protected":false},"excerpt":{"rendered":"<p>Marzo 2021. El gobierno de Uruguay excluy\u00f3 de la prohibici\u00f3n que existe desde el 2017, para la comercializaci\u00f3n de los dispositivos electr\u00f3nicos que calientan el tabaco. Por medio de un&hellip; <\/p>\n","protected":false},"author":2,"featured_media":4695,"comment_status":"open","ping_status":"open","sticky":false,"template":"","format":"standard","meta":{"fifu_image_url":"","fifu_image_alt":"","footnotes":""},"categories":[166],"tags":[],"class_list":["post-4694","post","type-post","status-publish","format-standard","has-post-thumbnail","hentry","category-tecnologia"],"_links":{"self":[{"href":"https:\/\/elmundodelosnegocios.com.do\/v1\/wp-json\/wp\/v2\/posts\/4694","targetHints":{"allow":["GET"]}}],"collection":[{"href":"https:\/\/elmundodelosnegocios.com.do\/v1\/wp-json\/wp\/v2\/posts"}],"about":[{"href":"https:\/\/elmundodelosnegocios.com.do\/v1\/wp-json\/wp\/v2\/types\/post"}],"author":[{"embeddable":true,"href":"https:\/\/elmundodelosnegocios.com.do\/v1\/wp-json\/wp\/v2\/users\/2"}],"replies":[{"embeddable":true,"href":"https:\/\/elmundodelosnegocios.com.do\/v1\/wp-json\/wp\/v2\/comments?post=4694"}],"version-history":[{"count":0,"href":"https:\/\/elmundodelosnegocios.com.do\/v1\/wp-json\/wp\/v2\/posts\/4694\/revisions"}],"wp:featuredmedia":[{"embeddable":true,"href":"https:\/\/elmundodelosnegocios.com.do\/v1\/wp-json\/wp\/v2\/media\/4695"}],"wp:attachment":[{"href":"https:\/\/elmundodelosnegocios.com.do\/v1\/wp-json\/wp\/v2\/media?parent=4694"}],"wp:term":[{"taxonomy":"category","embeddable":true,"href":"https:\/\/elmundodelosnegocios.com.do\/v1\/wp-json\/wp\/v2\/categories?post=4694"},{"taxonomy":"post_tag","embeddable":true,"href":"https:\/\/elmundodelosnegocios.com.do\/v1\/wp-json\/wp\/v2\/tags?post=4694"}],"curies":[{"name":"wp","href":"https:\/\/api.w.org\/{rel}","templated":true}]}}