{"id":4713,"date":"2021-04-12T08:10:01","date_gmt":"2021-04-12T12:40:01","guid":{"rendered":"http:\/\/elmundodelosnegocios.com.do\/v1\/?p=4713"},"modified":"2021-04-12T08:10:01","modified_gmt":"2021-04-12T12:40:01","slug":"promueve-iad-desarrollo-azua-con-entrega-asentamiento","status":"publish","type":"post","link":"https:\/\/elmundodelosnegocios.com.do\/v1\/promueve-iad-desarrollo-azua-con-entrega-asentamiento\/","title":{"rendered":"Promueve IAD desarrollo Azua con entrega asentamiento"},"content":{"rendered":"<p>Una comisi\u00f3n del Instituto Agrario Dominicano (IAD) encabezada por el subdirector general Ing. Rivera Amador visit\u00f3 varios asentamiento agr\u00edcola  en la provincia de Azua con la finalidad de ponerlos a producir.<\/p>\n<p>Dentro de los asentamientos visitados se encuentra el de la comunidad de Carrizal que incluye a parceleros de otras comunidades como Majagual y el municipio de Peralta. Este proyecto agr\u00edcola cuenta hasta el momento con un reservorio de agua y un sistema de riego por goteo en fase de distribuci\u00f3n.<\/p>\n<p>Amador estableci\u00f3 que este proyecto de asentamiento ser\u00e1 sometido a un proceso de limpieza, saneamiento y posterior terminaci\u00f3n para ser entregado finalmente a los diferentes productores.<\/p>\n<p>En el recorrido que incluy\u00f3 a varias comunidades  de la provincia particip\u00f3 el encargado de producci\u00f3n del IAD Ing. Manuel Mateo y el encargado provincial de la instituci\u00f3n Ingeniero Lover Vargas. Este \u00faltimo plante\u00f3 la importancia de estos asentamientos.<\/p>\n<p>Otro de los asentamientos visitados fue el de la comunidad del kil\u00f3metro 11 Sabana Yegua donde hay una asociaci\u00f3n de  parceleros conformada de m\u00e1s 140 socios que desde hace catorce a\u00f1os espera la habilitaci\u00f3n y entrega de las tierras que dicen estar deseosos de poner a producir.<\/p>\n<p>Los parceleros agrupados recibieron con benepl\u00e1cito la comisi\u00f3n que les visit\u00f3 y manifestaron sentirse esperanzados en que ahora su sue\u00f1o se har\u00e1 realidad al poder trabajar las tierras con apoyo del Estado. <\/p>\n","protected":false},"excerpt":{"rendered":"<p>Una comisi\u00f3n del Instituto Agrario Dominicano (IAD) encabezada por el subdirector general Ing. Rivera Amador visit\u00f3 varios asentamiento agr\u00edcola en la provincia de Azua con la finalidad de ponerlos a&hellip; <\/p>\n","protected":false},"author":2,"featured_media":4714,"comment_status":"open","ping_status":"open","sticky":false,"template":"","format":"standard","meta":{"fifu_image_url":"","fifu_image_alt":"","footnotes":""},"categories":[73],"tags":[],"class_list":["post-4713","post","type-post","status-publish","format-standard","has-post-thumbnail","hentry","category-agronegocios"],"_links":{"self":[{"href":"https:\/\/elmundodelosnegocios.com.do\/v1\/wp-json\/wp\/v2\/posts\/4713","targetHints":{"allow":["GET"]}}],"collection":[{"href":"https:\/\/elmundodelosnegocios.com.do\/v1\/wp-json\/wp\/v2\/posts"}],"about":[{"href":"https:\/\/elmundodelosnegocios.com.do\/v1\/wp-json\/wp\/v2\/types\/post"}],"author":[{"embeddable":true,"href":"https:\/\/elmundodelosnegocios.com.do\/v1\/wp-json\/wp\/v2\/users\/2"}],"replies":[{"embeddable":true,"href":"https:\/\/elmundodelosnegocios.com.do\/v1\/wp-json\/wp\/v2\/comments?post=4713"}],"version-history":[{"count":0,"href":"https:\/\/elmundodelosnegocios.com.do\/v1\/wp-json\/wp\/v2\/posts\/4713\/revisions"}],"wp:featuredmedia":[{"embeddable":true,"href":"https:\/\/elmundodelosnegocios.com.do\/v1\/wp-json\/wp\/v2\/media\/4714"}],"wp:attachment":[{"href":"https:\/\/elmundodelosnegocios.com.do\/v1\/wp-json\/wp\/v2\/media?parent=4713"}],"wp:term":[{"taxonomy":"category","embeddable":true,"href":"https:\/\/elmundodelosnegocios.com.do\/v1\/wp-json\/wp\/v2\/categories?post=4713"},{"taxonomy":"post_tag","embeddable":true,"href":"https:\/\/elmundodelosnegocios.com.do\/v1\/wp-json\/wp\/v2\/tags?post=4713"}],"curies":[{"name":"wp","href":"https:\/\/api.w.org\/{rel}","templated":true}]}}