{"id":4719,"date":"2021-04-12T08:15:26","date_gmt":"2021-04-12T12:45:26","guid":{"rendered":"http:\/\/elmundodelosnegocios.com.do\/v1\/?p=4719"},"modified":"2021-04-12T08:15:26","modified_gmt":"2021-04-12T12:45:26","slug":"inician-ministros-salud-y-administracion-publica-discusion-reforma-sector-salud","status":"publish","type":"post","link":"https:\/\/elmundodelosnegocios.com.do\/v1\/inician-ministros-salud-y-administracion-publica-discusion-reforma-sector-salud\/","title":{"rendered":"Inician ministros Salud y Administraci\u00f3n P\u00fablica discusi\u00f3n reforma sector salud"},"content":{"rendered":"<p>SANTO DOMINGO.- Los ministros de Salud (MSP), doctor Daniel Rivera, y de Administraci\u00f3n P\u00fablica (MAP), licenciado Dar\u00edo Castillo Lugo, iniciaron un proceso de discusi\u00f3n sobre la implementaci\u00f3n de la reforma del sector salud, como parte del Plan General de Reforma y Modernizaci\u00f3n de la Administraci\u00f3n P\u00fablica.<\/p>\n<p>La reuni\u00f3n de trabajo, en la que trataron el tema, tuvo lugar en la sede del MSP, donde el equipo del MAP, encabezado por Castillo Lugo, present\u00f3 la propuesta de reforma y modernizaci\u00f3n del sector salud, los componentes del proceso, sus objetivos, los retos del sector, la forma en que se abordar\u00e1n estos temas y las acciones inmediatas.<\/p>\n<p>Dar\u00edo Castillo Lugo dijo que esta reforma tendr\u00e1 que afrontar retos como el fortalecimiento de la funci\u00f3n rectora como estrategia para asegurar la gobernanza y conducci\u00f3n efectiva del Sistema Nacional de Salud, fortalecer e integrar el modelo de atenci\u00f3n para mejorar su cobertura, calidad y capacidad de resoluci\u00f3n.<\/p>\n<p>Asimismo, tendr\u00e1 que articular e integrar las redes program\u00e1ticas de salud colectiva y las redes de atenci\u00f3n a las personas, garantizar la disponibilidad y accesibilidad de servicios, medicamentos e insumos seguros y de calidad.<\/p>\n<p>Tambi\u00e9n, asegurar el desarrollo y disponibilidad de los recursos humanos requeridos por el sistema y transformar el modelo de financiamiento para asegurar el acceso con equidad y sostenibilidad.<\/p>\n<p>El funcionario sostuvo que el problema se abordar\u00e1 mediante un proceso de reforma focalizado en los problemas relevantes del sector, asegurando alineaci\u00f3n con la estrategia pol\u00edtica nacional y los objetivos del sector.<\/p>\n<p>Adem\u00e1s, con la participaci\u00f3n y compromiso de los \u00f3rganos que integran el sector y con metodolog\u00edas apropiadas y bien conducidas para llevar a cabo reformas sectoriales.<\/p>\n<p>El titular del MAP indic\u00f3 que la reforma en el sector salud se tratar\u00e1 en coordinaci\u00f3n de Alto Nivel, el Gabinete de Salud, con la integraci\u00f3n de Mesas Sectoriales, con un Diagn\u00f3stico General del Sector, un Plan de Reforma y Modernizaci\u00f3n Sectorial alineado a los Objetivos de Desarrollo del Milenio, a la Estrategia Nacional de Desarrollo, El Plan Decenal de Salud y a las Metas Presidenciales.<\/p>\n<p>Que tambi\u00e9n se abordar\u00e1 en socializaci\u00f3n de iniciativas con comunidad de inter\u00e9s inmediata, en presentaci\u00f3n de Propuesta Consolidada a la Presidencia, y en ejecuci\u00f3n, acompa\u00f1amiento, monitoreo y evaluaci\u00f3n de iniciativas.<\/p>\n<p>En tanto que el ministro de Salud, doctor Daniel Rivera, agradeci\u00f3 la iniciativa del MAP para empezar a trabajar en la reforma de un \u00e1rea tan importante como la salud.<\/p>\n<p>Dijo que entre los objetivos inmediatos a alcanzar con esta reforma se encuentra el de fortalecer la transparencia y efectividad del proceso de registro sanitario y el de fortalecer la vigilancia sanitaria sobre servicios de atenci\u00f3n a las personas en cl\u00ednicas, hospitales y redes complementarias.<\/p>\n<p>Tambi\u00e9n, el de fortalecer el programa de vigilancia post-comercializaci\u00f3n de productos, insumos, dispositivos y medicamentos, y el de fortalecer la gesti\u00f3n interna.<\/p>\n","protected":false},"excerpt":{"rendered":"<p>SANTO DOMINGO.- Los ministros de Salud (MSP), doctor Daniel Rivera, y de Administraci\u00f3n P\u00fablica (MAP), licenciado Dar\u00edo Castillo Lugo, iniciaron un proceso de discusi\u00f3n sobre la implementaci\u00f3n de la reforma&hellip; <\/p>\n","protected":false},"author":2,"featured_media":0,"comment_status":"open","ping_status":"open","sticky":false,"template":"","format":"standard","meta":{"fifu_image_url":"","fifu_image_alt":"","footnotes":""},"categories":[80],"tags":[],"class_list":["post-4719","post","type-post","status-publish","format-standard","hentry","category-salud"],"_links":{"self":[{"href":"https:\/\/elmundodelosnegocios.com.do\/v1\/wp-json\/wp\/v2\/posts\/4719","targetHints":{"allow":["GET"]}}],"collection":[{"href":"https:\/\/elmundodelosnegocios.com.do\/v1\/wp-json\/wp\/v2\/posts"}],"about":[{"href":"https:\/\/elmundodelosnegocios.com.do\/v1\/wp-json\/wp\/v2\/types\/post"}],"author":[{"embeddable":true,"href":"https:\/\/elmundodelosnegocios.com.do\/v1\/wp-json\/wp\/v2\/users\/2"}],"replies":[{"embeddable":true,"href":"https:\/\/elmundodelosnegocios.com.do\/v1\/wp-json\/wp\/v2\/comments?post=4719"}],"version-history":[{"count":0,"href":"https:\/\/elmundodelosnegocios.com.do\/v1\/wp-json\/wp\/v2\/posts\/4719\/revisions"}],"wp:attachment":[{"href":"https:\/\/elmundodelosnegocios.com.do\/v1\/wp-json\/wp\/v2\/media?parent=4719"}],"wp:term":[{"taxonomy":"category","embeddable":true,"href":"https:\/\/elmundodelosnegocios.com.do\/v1\/wp-json\/wp\/v2\/categories?post=4719"},{"taxonomy":"post_tag","embeddable":true,"href":"https:\/\/elmundodelosnegocios.com.do\/v1\/wp-json\/wp\/v2\/tags?post=4719"}],"curies":[{"name":"wp","href":"https:\/\/api.w.org\/{rel}","templated":true}]}}