{"id":4731,"date":"2021-04-12T08:24:24","date_gmt":"2021-04-12T12:54:24","guid":{"rendered":"http:\/\/elmundodelosnegocios.com.do\/v1\/?p=4731"},"modified":"2021-04-12T08:24:24","modified_gmt":"2021-04-12T12:54:24","slug":"campana-del-banco-popular-el-lado-positivo-es-reconocida-localmente","status":"publish","type":"post","link":"https:\/\/elmundodelosnegocios.com.do\/v1\/campana-del-banco-popular-el-lado-positivo-es-reconocida-localmente\/","title":{"rendered":"Campa\u00f1a del Banco Popular \u201cEl lado positivo\u201d es reconocida localmente"},"content":{"rendered":"<p>Santo Domingo, D.N. \u2013 La campa\u00f1a publicitaria \u201cEl Lado Positivo\u201d del Banco Popular Dominicano fue reconocida por la revista Factor de \u00c9xito y la Asociaci\u00f3n de Agencias de Comunicaci\u00f3n Comercial (Adecc), otorg\u00e1ndole la distinci\u00f3n Factor de \u00c9xito Oro, la principal en su categor\u00eda para las acciones publicitarias de empresas locales.<\/p>\n<p>En la secci\u00f3n \u201cEn tribuna\u201d de la revista,  realizada en alianza con Adecc, se distingue la creatividad de la agencia publicitaria Cazar3, responsable de la creaci\u00f3n y ejecuci\u00f3n, para promover acciones sostenibles con esta campa\u00f1a institucional y se destaca la val\u00eda del mensaje para animar a la sociedad a enfrentar la realidad con optimismo.<\/p>\n<p>Se\u00f1ala la revista en su comentario editorial que el principal objetivo es \u201ctransmitir un mensaje motivacional, inspirador y esperanzador en relaci\u00f3n a la actitud de las personas ante la vida\u201d y que se trata de una pieza que \u201cmueve las fibras\u201d e impulsa a \u201clograr la meta que los dominicanos se proponen y que d\u00eda a d\u00eda hacen lo posible para que se materialice\u201d.<\/p>\n<p>M\u00e1ximas calificaciones del jurado<\/p>\n<p>Un jurado compuesto por \u00c1lvaro Noboa, director creativo del Grupo Pe\u00f1a Defill\u00f3 \/ Publicis y Leo Burnett; Claudio Hirujo, socio-director comercial de Contacto RD; y Robert Asunci\u00f3n, consultor en negocios, estuvo a cargo de la selecci\u00f3n de muestras para la edici\u00f3n de este bar\u00f3metro del mundo publicitario, que reconoce a las marcas, su creatividad y el talento de la industria publicitaria nacional.<\/p>\n<p>Evaluaron la calidad y eficiencia de la creaci\u00f3n publicitaria con 46 puntos, la m\u00e1xima calificaci\u00f3n, ponderando de forma individual las siguientes variables: concepto transmitido, recursos creativos, insight al que responde y diferenciaci\u00f3n en la categor\u00eda.<\/p>\n<p>Resaltan de la campa\u00f1a una narrativa muy bien construida y filmada, con una edici\u00f3n y ritmo adecuados y una acertada musicalizaci\u00f3n, a trav\u00e9s de un \u201ccontagioso jingle\u201d que invita a superar los obst\u00e1culos. La campa\u00f1a logr\u00f3 conectar de manera m\u00e1s eficiente para quedar en la memoria y el reconocimiento del p\u00fablico.<\/p>\n<p>Acogida en la sociedad <\/p>\n<p>Esta campa\u00f1a institucional del Banco Popular, que inici\u00f3 el pasado 1 de febrero, ha encontrado una importante acogida en la sociedad dominicana, expresada a trav\u00e9s de comentarios favorables en distintas plataformas y acumulando m\u00e1s de tres millones de visualizaciones solamente en la versi\u00f3n del video colgado en el canal Popularenlinea, en la red social YouTube. <\/p>\n<p>Adicionalmente a las piezas audiovisuales para medios sociales y televisi\u00f3n, \u201cEl Lado Positivo\u201d contempla tambi\u00e9n versiones para radio, impresos, portales digitales y exteriores. <\/p>\n<p>Adem\u00e1s de la direcci\u00f3n de la agencia de publicidad Cazar3, la producci\u00f3n del proyecto recay\u00f3 en Kokaleka, con el acompa\u00f1amiento del equipo de la Vicepresidencia Ejecutiva de Relaciones P\u00fablicas y Comunicaciones del Popular. <\/p>\n","protected":false},"excerpt":{"rendered":"<p>Santo Domingo, D.N. \u2013 La campa\u00f1a publicitaria \u201cEl Lado Positivo\u201d del Banco Popular Dominicano fue reconocida por la revista Factor de \u00c9xito y la Asociaci\u00f3n de Agencias de Comunicaci\u00f3n Comercial&hellip; <\/p>\n","protected":false},"author":2,"featured_media":4732,"comment_status":"open","ping_status":"open","sticky":false,"template":"","format":"standard","meta":{"fifu_image_url":"","fifu_image_alt":"","footnotes":""},"categories":[157],"tags":[],"class_list":["post-4731","post","type-post","status-publish","format-standard","has-post-thumbnail","hentry","category-marketing"],"_links":{"self":[{"href":"https:\/\/elmundodelosnegocios.com.do\/v1\/wp-json\/wp\/v2\/posts\/4731","targetHints":{"allow":["GET"]}}],"collection":[{"href":"https:\/\/elmundodelosnegocios.com.do\/v1\/wp-json\/wp\/v2\/posts"}],"about":[{"href":"https:\/\/elmundodelosnegocios.com.do\/v1\/wp-json\/wp\/v2\/types\/post"}],"author":[{"embeddable":true,"href":"https:\/\/elmundodelosnegocios.com.do\/v1\/wp-json\/wp\/v2\/users\/2"}],"replies":[{"embeddable":true,"href":"https:\/\/elmundodelosnegocios.com.do\/v1\/wp-json\/wp\/v2\/comments?post=4731"}],"version-history":[{"count":0,"href":"https:\/\/elmundodelosnegocios.com.do\/v1\/wp-json\/wp\/v2\/posts\/4731\/revisions"}],"wp:featuredmedia":[{"embeddable":true,"href":"https:\/\/elmundodelosnegocios.com.do\/v1\/wp-json\/wp\/v2\/media\/4732"}],"wp:attachment":[{"href":"https:\/\/elmundodelosnegocios.com.do\/v1\/wp-json\/wp\/v2\/media?parent=4731"}],"wp:term":[{"taxonomy":"category","embeddable":true,"href":"https:\/\/elmundodelosnegocios.com.do\/v1\/wp-json\/wp\/v2\/categories?post=4731"},{"taxonomy":"post_tag","embeddable":true,"href":"https:\/\/elmundodelosnegocios.com.do\/v1\/wp-json\/wp\/v2\/tags?post=4731"}],"curies":[{"name":"wp","href":"https:\/\/api.w.org\/{rel}","templated":true}]}}