{"id":4740,"date":"2021-04-13T09:13:46","date_gmt":"2021-04-13T13:43:46","guid":{"rendered":"http:\/\/elmundodelosnegocios.com.do\/v1\/?p=4740"},"modified":"2021-04-13T09:13:46","modified_gmt":"2021-04-13T13:43:46","slug":"adoexpo-celebro-conferencia-internacional-con-el-director-general-de-la-omc","status":"publish","type":"post","link":"https:\/\/elmundodelosnegocios.com.do\/v1\/adoexpo-celebro-conferencia-internacional-con-el-director-general-de-la-omc\/","title":{"rendered":"ADOEXPO celebr\u00f3 Conferencia Internacional con el Director General de la OMC"},"content":{"rendered":"<p>El director general de la Organizaci\u00f3n Mundial del Comercio (OMC), Roberto Azev\u00eado, sostuvo que despu\u00e9s de la pandemia del coronavirus el mundo est\u00e1 lleno de oportunidades, y que el potencial de los exportadores de Rep\u00fablica Dominicana, el Caribe y Centroam\u00e9rica es inmenso, si obtienen  las informaciones requeridas y se proveen las plataformas necesarias.<\/p>\n<p>El director de la OMC dict\u00f3 una conferencia virtual, desde Ginebra, este lunes 15 de junio, sobre \u201cComercio internacional en el nuevo contexto global\u201d, en la celebraci\u00f3n del 48 aniversario de la fundaci\u00f3n de la Asociaci\u00f3n Dominicana de Exportadores (ADOEXPO), cuyo presidente, Luis Concepci\u00f3n, pronunci\u00f3 las palabras de bienvenida, en un hito en vista de que por primera vez un representante m\u00e1ximo de ese organismo internacional se dirige a los dominicanos.<\/p>\n<p>En la actividad tambi\u00e9n cont\u00f3 con la participaci\u00f3n del Ministro de Econom\u00eda, Planificaci\u00f3n y Desarrollo, Juan Ariel Jim\u00e9nez; la embajadora Representante Permanente de la Rep\u00fablica Dominicana ante la OMC, Katrina Naut, y la vicepresidente ejecutiva de ADOEXPO, Odile Mini\u00f1o Bogaert.<\/p>\n<p>Presenciaron la intervenci\u00f3n directivos y socios de ADOEXPO, miembros del Cuerpo Diplom\u00e1tico y Consultar; exportadores, empresarios, representantes de medios de comunicaci\u00f3n, quienes formularon preguntas.<\/p>\n<p>El orador Azev\u00eado se\u00f1al\u00f3 que las asociaciones nacionales, como ADOEXPO, desempe\u00f1an un papel fundamental para ayudar a las empresas a aprovechar las oportunidades del mercado internacional.<\/p>\n<p>Manifest\u00f3 que despu\u00e9s del Covid-19, las grandes empresas estar\u00e1n buscando suplidores en diversos lugares, particularmente en \u00e1reas que tienen culturas y entornos pol\u00edticos diferentes, y enfatiz\u00f3 que en Centroam\u00e9rica y el Caribe \u201cno hemos sido grandes suplidores, hemos estado mirando desde afuera, y los gobiernos y las asociaciones como Adoexpo tienen un rol que jugar para proveer las plataformas necesarias para que las empresas tengan \u00e9xitos\u201d.<\/p>\n<p>Indic\u00f3 que la OMC \u201cest\u00e1 en disposici\u00f3n de interactuar con ustedes para proveerles el apoyo y la acci\u00f3n que ustedes necesiten; nuestras puertas est\u00e1n abiertas, f\u00edsica y virtualmente\u201d, a fin de crear oportunidades a peque\u00f1as empresas, mujeres y j\u00f3venes que se conecten con el comercio internacional\u201d.<\/p>\n<p>Azevedo expres\u00f3 que los economistas de la OMC proyectan que el comercio caer\u00e1 abruptamente este a\u00f1o en todas las regiones y sectores, y que en un escenario relativamente optimista ven que el comercio mundial de mercanc\u00edas caer\u00e1 un 13% en el 2020, m\u00e1s que durante la crisis de 2008.<\/p>\n<p>\u201cEn un escenario pesimista, la disminuci\u00f3n podr\u00eda llegar hasta un 32%. Esto es similar a los primeros tres a\u00f1os de la Gran Depresi\u00f3n\u201d, expuso.<\/p>\n<p>Se\u00f1al\u00f3 que claramente, estos cambios crean oportunidades, pero que los pa\u00edses necesitan trabajar para poder aprovechar estas oportunidades. \u201cTendr\u00e1n que desarrollar la infraestructura y la conectividad necesaria, y tambi\u00e9n las regulaciones apropiadas\u201d, a\u00f1adi\u00f3.<\/p>\n<p>\u201cCon las pol\u00edticas de acompa\u00f1amiento adecuadas, el comercio puede ayudar a promover oportunidades en todos los \u00e1mbitos. Puede estimular la productividad, la competitividad y la diversificaci\u00f3n. Y puede crear oportunidades para la inclusi\u00f3n socioecon\u00f3mica, permitiendo que las peque\u00f1as empresas, las mujeres y los j\u00f3venes se conecten con los mercados mundiales\u201d, manifest\u00f3.<\/p>\n<p>Dijo que capitalizar el potencial econ\u00f3mico del comercio ser\u00e1 particularmente importante debido a la pandemia COVID-19, la cual ha provocado la peor crisis econ\u00f3mica de nuestras vidas. Las noticias econ\u00f3micas y sociales han sido sombr\u00edas &#8211; disminuci\u00f3n de la producci\u00f3n, p\u00e9rdida masiva de empleos y una creciente incertidumbre.<\/p>\n<p>Agreg\u00f3 que las medidas de distanciamiento social y las cuarentenas han reducido dr\u00e1sticamente la demanda. Las empresas no esenciales tuvieron que cerrar sus puertas.<\/p>\n<p>\u201cEl comercio se ha visto gravemente afectado por los golpes que ha sufrido la oferta y demanda. Los pa\u00edses en desarrollo en particular se han visto afectados en varias dimensiones. Las cadenas de valor transfronterizas se han visto afectadas por cierres de f\u00e1bricas y fronteras, problemas de transporte y la ca\u00edda de la demanda de los consumidores. Los servicios como los viajes y el turismo casi se han paralizado\u201d, acot\u00f3.<\/p>\n<p>El orador Azevedo explic\u00f3 que \u201cesto tiene serias implicaciones para pa\u00edses como la Rep\u00fablica Dominicana, donde el turismo representa una parte significativa de los empleos, las exportaciones de servicios y la actividad econ\u00f3mica general. Entiendo que las interrupciones en el sector tur\u00edstico del pa\u00eds tambi\u00e9n han afectado las cadenas de valor agr\u00edcolas a nivel nacional. Los hoteles, por ejemplo, eran importantes compradores de frutas y otros alimentos. Adem\u00e1s de esto, los precios de los productos b\u00e1sicos est\u00e1n cayendo, al igual que las remesas del extranjero\u201d.<\/p>\n","protected":false},"excerpt":{"rendered":"<p>El director general de la Organizaci\u00f3n Mundial del Comercio (OMC), Roberto Azev\u00eado, sostuvo que despu\u00e9s de la pandemia del coronavirus el mundo est\u00e1 lleno de oportunidades, y que el potencial&hellip; <\/p>\n","protected":false},"author":2,"featured_media":4741,"comment_status":"open","ping_status":"open","sticky":false,"template":"","format":"standard","meta":{"fifu_image_url":"","fifu_image_alt":"","footnotes":""},"categories":[83],"tags":[],"class_list":["post-4740","post","type-post","status-publish","format-standard","has-post-thumbnail","hentry","category-empresariales-empresariales"],"_links":{"self":[{"href":"https:\/\/elmundodelosnegocios.com.do\/v1\/wp-json\/wp\/v2\/posts\/4740","targetHints":{"allow":["GET"]}}],"collection":[{"href":"https:\/\/elmundodelosnegocios.com.do\/v1\/wp-json\/wp\/v2\/posts"}],"about":[{"href":"https:\/\/elmundodelosnegocios.com.do\/v1\/wp-json\/wp\/v2\/types\/post"}],"author":[{"embeddable":true,"href":"https:\/\/elmundodelosnegocios.com.do\/v1\/wp-json\/wp\/v2\/users\/2"}],"replies":[{"embeddable":true,"href":"https:\/\/elmundodelosnegocios.com.do\/v1\/wp-json\/wp\/v2\/comments?post=4740"}],"version-history":[{"count":0,"href":"https:\/\/elmundodelosnegocios.com.do\/v1\/wp-json\/wp\/v2\/posts\/4740\/revisions"}],"wp:featuredmedia":[{"embeddable":true,"href":"https:\/\/elmundodelosnegocios.com.do\/v1\/wp-json\/wp\/v2\/media\/4741"}],"wp:attachment":[{"href":"https:\/\/elmundodelosnegocios.com.do\/v1\/wp-json\/wp\/v2\/media?parent=4740"}],"wp:term":[{"taxonomy":"category","embeddable":true,"href":"https:\/\/elmundodelosnegocios.com.do\/v1\/wp-json\/wp\/v2\/categories?post=4740"},{"taxonomy":"post_tag","embeddable":true,"href":"https:\/\/elmundodelosnegocios.com.do\/v1\/wp-json\/wp\/v2\/tags?post=4740"}],"curies":[{"name":"wp","href":"https:\/\/api.w.org\/{rel}","templated":true}]}}