{"id":4752,"date":"2021-04-13T09:27:29","date_gmt":"2021-04-13T13:57:29","guid":{"rendered":"http:\/\/elmundodelosnegocios.com.do\/v1\/?p=4752"},"modified":"2021-04-13T09:27:29","modified_gmt":"2021-04-13T13:57:29","slug":"infotep-fundacion-grupo-puntacana-asoleste-y-cluster-turistico-se-unen-para-formacion-capital-humano-de-la-region-este","status":"publish","type":"post","link":"https:\/\/elmundodelosnegocios.com.do\/v1\/infotep-fundacion-grupo-puntacana-asoleste-y-cluster-turistico-se-unen-para-formacion-capital-humano-de-la-region-este\/","title":{"rendered":"INFOTEP, Fundaci\u00f3n Grupo Puntacana, ASOLESTE y Cl\u00faster Tur\u00edstico se unen para formaci\u00f3n capital humano de la regi\u00f3n Este"},"content":{"rendered":"<p>Las entidades se comprometieron con la construcci\u00f3n y puesta en ejecuci\u00f3n del Centro Internacional de Formaci\u00f3n Profesional Punta Cana, \u00abLa Ciudad del Saber\u00bb.<\/p>\n<p>El Instituto Nacional de Formaci\u00f3n T\u00e9cnico Profesional (INFOTEP); la Fundaci\u00f3n Grupo Puntacana; la Asociaci\u00f3n de Hoteles y Proyectos Tur\u00edsticos de la Zona Este (ASOLESTE) y el Cl\u00faster Tur\u00edstico La Altagracia unir\u00e1n esfuerzos para ejecutar un programa de formaci\u00f3n, capacitaci\u00f3n y especializaci\u00f3n del capital humano de la zona Este del pa\u00eds, para impulsar la productividad y competitividad del sector tur\u00edstico de la regi\u00f3n.<\/p>\n<p>Las entidades, representadas por Rafael Santos Bad\u00eda, director general del INFOTEP, Frank Rainieri Marranzini, presidente del Grupo Puntacana, y Manuel Ernesto Veloz, presidente de ASOLESTE y del Cl\u00faster Tur\u00edstico La Altagracia, firmaron un acuerdo de colaboraci\u00f3n que tendr\u00e1 una vigencia de cinco a\u00f1os.<\/p>\n<p>El director general del INFOTEP indic\u00f3 que esta firma se enmarca en los planes del presidente de la Rep\u00fablica, Luis Abinader, de impulsar el turismo y la generaci\u00f3n de 600 mil nuevos empleos en el sector privado.<\/p>\n","protected":false},"excerpt":{"rendered":"<p>Las entidades se comprometieron con la construcci\u00f3n y puesta en ejecuci\u00f3n del Centro Internacional de Formaci\u00f3n Profesional Punta Cana, \u00abLa Ciudad del Saber\u00bb. El Instituto Nacional de Formaci\u00f3n T\u00e9cnico Profesional&hellip; <\/p>\n","protected":false},"author":2,"featured_media":4753,"comment_status":"open","ping_status":"open","sticky":false,"template":"","format":"standard","meta":{"fifu_image_url":"","fifu_image_alt":"","footnotes":""},"categories":[151],"tags":[],"class_list":["post-4752","post","type-post","status-publish","format-standard","has-post-thumbnail","hentry","category-gerencia"],"_links":{"self":[{"href":"https:\/\/elmundodelosnegocios.com.do\/v1\/wp-json\/wp\/v2\/posts\/4752","targetHints":{"allow":["GET"]}}],"collection":[{"href":"https:\/\/elmundodelosnegocios.com.do\/v1\/wp-json\/wp\/v2\/posts"}],"about":[{"href":"https:\/\/elmundodelosnegocios.com.do\/v1\/wp-json\/wp\/v2\/types\/post"}],"author":[{"embeddable":true,"href":"https:\/\/elmundodelosnegocios.com.do\/v1\/wp-json\/wp\/v2\/users\/2"}],"replies":[{"embeddable":true,"href":"https:\/\/elmundodelosnegocios.com.do\/v1\/wp-json\/wp\/v2\/comments?post=4752"}],"version-history":[{"count":0,"href":"https:\/\/elmundodelosnegocios.com.do\/v1\/wp-json\/wp\/v2\/posts\/4752\/revisions"}],"wp:featuredmedia":[{"embeddable":true,"href":"https:\/\/elmundodelosnegocios.com.do\/v1\/wp-json\/wp\/v2\/media\/4753"}],"wp:attachment":[{"href":"https:\/\/elmundodelosnegocios.com.do\/v1\/wp-json\/wp\/v2\/media?parent=4752"}],"wp:term":[{"taxonomy":"category","embeddable":true,"href":"https:\/\/elmundodelosnegocios.com.do\/v1\/wp-json\/wp\/v2\/categories?post=4752"},{"taxonomy":"post_tag","embeddable":true,"href":"https:\/\/elmundodelosnegocios.com.do\/v1\/wp-json\/wp\/v2\/tags?post=4752"}],"curies":[{"name":"wp","href":"https:\/\/api.w.org\/{rel}","templated":true}]}}