{"id":4755,"date":"2021-04-13T09:29:00","date_gmt":"2021-04-13T13:59:00","guid":{"rendered":"http:\/\/elmundodelosnegocios.com.do\/v1\/?p=4755"},"modified":"2021-04-13T09:29:00","modified_gmt":"2021-04-13T13:59:00","slug":"ministro-de-economia-de-argentina-inicia-gira-por-europa-para-renegociar-la-deuda","status":"publish","type":"post","link":"https:\/\/elmundodelosnegocios.com.do\/v1\/ministro-de-economia-de-argentina-inicia-gira-por-europa-para-renegociar-la-deuda\/","title":{"rendered":"Ministro de Econom\u00eda de Argentina inicia gira por Europa para renegociar la deuda"},"content":{"rendered":"<p>El ministro de Econom\u00eda argentino, Mart\u00edn Guzm\u00e1n, comienza este s\u00e1bado un viaje oficial a Europa, donde tiene previstas desde este domingo reuniones en diversos pa\u00edses para renegociar deudas de Argentina con el Fondo Monetario Internacional (FMI) y el Club de Par\u00eds, indicaron fuentes oficiales.<\/p>\n<p>El objetivo central del viaje, seg\u00fan un comunicado ministerial, es \u00abconseguir los apoyos necesarios de los accionistas del FMI para concretar un programa que le sirva a la Argentina\u00bb.<\/p>\n<p>La agenda comienza este domingo en Berl\u00edn con una reuni\u00f3n con el ministro federal de Asuntos de Econom\u00eda y Energ\u00eda de Alemania, Peter Altmaier, y continuar\u00e1 el martes con el secretario del Ministerio Federal de Finanzas, Wolfgang Schmidt.<\/p>\n<p>Despu\u00e9s, Guzm\u00e1n se trasladar\u00e1 a Roma, donde se reunir\u00e1 el mi\u00e9rcoles con el ministro de Econom\u00eda y Finanzas italiano, Daniele Franco, mientras que el jueves ser\u00e1 el turno de encontrarse en Madrid con la ministra de Econom\u00eda y vicepresidenta segunda del Gobierno de Espa\u00f1a, Nadia Calvi\u00f1o.<\/p>\n<p>El recorrido en busca de apoyos finalizar\u00e1 el pr\u00f3ximo viernes 16 de abril en Par\u00eds, con una reuni\u00f3n con el ministro de Finanzas franc\u00e9s, Bruno Le Maire.<\/p>\n<p>La representaci\u00f3n del Gobierno argentino intentar\u00e1 as\u00ed \u00abconstruir consensos y entendimientos sobre lo que la Argentina necesita para estabilizar su econom\u00eda\u00bb.<\/p>\n<p>Adem\u00e1s de con los representantes gubernamentales, Guzm\u00e1n se ver\u00e1 con \u00abrepresentantes de la sociedad civil y sector privado\u00bb. En la comitiva de Guzm\u00e1n viaja el director para Argentina y el Cono Sur del FMI, Sergio Chodos.<\/p>\n<p>Argentina negocia desde el a\u00f1o pasado un nuevo programa con el Fondo para refinanciar deudas con el organismo por unos 44.000 millones de d\u00f3lares.<\/p>\n","protected":false},"excerpt":{"rendered":"<p>El ministro de Econom\u00eda argentino, Mart\u00edn Guzm\u00e1n, comienza este s\u00e1bado un viaje oficial a Europa, donde tiene previstas desde este domingo reuniones en diversos pa\u00edses para renegociar deudas de Argentina&hellip; <\/p>\n","protected":false},"author":2,"featured_media":4756,"comment_status":"open","ping_status":"open","sticky":false,"template":"","format":"standard","meta":{"fifu_image_url":"","fifu_image_alt":"","footnotes":""},"categories":[62],"tags":[],"class_list":["post-4755","post","type-post","status-publish","format-standard","has-post-thumbnail","hentry","category-economia"],"_links":{"self":[{"href":"https:\/\/elmundodelosnegocios.com.do\/v1\/wp-json\/wp\/v2\/posts\/4755","targetHints":{"allow":["GET"]}}],"collection":[{"href":"https:\/\/elmundodelosnegocios.com.do\/v1\/wp-json\/wp\/v2\/posts"}],"about":[{"href":"https:\/\/elmundodelosnegocios.com.do\/v1\/wp-json\/wp\/v2\/types\/post"}],"author":[{"embeddable":true,"href":"https:\/\/elmundodelosnegocios.com.do\/v1\/wp-json\/wp\/v2\/users\/2"}],"replies":[{"embeddable":true,"href":"https:\/\/elmundodelosnegocios.com.do\/v1\/wp-json\/wp\/v2\/comments?post=4755"}],"version-history":[{"count":0,"href":"https:\/\/elmundodelosnegocios.com.do\/v1\/wp-json\/wp\/v2\/posts\/4755\/revisions"}],"wp:featuredmedia":[{"embeddable":true,"href":"https:\/\/elmundodelosnegocios.com.do\/v1\/wp-json\/wp\/v2\/media\/4756"}],"wp:attachment":[{"href":"https:\/\/elmundodelosnegocios.com.do\/v1\/wp-json\/wp\/v2\/media?parent=4755"}],"wp:term":[{"taxonomy":"category","embeddable":true,"href":"https:\/\/elmundodelosnegocios.com.do\/v1\/wp-json\/wp\/v2\/categories?post=4755"},{"taxonomy":"post_tag","embeddable":true,"href":"https:\/\/elmundodelosnegocios.com.do\/v1\/wp-json\/wp\/v2\/tags?post=4755"}],"curies":[{"name":"wp","href":"https:\/\/api.w.org\/{rel}","templated":true}]}}