{"id":4767,"date":"2021-04-13T09:40:21","date_gmt":"2021-04-13T14:10:21","guid":{"rendered":"http:\/\/elmundodelosnegocios.com.do\/v1\/?p=4767"},"modified":"2021-04-13T09:40:21","modified_gmt":"2021-04-13T14:10:21","slug":"inaipi-firma-acuerdo-con-lmd-y-fedomu-en-beneficio-a-la-primera-infancia","status":"publish","type":"post","link":"https:\/\/elmundodelosnegocios.com.do\/v1\/inaipi-firma-acuerdo-con-lmd-y-fedomu-en-beneficio-a-la-primera-infancia\/","title":{"rendered":"INAIPI firma acuerdo con LMD y FEDOMU en beneficio a la primera infancia"},"content":{"rendered":"<p>Santo Domingo.- El Instituto Nacional Atenci\u00f3n Integral a la Primera Infancia (INAIPI), la Liga Municipal Dominicana (LMD) y La Federaci\u00f3n Dominicana de Municipios (FEDOMU), firmaron este lunes un acuerdo interinstitucional con la finalidad de fortalecer el rol de los gobiernos locales en la presentaci\u00f3n de servicios sociales dirigidos a la primera infancia.<\/p>\n<p>La primera dama Raquel Arbaje y la vicepresidenta Raquel Pe\u00f1a estuvieron presentes durante la firma de este acuerdo, el cual llevar\u00e1 atenci\u00f3n de calidad integral a las familias vulnerables de todo el territorio dominicano.<\/p>\n<p>El documento fue rubricado por la directora del INAIPI, Besaida Manola Santana de B\u00e1ez; el secretario general de la LMD, V\u00edctor D\u2019 Aza, as\u00ed como el presidente de FEDOMU y alcalde de La Vega, Kelvin Cruz en el Sal\u00f3n Verde del Palacio Nacional.<\/p>\n<p>La directora del INAIPI, Besaida Manola Santana de B\u00e1ez, destac\u00f3 la decisi\u00f3n del jefe de Estado en conjunto con la vicepresidenta y la primera dama al crear el Gabinete de La Ni\u00f1ez y Adolescencia.<\/p>\n<p>\u201cCon la firma de este gran acuerdo se fortalece lo que es el INAIPI y las grandes familias que est\u00e1n por debajo de la pobreza\u201d, expres\u00f3 la directora del INAIPI.<\/p>\n<p>Kelvin Cruz destac\u00f3 que los principales organismos multilaterales y los estudios m\u00e1s rigurosos sobre la inversi\u00f3n social indican que atender la primera infancia es una estrategia de alto retorno social y particular.<\/p>\n<p>\u201cEl Estado dominicano, a trav\u00e9s de los servicios que brinda el INAIPI, liderando a las familias y comunidades, ha asumido de manera efectiva el compromiso con nuestra ni\u00f1ez en esa etapa tan vulnerable de su desarrollo\u201d, indic\u00f3 Cruz.<\/p>\n<p>Firma de acuerdo<\/p>\n<p>Con la firma de este convenio se establece la articulaci\u00f3n con los equipos t\u00e9cnicos de INAIPI para que favorezcan un mapeo municipal de los servicios y de los espacios p\u00fablicos que existen en el pa\u00eds que puedan ser aprovechados a favor de la primera infancia, y en caso que no existan, motivar a que se favorezca la inclusi\u00f3n en los programas de los gobiernos locales.<\/p>\n<p>Los gobiernos locales dispondr\u00e1n de espacios e infraestructuras al servicio de la implementaci\u00f3n de los servicios que impulsa el INAIPI, favoreciendo la ampliaci\u00f3n de cobertura y atenci\u00f3n a la primera infancia.<\/p>\n<p>Adem\u00e1s, se impulsar\u00e1 desde las tres instituciones la participaci\u00f3n y corresponsabilidad de la familia y la comunidad en la atenci\u00f3n y protecci\u00f3n de los ni\u00f1os y ni\u00f1as de 0 a 5 a\u00f1os.<\/p>\n<p>Las instituciones, igualmente, acuerdan poner a su disposici\u00f3n sus portales web y cualquier otro instrumento de comunicaci\u00f3n e informaci\u00f3n que posean para difundir y socializar las acciones que se deriven del proceso de implementaci\u00f3n del presente acuerdo.<\/p>\n<p>Asimismo, formalizar\u00e1n una mesa de trabajo en la que se coordinar\u00e1n las acciones a ejecutar, se analizar\u00e1n los retos y se dar\u00e1 seguimiento a los avances logrados.<\/p>\n<p>Esta iniciativa se circunscribe en el compromiso de las instituciones participantes de contribuir con acciones que beneficien a los sectores m\u00e1s vulnerables de la poblaci\u00f3n, en consonancia con los planes y programas que desarrolla el gobierno del presidente Luis Abinader.<\/p>\n","protected":false},"excerpt":{"rendered":"<p>Santo Domingo.- El Instituto Nacional Atenci\u00f3n Integral a la Primera Infancia (INAIPI), la Liga Municipal Dominicana (LMD) y La Federaci\u00f3n Dominicana de Municipios (FEDOMU), firmaron este lunes un acuerdo interinstitucional&hellip; <\/p>\n","protected":false},"author":2,"featured_media":4768,"comment_status":"open","ping_status":"open","sticky":false,"template":"","format":"standard","meta":{"fifu_image_url":"","fifu_image_alt":"","footnotes":""},"categories":[151],"tags":[],"class_list":["post-4767","post","type-post","status-publish","format-standard","has-post-thumbnail","hentry","category-gerencia"],"_links":{"self":[{"href":"https:\/\/elmundodelosnegocios.com.do\/v1\/wp-json\/wp\/v2\/posts\/4767","targetHints":{"allow":["GET"]}}],"collection":[{"href":"https:\/\/elmundodelosnegocios.com.do\/v1\/wp-json\/wp\/v2\/posts"}],"about":[{"href":"https:\/\/elmundodelosnegocios.com.do\/v1\/wp-json\/wp\/v2\/types\/post"}],"author":[{"embeddable":true,"href":"https:\/\/elmundodelosnegocios.com.do\/v1\/wp-json\/wp\/v2\/users\/2"}],"replies":[{"embeddable":true,"href":"https:\/\/elmundodelosnegocios.com.do\/v1\/wp-json\/wp\/v2\/comments?post=4767"}],"version-history":[{"count":0,"href":"https:\/\/elmundodelosnegocios.com.do\/v1\/wp-json\/wp\/v2\/posts\/4767\/revisions"}],"wp:featuredmedia":[{"embeddable":true,"href":"https:\/\/elmundodelosnegocios.com.do\/v1\/wp-json\/wp\/v2\/media\/4768"}],"wp:attachment":[{"href":"https:\/\/elmundodelosnegocios.com.do\/v1\/wp-json\/wp\/v2\/media?parent=4767"}],"wp:term":[{"taxonomy":"category","embeddable":true,"href":"https:\/\/elmundodelosnegocios.com.do\/v1\/wp-json\/wp\/v2\/categories?post=4767"},{"taxonomy":"post_tag","embeddable":true,"href":"https:\/\/elmundodelosnegocios.com.do\/v1\/wp-json\/wp\/v2\/tags?post=4767"}],"curies":[{"name":"wp","href":"https:\/\/api.w.org\/{rel}","templated":true}]}}