{"id":4787,"date":"2021-04-14T09:23:49","date_gmt":"2021-04-14T13:53:49","guid":{"rendered":"http:\/\/elmundodelosnegocios.com.do\/v1\/?p=4787"},"modified":"2021-04-14T09:23:49","modified_gmt":"2021-04-14T13:53:49","slug":"importantes-organizaciones-unen-para-formacion-capital-humano-region-este","status":"publish","type":"post","link":"https:\/\/elmundodelosnegocios.com.do\/v1\/importantes-organizaciones-unen-para-formacion-capital-humano-region-este\/","title":{"rendered":"Importantes organizaciones unen para formaci\u00f3n capital humano regi\u00f3n Este"},"content":{"rendered":"<p>El Instituto Nacional de Formaci\u00f3n T\u00e9cnico Profesional (INFOTEP); la Fundaci\u00f3n Grupo Puntacana; la Asociaci\u00f3n de Hoteles y Proyectos Tur\u00edsticos de la Zona Este (ASOLESTE); y el Cl\u00faster Tur\u00edstico La Altagracia unir\u00e1n esfuerzos para ejecutar un programa de formaci\u00f3n, capacitaci\u00f3n y especializaci\u00f3n del capital humano de la zona Este del pa\u00eds, para impulsar la productividad y competitividad del sector tur\u00edstico de la regi\u00f3n. <\/p>\n<p>Las entidades, representadas por Rafael Santos Bad\u00eda, Director General del INFOTEP, Frank Rainieri Marranzini, presidente del Grupo Puntacana, y Manuel Ernesto Veloz, presidente de ASOLESTE y del  Cl\u00faster Tur\u00edstico La Altagracia, firmaron un acuerdo de colaboraci\u00f3n que tendr\u00e1 una vigencia de cinco a\u00f1os.<\/p>\n<p>El Director General del INFOTEP indic\u00f3 que esta firma se enmarca en los planes del presidente de la Rep\u00fablica, Luis Abinader, de impulsar el turismo y la generaci\u00f3n de 600 mil nuevos empleos en el sector privado.<\/p>\n<p>Santos Bad\u00eda expuso que uno de los puntos m\u00e1s importantes del acuerdo es la construcci\u00f3n y puesta en ejecuci\u00f3n del Centro Internacional de Formaci\u00f3n Profesional Puntacana, \u201cLa Ciudad del Saber\u201d, para el cual qued\u00f3 constituido un comit\u00e9 gestor y consultivo, para su edificaci\u00f3n y posterior operatividad.<\/p>\n<p>\u201cEste importante convenio procura, de manera efectiva, atender demandas de formaci\u00f3n de las empresas, as\u00ed como mejorar los empleos y oportunidades en las empresas del Este y de todo el pa\u00eds, con especial atenci\u00f3n al sector de hoteler\u00eda y turismo, para as\u00ed seguir fortaleciendo la confianza del turista extranjero y nativo\u201d, precis\u00f3.<\/p>\n<p>Frank Rainieri Marranzini, presidente del Grupo Puntacana, expres\u00f3: \u201cDesde nuestros inicios hace 50 a\u00f1os hemos estado comprometidos con la educaci\u00f3n y la formaci\u00f3n integral de nuestros colaboradores y las comunidades de la provincia La Altagracia\u201d.<\/p>\n<p>\u201cEsta alianza p\u00fablico- privada tiene como principal objetivo el fortalecimiento del sector turismo, principal motor de la econom\u00eda nacional y a su vez brindar oportunidades de capacitaci\u00f3n y crecimiento al personal humano de la zona\u201d, resalt\u00f3 Rainieri. <\/p>\n<p>Asegur\u00f3 que con el convenio, \u201cel Grupo Punta Cana, ASOLESTE  y el Cl\u00faster Tur\u00edstico de La Altagracia consolidan, junto al INFOTEP,  un importante avance en la provisi\u00f3n de los recursos humanos y talentos que esta se\u00f1era regi\u00f3n tur\u00edstica sigue requiriendo con su cada vez m\u00e1s pujante y creciente expansi\u00f3n\u201d.<\/p>\n<p>Alcances de la alianza<\/p>\n<p>De acuerdo al convenio, las cuatro entidades llevar\u00e1n a cabo un conjunto de acciones encaminadas al fortalecimiento del sector turismo, principal motor de la econom\u00eda nacional.<\/p>\n<p>El acuerdo impactar\u00e1 de manera positiva a los habitantes del Distrito Municipal Tur\u00edstico Ver\u00f3n &#8211; Punta Cana, y a sus comunidades Juanillo, Punta Cana, B\u00e1varo, Macao, Uvero Alto, Cabeza de Toro y La Ceiba.<\/p>\n<p>Con esta firma se busca la formaci\u00f3n t\u00e9cnico profesional y mejoramiento de la gesti\u00f3n administrativa, operacional, productiva, comercial y de calidad en los servicios que prestan las empresas del sector tur\u00edstico.<\/p>\n<p>Adem\u00e1s, impulsar los servicios de la \u00b4\u00b4Escuela de Hoteler\u00eda, Gastronom\u00eda y Pasteler\u00eda de Hig\u00fcey\u00b4\u00b4 del INFOTEP, acorde con la demanda de la industria tur\u00edstica de la regi\u00f3n.<\/p>\n<p>Las entidades se comprometieron adem\u00e1s con la intermediaci\u00f3n laboral y pasant\u00edas enfocadas en los j\u00f3venes participantes de las acciones formativas implementadas dentro del marco de este Acuerdo.<\/p>\n<p>Tambi\u00e9n ser\u00e1n incorporadas nuevas carreras para la formaci\u00f3n de trabajadores para mantenimiento y operaci\u00f3n de campos de golf, Cadi (ayudante de golf), Paisajistas, Contabilidad, Banca Comercial, Ciberseguridad y Rob\u00f3tica, entre otras.<\/p>\n<p>El INFOTEP, adem\u00e1s, se comprometi\u00f3 a formar al personal docente del Grupo Puntacana, de ASOLESTE y del Cl\u00faster Tur\u00edstico La Altagracia, como Facilitador de la Formaci\u00f3n T\u00e9cnico Profesional.<\/p>\n<p>La entidad tripartita brindar\u00e1 a esas entidades la asesor\u00eda y asistencia t\u00e9cnica necesarias con respecto a la gesti\u00f3n del conocimiento, as\u00ed como en lo relativo a la implementaci\u00f3n de los programas que conforman el Servicio de Apoyo a la Productividad.<\/p>\n<p>El \u00f3rgano rector de la formaci\u00f3n t\u00e9cnico profesional tambi\u00e9n designar\u00e1 y cubrir\u00e1  los costos de las horas de instrucci\u00f3n del personal docente, acorde a las necesidades de formaci\u00f3n consensuadas entre los firmantes, previa planificaci\u00f3n anual y presupuesto disponible a ser convenido con anterioridad.<\/p>\n<p>De su lado, el Grupo Puntacana, ASOLESTE y el Cl\u00faster Tur\u00edstico La Altagracia  se comprometieron, entre puntos, con promover entre sus miembros afiliados, el pago oportuno y regular de los aportes establecidos en la Ley N\u00famero 116-80, sobre financiaci\u00f3n del INFOTEP.<\/p>\n<p>La firma del acuerdo se llev\u00f3 a cabo en las instalaciones del Grupo Puntacana y estuvo encabezada por el presidente de esa firma, Frank Rainieri; el Director General del INFOTEP, Rafael Santos Bad\u00eda; el presidente de ASOLESTE, Ernesto Veloz; as\u00ed como la gobernadora, Martina Pep\u00e9n, el senador Virgilio Cedano, respectivamente, de la provincia La Altagracia, y Ram\u00f3n Antonio Ram\u00edrez, director del distrito municipal tur\u00edstico de Ver\u00f3n-Punta Cana.<\/p>\n<p>Estuvieron presentes, tambi\u00e9n, Bernardo Orlando Almonte, gerente regional del INFOTEP; Paul Beswick, director de la Fundaci\u00f3n Grupo Puntacana; y Manolo Ram\u00edrez (Pupilo), secretario general de la Confederaci\u00f3n Aut\u00f3noma Sindical Clasista (CASC), en la provincia La Altagracia, entre otras personalidades.<\/p>\n","protected":false},"excerpt":{"rendered":"<p>El Instituto Nacional de Formaci\u00f3n T\u00e9cnico Profesional (INFOTEP); la Fundaci\u00f3n Grupo Puntacana; la Asociaci\u00f3n de Hoteles y Proyectos Tur\u00edsticos de la Zona Este (ASOLESTE); y el Cl\u00faster Tur\u00edstico La Altagracia&hellip; <\/p>\n","protected":false},"author":2,"featured_media":4788,"comment_status":"open","ping_status":"open","sticky":false,"template":"","format":"standard","meta":{"fifu_image_url":"","fifu_image_alt":"","footnotes":""},"categories":[151],"tags":[],"class_list":["post-4787","post","type-post","status-publish","format-standard","has-post-thumbnail","hentry","category-gerencia"],"_links":{"self":[{"href":"https:\/\/elmundodelosnegocios.com.do\/v1\/wp-json\/wp\/v2\/posts\/4787","targetHints":{"allow":["GET"]}}],"collection":[{"href":"https:\/\/elmundodelosnegocios.com.do\/v1\/wp-json\/wp\/v2\/posts"}],"about":[{"href":"https:\/\/elmundodelosnegocios.com.do\/v1\/wp-json\/wp\/v2\/types\/post"}],"author":[{"embeddable":true,"href":"https:\/\/elmundodelosnegocios.com.do\/v1\/wp-json\/wp\/v2\/users\/2"}],"replies":[{"embeddable":true,"href":"https:\/\/elmundodelosnegocios.com.do\/v1\/wp-json\/wp\/v2\/comments?post=4787"}],"version-history":[{"count":0,"href":"https:\/\/elmundodelosnegocios.com.do\/v1\/wp-json\/wp\/v2\/posts\/4787\/revisions"}],"wp:featuredmedia":[{"embeddable":true,"href":"https:\/\/elmundodelosnegocios.com.do\/v1\/wp-json\/wp\/v2\/media\/4788"}],"wp:attachment":[{"href":"https:\/\/elmundodelosnegocios.com.do\/v1\/wp-json\/wp\/v2\/media?parent=4787"}],"wp:term":[{"taxonomy":"category","embeddable":true,"href":"https:\/\/elmundodelosnegocios.com.do\/v1\/wp-json\/wp\/v2\/categories?post=4787"},{"taxonomy":"post_tag","embeddable":true,"href":"https:\/\/elmundodelosnegocios.com.do\/v1\/wp-json\/wp\/v2\/tags?post=4787"}],"curies":[{"name":"wp","href":"https:\/\/api.w.org\/{rel}","templated":true}]}}