{"id":4797,"date":"2021-04-15T06:42:14","date_gmt":"2021-04-15T11:12:14","guid":{"rendered":"http:\/\/elmundodelosnegocios.com.do\/v1\/?p=4797"},"modified":"2021-04-15T06:42:14","modified_gmt":"2021-04-15T11:12:14","slug":"designan-freig-vp-operaciones-internacionales-american","status":"publish","type":"post","link":"https:\/\/elmundodelosnegocios.com.do\/v1\/designan-freig-vp-operaciones-internacionales-american\/","title":{"rendered":"Designan Freig VP Operaciones Internacionales American"},"content":{"rendered":"<p>Fort Worth, Texas. Abril 2021.\u2013 Jos\u00e9 Freig ha sido nombrado como el nuevo Vicepresidente de Operaciones Internacionales para American Airlines. En su nueva posici\u00f3n, Freig estar\u00e1 al frente de la operaci\u00f3n de la aerol\u00ednea en Latinoam\u00e9rica, el Caribe, Canad\u00e1, Europa, Asia\/Pac\u00edfico y Premium Guest Services.<\/p>\n<p>\u201cEs un gran orgullo para m\u00ed asumir la direcci\u00f3n de las operaciones internacionales de American. La integraci\u00f3n de todos nuestros equipos alrededor del mundo nos ofrecer\u00e1 una oportunidad \u00fanica de crear nuevas sinergias y compartir mejores pr\u00e1cticas, jugando un papel clave en la recuperaci\u00f3n de American\u201d, coment\u00f3 Freig.<\/p>\n<p>Freig se incorpor\u00f3 a American en el 2008 como Director General de Asuntos Gubernamentales Internacionales y Director de Seguridad para American. Desde el 2018, Freig se ha desempe\u00f1ado como Director General de American para Am\u00e9rica Latina y el Caribe y m\u00e1s recientemente ha ayudado a liderar la respuesta de la aerol\u00ednea al COVID-19, coordinando los esfuerzos de recuperaci\u00f3n.<\/p>\n<p>La divisi\u00f3n Internacional de American actualmente incluye una red global de m\u00e1s de 110 destinos y un equipo de m\u00e1s de 6,000 empleados. Este a\u00f1o la aerol\u00ednea planifica continuar con su recuperaci\u00f3n global y adem\u00e1s inaugurar\u00e1 servicio a nuevos destinos internacionales, incluyendo Tel Aviv, Israel (TLV), Bengaluru, India (BLR), Paramaribo, Surinam (PBM) y Saman\u00e1, Rep\u00fablica Dominicana.<\/p>\n<p>Sobre American Airlines Group<\/p>\n<p>El prop\u00f3sito de American es cuidar a las personas en la jornada de la vida. Las acciones de American Airlines Group Inc. se comercializan en Nasdaq bajo el s\u00edmbolo AAL y las acciones de la compa\u00f1\u00eda est\u00e1n incluidas en el S&#038;P 500. Conozca m\u00e1s sobre lo que est\u00e1 sucediendo en American visitando news.aa.com y con\u00e9ctese con American en Twitter @AmericanAir y en Facebook.com\/AmericanAirlines.<\/p>\n","protected":false},"excerpt":{"rendered":"<p>Fort Worth, Texas. Abril 2021.\u2013 Jos\u00e9 Freig ha sido nombrado como el nuevo Vicepresidente de Operaciones Internacionales para American Airlines. En su nueva posici\u00f3n, Freig estar\u00e1 al frente de la&hellip; <\/p>\n","protected":false},"author":2,"featured_media":4798,"comment_status":"open","ping_status":"open","sticky":false,"template":"","format":"standard","meta":{"fifu_image_url":"","fifu_image_alt":"","footnotes":""},"categories":[169],"tags":[],"class_list":["post-4797","post","type-post","status-publish","format-standard","has-post-thumbnail","hentry","category-transporte-internacional"],"_links":{"self":[{"href":"https:\/\/elmundodelosnegocios.com.do\/v1\/wp-json\/wp\/v2\/posts\/4797","targetHints":{"allow":["GET"]}}],"collection":[{"href":"https:\/\/elmundodelosnegocios.com.do\/v1\/wp-json\/wp\/v2\/posts"}],"about":[{"href":"https:\/\/elmundodelosnegocios.com.do\/v1\/wp-json\/wp\/v2\/types\/post"}],"author":[{"embeddable":true,"href":"https:\/\/elmundodelosnegocios.com.do\/v1\/wp-json\/wp\/v2\/users\/2"}],"replies":[{"embeddable":true,"href":"https:\/\/elmundodelosnegocios.com.do\/v1\/wp-json\/wp\/v2\/comments?post=4797"}],"version-history":[{"count":0,"href":"https:\/\/elmundodelosnegocios.com.do\/v1\/wp-json\/wp\/v2\/posts\/4797\/revisions"}],"wp:featuredmedia":[{"embeddable":true,"href":"https:\/\/elmundodelosnegocios.com.do\/v1\/wp-json\/wp\/v2\/media\/4798"}],"wp:attachment":[{"href":"https:\/\/elmundodelosnegocios.com.do\/v1\/wp-json\/wp\/v2\/media?parent=4797"}],"wp:term":[{"taxonomy":"category","embeddable":true,"href":"https:\/\/elmundodelosnegocios.com.do\/v1\/wp-json\/wp\/v2\/categories?post=4797"},{"taxonomy":"post_tag","embeddable":true,"href":"https:\/\/elmundodelosnegocios.com.do\/v1\/wp-json\/wp\/v2\/tags?post=4797"}],"curies":[{"name":"wp","href":"https:\/\/api.w.org\/{rel}","templated":true}]}}