{"id":4818,"date":"2021-04-15T07:19:54","date_gmt":"2021-04-15T11:49:54","guid":{"rendered":"http:\/\/elmundodelosnegocios.com.do\/v1\/?p=4818"},"modified":"2021-04-15T07:20:21","modified_gmt":"2021-04-15T11:50:21","slug":"universidad-apec-propone-solucion-definitiva-a-los-vertederos-de-puerto-plata","status":"publish","type":"post","link":"https:\/\/elmundodelosnegocios.com.do\/v1\/universidad-apec-propone-solucion-definitiva-a-los-vertederos-de-puerto-plata\/","title":{"rendered":"Universidad Apec propone soluci\u00f3n definitiva a los vertederos de Puerto Plata"},"content":{"rendered":"<p>La Direcci\u00f3n de Investigaci\u00f3n del Centro Internacional de Altos Estudios y la Facultad de Ingenier\u00eda de la Universidad Apec han estructurado un importante proyecto para un nuevo sitio de disposici\u00f3n final, con enfoque regional y mancomunado, para la gesti\u00f3n de los residuos s\u00f3lidos de Puerto Plata, una de las zonas de mayor relevancia tur\u00edstica para la Rep\u00fablica Dominicana.  <\/p>\n<p>La situaci\u00f3n actual del vertedero a cielo abierto de Puerta plata Requiere de un cierre t\u00e9cnico y de una nueva ubicaci\u00f3n para ensamblar un proyecto de relleno sanitario que cumpla con el consenso de todos los sectores de la zona, con todos los est\u00e1ndares t\u00e9cnicos y medio ambientales. El objetivo principal es evitar que se genere un pasivo ambiental que contamine los cuerpos de agua, suelos y proteja la salud de la gente. <\/p>\n<p>UNAPEC, consciente de esta situaci\u00f3n propone una soluci\u00f3n al vertido final que permita el tratamiento adecuado de los residuos basado en el principio de la econom\u00eda circular. El proyecto pretende presentar dos zonas adecuadas para la ubicaci\u00f3n del nuevo sitio de disposici\u00f3n final y los t\u00e9rminos de referencia para la ejecuci\u00f3n del proyecto bajo la modalidad de alianza p\u00fablico-privada. <\/p>\n<p>Este proyecto constituye un aporte al desarrollo sostenible de Puerto Plata porque se contempla acercar nuevas tecnolog\u00edas internacionales al pa\u00eds, con el fin de aprovechar los residuos para la generaci\u00f3n de energ\u00eda y reciclar para generar subproductos que puedan ser utilizados por industria local e internacional.<br \/>\nUNAPEC contin\u00faa su trabajo en proyectos con impacto econ\u00f3mico y social poniendo como eje la atenci\u00f3n en la soluci\u00f3n a las necesidades ambientales en el pa\u00eds.<\/p>\n","protected":false},"excerpt":{"rendered":"<p>La Direcci\u00f3n de Investigaci\u00f3n del Centro Internacional de Altos Estudios y la Facultad de Ingenier\u00eda de la Universidad Apec han estructurado un importante proyecto para un nuevo sitio de disposici\u00f3n&hellip; <\/p>\n","protected":false},"author":2,"featured_media":4819,"comment_status":"open","ping_status":"open","sticky":false,"template":"","format":"standard","meta":{"fifu_image_url":"","fifu_image_alt":"","footnotes":""},"categories":[69],"tags":[],"class_list":["post-4818","post","type-post","status-publish","format-standard","has-post-thumbnail","hentry","category-construccion"],"_links":{"self":[{"href":"https:\/\/elmundodelosnegocios.com.do\/v1\/wp-json\/wp\/v2\/posts\/4818","targetHints":{"allow":["GET"]}}],"collection":[{"href":"https:\/\/elmundodelosnegocios.com.do\/v1\/wp-json\/wp\/v2\/posts"}],"about":[{"href":"https:\/\/elmundodelosnegocios.com.do\/v1\/wp-json\/wp\/v2\/types\/post"}],"author":[{"embeddable":true,"href":"https:\/\/elmundodelosnegocios.com.do\/v1\/wp-json\/wp\/v2\/users\/2"}],"replies":[{"embeddable":true,"href":"https:\/\/elmundodelosnegocios.com.do\/v1\/wp-json\/wp\/v2\/comments?post=4818"}],"version-history":[{"count":0,"href":"https:\/\/elmundodelosnegocios.com.do\/v1\/wp-json\/wp\/v2\/posts\/4818\/revisions"}],"wp:featuredmedia":[{"embeddable":true,"href":"https:\/\/elmundodelosnegocios.com.do\/v1\/wp-json\/wp\/v2\/media\/4819"}],"wp:attachment":[{"href":"https:\/\/elmundodelosnegocios.com.do\/v1\/wp-json\/wp\/v2\/media?parent=4818"}],"wp:term":[{"taxonomy":"category","embeddable":true,"href":"https:\/\/elmundodelosnegocios.com.do\/v1\/wp-json\/wp\/v2\/categories?post=4818"},{"taxonomy":"post_tag","embeddable":true,"href":"https:\/\/elmundodelosnegocios.com.do\/v1\/wp-json\/wp\/v2\/tags?post=4818"}],"curies":[{"name":"wp","href":"https:\/\/api.w.org\/{rel}","templated":true}]}}