{"id":4831,"date":"2021-04-15T07:54:21","date_gmt":"2021-04-15T12:24:21","guid":{"rendered":"http:\/\/elmundodelosnegocios.com.do\/v1\/?p=4831"},"modified":"2021-04-15T07:54:21","modified_gmt":"2021-04-15T12:24:21","slug":"fedex-express-contempla-nuevas-inversiones-en-republica-dominicana","status":"publish","type":"post","link":"https:\/\/elmundodelosnegocios.com.do\/v1\/fedex-express-contempla-nuevas-inversiones-en-republica-dominicana\/","title":{"rendered":"Fedex Express contempla nuevas inversiones en Republica Dominicana"},"content":{"rendered":"<p>La empresa Fedex Express contempla realizar nuevas inversiones en Rep\u00fablica Dominicana dentro de su plan estrat\u00e9gico de los pr\u00f3ximos cinco a\u00f1os, debido a que el pa\u00eds representa un mercado muy importante en la regi\u00f3n del Caribe.<\/p>\n<p>As\u00ed lo revel\u00f3 el director de operaciones de la Divisi\u00f3n Am\u00e9rica Latina y el Caribe de Fedex Express, Rolando Medina, que ofreci\u00f3 detalles del Programa FedEx para Peque\u00f1as y Medianas Empresas que se realiza por primera vez en el pa\u00eds, desde el 29 de marzo hasta el 13 de junio 2021.<\/p>\n<p>Medina destac\u00f3 que es de mucha alegr\u00eda lanzar el programa en el pa\u00eds, el cual se enfoca s\u00f3lo en peque\u00f1as y microempresas, debido a la importancia que tienen para la econom\u00eda nacional.<\/p>\n<p>Explic\u00f3 que entre las condiciones para que las empresas puedan participar en el programa figuran que sean con fines de lucro, sede en Rep\u00fablica Dominicana para el 29 de marzo de 2021 y hayan estado operando continuamente durante seis meses o m\u00e1s.<\/p>\n<p>Se\u00f1al\u00f3 que los premios ser\u00e1n: primer lugar RD$1,170,000; segundo lugar RD$819,000 y para los dem\u00e1s ocho lugares: los premios oscilar\u00e1n entre RD$468,000 y RD$58,500.<br \/>\nIndic\u00f3 que para aplicar los participantes deben visitar fedex.com\/programafedex\/do e ingresar la informaci\u00f3n de su compa\u00f1\u00eda, plan de negocio y cargar cuatro fotos de su empresa o producto, incluido el logotipo de la compa\u00f1\u00eda entre las cuatro fotos.<\/p>\n<p>Dijo que seleccionar\u00e1n 20 empresas finalistas, que ser\u00e1n anunciadas el 21 de junio 2021 y los 10 ganadores finales el 30 de junio de 2021 en fedex.com\/programafedex\/do.<\/p>\n","protected":false},"excerpt":{"rendered":"<p>La empresa Fedex Express contempla realizar nuevas inversiones en Rep\u00fablica Dominicana dentro de su plan estrat\u00e9gico de los pr\u00f3ximos cinco a\u00f1os, debido a que el pa\u00eds representa un mercado muy&hellip; <\/p>\n","protected":false},"author":2,"featured_media":4832,"comment_status":"open","ping_status":"open","sticky":false,"template":"","format":"standard","meta":{"fifu_image_url":"","fifu_image_alt":"","footnotes":""},"categories":[155],"tags":[],"class_list":["post-4831","post","type-post","status-publish","format-standard","has-post-thumbnail","hentry","category-inversiones"],"_links":{"self":[{"href":"https:\/\/elmundodelosnegocios.com.do\/v1\/wp-json\/wp\/v2\/posts\/4831","targetHints":{"allow":["GET"]}}],"collection":[{"href":"https:\/\/elmundodelosnegocios.com.do\/v1\/wp-json\/wp\/v2\/posts"}],"about":[{"href":"https:\/\/elmundodelosnegocios.com.do\/v1\/wp-json\/wp\/v2\/types\/post"}],"author":[{"embeddable":true,"href":"https:\/\/elmundodelosnegocios.com.do\/v1\/wp-json\/wp\/v2\/users\/2"}],"replies":[{"embeddable":true,"href":"https:\/\/elmundodelosnegocios.com.do\/v1\/wp-json\/wp\/v2\/comments?post=4831"}],"version-history":[{"count":0,"href":"https:\/\/elmundodelosnegocios.com.do\/v1\/wp-json\/wp\/v2\/posts\/4831\/revisions"}],"wp:featuredmedia":[{"embeddable":true,"href":"https:\/\/elmundodelosnegocios.com.do\/v1\/wp-json\/wp\/v2\/media\/4832"}],"wp:attachment":[{"href":"https:\/\/elmundodelosnegocios.com.do\/v1\/wp-json\/wp\/v2\/media?parent=4831"}],"wp:term":[{"taxonomy":"category","embeddable":true,"href":"https:\/\/elmundodelosnegocios.com.do\/v1\/wp-json\/wp\/v2\/categories?post=4831"},{"taxonomy":"post_tag","embeddable":true,"href":"https:\/\/elmundodelosnegocios.com.do\/v1\/wp-json\/wp\/v2\/tags?post=4831"}],"curies":[{"name":"wp","href":"https:\/\/api.w.org\/{rel}","templated":true}]}}