{"id":4834,"date":"2021-04-15T09:21:56","date_gmt":"2021-04-15T13:51:56","guid":{"rendered":"http:\/\/elmundodelosnegocios.com.do\/v1\/?p=4834"},"modified":"2021-04-15T09:21:56","modified_gmt":"2021-04-15T13:51:56","slug":"celebra-seguros-reservas-trayectoria-y-presenta-memorias-xix-aniversario","status":"publish","type":"post","link":"https:\/\/elmundodelosnegocios.com.do\/v1\/celebra-seguros-reservas-trayectoria-y-presenta-memorias-xix-aniversario\/","title":{"rendered":"Celebra Seguros Reservas trayectoria y presenta memorias XIX Aniversario"},"content":{"rendered":"<p>Santo Domingo. \u2013 Seguros Reservas celebr\u00f3 la trayectoria de su d\u00e9cimo noveno aniversario de servicios en el mercado asegurador dominicano junto a clientes, intermediaros, colaboradores y amigos, mediante un encuentro realizado en los Jardines del Hotel El Embajador, en un ambiente \u00edntimo cargado de entusiasmo y felicitaciones por los a\u00f1os de logros obtenidos y la extraordinaria labor de su equipo. <\/p>\n<p>Durante la actividad se presentaron la memoria correspondiente al a\u00f1o 2020 y se premiaron a los intermediarios de la zona Norte, Sur, Este y Metropolitana que lograron los objetivos de producci\u00f3n establecidos durante el pasado a\u00f1o 2020.<\/p>\n<p>Los presentes se mostraron sorprendidos al conocer los nuevos planes, servicios y productos que la empresa ha lanzado en favor de la sostenibilidad y responsabilidad social, como ha sido el lanzamiento de su nuevo seguro de salud internacional Just, Auto Inspecci\u00f3n, los convenios, acuerdos de colaboraci\u00f3n y donaciones realizados con el objetivo de apoyar comunidades y sectores menos favorecidos, as\u00ed como, los proyectos, iniciativas y actividades enfocadas en la concientizaci\u00f3n del medio ambiente, la educaci\u00f3n, el arte y la cultura.<\/p>\n<p>Durante el evento se present\u00f3 al staff ejecutivo de la instituci\u00f3n aseguradora, el cual cuenta con profesionales de amplia trayectoria y de gran trascendencia en el sector, poniendo siempre en alto los valores que definen su identidad corporativa.<\/p>\n<p>La actividad estuvo encabezada por el Administrador General y Presidente del Consejo Administrativo del Banco de Reservas, el se\u00f1or Samuel Pereyra, por el Vicepresidente Ejecutivo de Seguros Reservas, el se\u00f1or V\u00edctor J. Rojas y los principales ejecutivos de la instituci\u00f3n aseguradora.    <\/p>\n<p>El se\u00f1or Samuel Pereyra, sostuvo que celebra y comparte el notable desempe\u00f1o que ha logrado Seguros Reservas durante el 2020, reflejo del esfuerzo y la entrega de cada integrante de este maravilloso equipo, donde se logr\u00f3 excelentes indicadores financieros y de desempe\u00f1o en los \u00faltimos 6 meses, reflejando una gesti\u00f3n de cobros y producci\u00f3n hist\u00f3rica, que a pesar de las situaciones que el pasado a\u00f1o trajo consigo sobre el crecimiento desacelerado de la econom\u00eda y los desafiantes retos a los que fue sometido, pusieron a prueba su capacidad y creatividad para lograr sobreponerse ante la adversidad, sirviendo esto para el desarrollo e implementaci\u00f3n de innovadores procesos de reinvenci\u00f3n, enfoque y creaci\u00f3n de nuevas oportunidades de negocio. <\/p>\n<p>De su lado, el Se\u00f1or V\u00edctor Rojas, se mostr\u00f3 altamente gratificado por el capital humano profesional, que labora y se compromete cada d\u00eda a hacer de Seguros Reservas, ese lugar donde todos los dominicanos tengan acceso a las mejores soluciones con calidad y eficiencia corporativa, y a su vez agradeci\u00f3 el apoyo irrestricto del Banco de Reservas por la oportunidad de ser el respaldo y garant\u00eda directa de los proyectos de financiaci\u00f3n del pa\u00eds.<\/p>\n<p>Agreg\u00f3 que el posicionamiento que hoy mantiene Seguros Reservas, tambi\u00e9n es el resultado del apoyo continuo de los corredores de seguros, sus clientes y de la extraordinaria labor del personal, para seguir contribuyendo al desarrollo de la econom\u00eda del pa\u00eds y as\u00ed optimizar y crear nuevos productos y servicios, concentrando esfuerzos para liderar el sector asegurador de manera moderna, inclusiva y confiable.<br \/>\nAsistieron al evento, empresarios, funcionarios, aliados estrat\u00e9gicos, personalidades, miembros del Consejo de Administraci\u00f3n del Banco de Reservas y Seguros Reservas, as\u00ed como relacionados al sector asegurador nacional.<\/p>\n","protected":false},"excerpt":{"rendered":"<p>Santo Domingo. \u2013 Seguros Reservas celebr\u00f3 la trayectoria de su d\u00e9cimo noveno aniversario de servicios en el mercado asegurador dominicano junto a clientes, intermediaros, colaboradores y amigos, mediante un encuentro&hellip; <\/p>\n","protected":false},"author":2,"featured_media":4835,"comment_status":"open","ping_status":"open","sticky":false,"template":"","format":"standard","meta":{"fifu_image_url":"","fifu_image_alt":"","footnotes":""},"categories":[157],"tags":[],"class_list":["post-4834","post","type-post","status-publish","format-standard","has-post-thumbnail","hentry","category-marketing"],"_links":{"self":[{"href":"https:\/\/elmundodelosnegocios.com.do\/v1\/wp-json\/wp\/v2\/posts\/4834","targetHints":{"allow":["GET"]}}],"collection":[{"href":"https:\/\/elmundodelosnegocios.com.do\/v1\/wp-json\/wp\/v2\/posts"}],"about":[{"href":"https:\/\/elmundodelosnegocios.com.do\/v1\/wp-json\/wp\/v2\/types\/post"}],"author":[{"embeddable":true,"href":"https:\/\/elmundodelosnegocios.com.do\/v1\/wp-json\/wp\/v2\/users\/2"}],"replies":[{"embeddable":true,"href":"https:\/\/elmundodelosnegocios.com.do\/v1\/wp-json\/wp\/v2\/comments?post=4834"}],"version-history":[{"count":0,"href":"https:\/\/elmundodelosnegocios.com.do\/v1\/wp-json\/wp\/v2\/posts\/4834\/revisions"}],"wp:featuredmedia":[{"embeddable":true,"href":"https:\/\/elmundodelosnegocios.com.do\/v1\/wp-json\/wp\/v2\/media\/4835"}],"wp:attachment":[{"href":"https:\/\/elmundodelosnegocios.com.do\/v1\/wp-json\/wp\/v2\/media?parent=4834"}],"wp:term":[{"taxonomy":"category","embeddable":true,"href":"https:\/\/elmundodelosnegocios.com.do\/v1\/wp-json\/wp\/v2\/categories?post=4834"},{"taxonomy":"post_tag","embeddable":true,"href":"https:\/\/elmundodelosnegocios.com.do\/v1\/wp-json\/wp\/v2\/tags?post=4834"}],"curies":[{"name":"wp","href":"https:\/\/api.w.org\/{rel}","templated":true}]}}