{"id":4858,"date":"2021-04-15T10:23:34","date_gmt":"2021-04-15T14:53:34","guid":{"rendered":"http:\/\/elmundodelosnegocios.com.do\/v1\/?p=4858"},"modified":"2021-04-15T10:23:34","modified_gmt":"2021-04-15T14:53:34","slug":"exige-gobierno-razones-paralizacion-presa-monte-grande-2","status":"publish","type":"post","link":"https:\/\/elmundodelosnegocios.com.do\/v1\/exige-gobierno-razones-paralizacion-presa-monte-grande-2\/","title":{"rendered":"Exige gobierno razones paralizaci\u00f3n presa Monte Grande"},"content":{"rendered":"<p>SANTO DOMINGO: El senador Jos\u00e9 del Castillo Savi\u00f1\u00f3n, pidi\u00f3<br \/>\nal Presidente Luis Abinader, y al director del Indrhi Olmedo Caba, que<br \/>\nexpliquen al pa\u00eds las razones por las cuales la construcci\u00f3n presa de<br \/>\nMonte Grande est\u00e1 paralizada.<\/p>\n<p>El representante en el senado por la provincia de Barahona Barahona,<br \/>\nexpres\u00f3 que ped\u00eda la explicaci\u00f3n porque un  peri\u00f3dico de circulaci\u00f3n<br \/>\nnacional public\u00f3 el pasado s\u00e1bado que Monte Grande, estaba frenada de<br \/>\nnuevo por la falta de recursos.<\/p>\n<p>Seg\u00fan el legislador en el Presupuesto General del Estado para este a\u00f1o<br \/>\nque aprob\u00f3 el Congreso Nacional se asignaron recursos multimillonarios<br \/>\npara la terminaci\u00f3n de la obra.<\/p>\n<p>\u00ab250 millones del Fondo General de la Naci\u00f3n y un cr\u00e9dito aprobado por<br \/>\nel Banco Centroamericano de Inversi\u00f3n, que en pesos se traduce en<br \/>\ncuatro mil 293 millones de pesos, es lo contemplado en el presupuesto<br \/>\nde este a\u00f1o para Monte Grande\u00bb, se\u00f1al\u00f3 el congresista.<\/p>\n<p>Del Castillo Savi\u00f1\u00f3n, explic\u00f3 que esta obra tiene asignado 4500<br \/>\nmillones de pesos para su ejecuci\u00f3n.<\/p>\n<p>No se explica o quisiera yo que me explicaran, y entiendo que es un<br \/>\ndeseo tambi\u00e9n de los dem\u00e1s legisladores  de la regi\u00f3n  Enriquillo y de<br \/>\nlos pobladores que han luchado para que se construya esta obra de<br \/>\ninfraestructura tan fundamental y que tantos aportes generar\u00e1 a la<br \/>\nregi\u00f3n, como carece de recursos para continuar la construcci\u00f3n\u00bb,<br \/>\nsubray\u00f3  del Castillo Savi\u00f1\u00f3n.<\/p>\n<p>Resalt\u00f3 que el llamado Metro del Sur, que es la Presa de Monte Grande,<br \/>\n es una obra de infraestructura hidr\u00e1ulica que va a aportar de manera<br \/>\nsignificativa al desarrollo de la zona y al pa\u00eds.<\/p>\n<p>Manifest\u00f3 que entre los beneficios que debe generar esta obra est\u00e1 el<br \/>\ncontrol de las inundaciones, porque en cada fen\u00f3meno natural que deje<br \/>\nmuchas lluvias las comunidades de la cuenca baja del r\u00edo Yaque del Sur<br \/>\nsufren bastantes.<\/p>\n<p>Indic\u00f3 que las inundaciones  afectan no solo a los pobladores de estos<br \/>\nlugares, sino tambi\u00e9n a los productores agr\u00edcolas.<\/p>\n<p>Otro tema planteado fue suministro de agua potable para toda la regi\u00f3n<br \/>\nenriquillo, el cual alimentar\u00e1 al acueducto Asuro  que suple de agua<br \/>\nBarahona Independencia y Bahoruco.<\/p>\n<p>Manifiesta que dos metros c\u00fabicos de agua ser\u00e1n inyectados desde la<br \/>\nprensa de Monte Grande.<\/p>\n<p>La optimizaci\u00f3n del sistema de riego prev\u00e9 el aumento de 22 millones<br \/>\nde d\u00f3lares en ingresos netos anuales por la producci\u00f3n de pl\u00e1tano,<br \/>\nguineo, lechosa, sand\u00eda, mel\u00f3n, tomate, aj\u00ed, berenjena con dulces,<br \/>\nma\u00edz y otras frutas y vegetales, sigui\u00f3 diciendo el senador.<\/p>\n<p>En tanto que el ahorro de energ\u00eda equivalente a 3.8 millones de<br \/>\nd\u00f3lares por a\u00f1o al sustituir todo el sistema de bombeo desde el r\u00edo<br \/>\nYaque del Sur para el riego de terrenos agr\u00edcolas en la margen<br \/>\nizquierda en la zona de riego de Barahona, Vicente Noble hasta<br \/>\nPescader\u00eda por un sistema de gravedad.<\/p>\n","protected":false},"excerpt":{"rendered":"<p>SANTO DOMINGO: El senador Jos\u00e9 del Castillo Savi\u00f1\u00f3n, pidi\u00f3 al Presidente Luis Abinader, y al director del Indrhi Olmedo Caba, que expliquen al pa\u00eds las razones por las cuales la&hellip; <\/p>\n","protected":false},"author":2,"featured_media":4859,"comment_status":"open","ping_status":"open","sticky":false,"template":"","format":"standard","meta":{"fifu_image_url":"","fifu_image_alt":"","footnotes":""},"categories":[69],"tags":[],"class_list":["post-4858","post","type-post","status-publish","format-standard","has-post-thumbnail","hentry","category-construccion"],"_links":{"self":[{"href":"https:\/\/elmundodelosnegocios.com.do\/v1\/wp-json\/wp\/v2\/posts\/4858","targetHints":{"allow":["GET"]}}],"collection":[{"href":"https:\/\/elmundodelosnegocios.com.do\/v1\/wp-json\/wp\/v2\/posts"}],"about":[{"href":"https:\/\/elmundodelosnegocios.com.do\/v1\/wp-json\/wp\/v2\/types\/post"}],"author":[{"embeddable":true,"href":"https:\/\/elmundodelosnegocios.com.do\/v1\/wp-json\/wp\/v2\/users\/2"}],"replies":[{"embeddable":true,"href":"https:\/\/elmundodelosnegocios.com.do\/v1\/wp-json\/wp\/v2\/comments?post=4858"}],"version-history":[{"count":0,"href":"https:\/\/elmundodelosnegocios.com.do\/v1\/wp-json\/wp\/v2\/posts\/4858\/revisions"}],"wp:featuredmedia":[{"embeddable":true,"href":"https:\/\/elmundodelosnegocios.com.do\/v1\/wp-json\/wp\/v2\/media\/4859"}],"wp:attachment":[{"href":"https:\/\/elmundodelosnegocios.com.do\/v1\/wp-json\/wp\/v2\/media?parent=4858"}],"wp:term":[{"taxonomy":"category","embeddable":true,"href":"https:\/\/elmundodelosnegocios.com.do\/v1\/wp-json\/wp\/v2\/categories?post=4858"},{"taxonomy":"post_tag","embeddable":true,"href":"https:\/\/elmundodelosnegocios.com.do\/v1\/wp-json\/wp\/v2\/tags?post=4858"}],"curies":[{"name":"wp","href":"https:\/\/api.w.org\/{rel}","templated":true}]}}