{"id":4881,"date":"2021-04-15T11:10:50","date_gmt":"2021-04-15T15:40:50","guid":{"rendered":"http:\/\/elmundodelosnegocios.com.do\/v1\/?p=4881"},"modified":"2021-04-15T11:10:50","modified_gmt":"2021-04-15T15:40:50","slug":"firman-camaras-comercio-santiago-y-tecnologias-informacion-y-comunicacion-acuerdo-colaboracion","status":"publish","type":"post","link":"https:\/\/elmundodelosnegocios.com.do\/v1\/firman-camaras-comercio-santiago-y-tecnologias-informacion-y-comunicacion-acuerdo-colaboracion\/","title":{"rendered":"Firman C\u00e1maras Comercio Santiago y Tecnolog\u00edas Informaci\u00f3n y Comunicaci\u00f3n acuerdo colaboraci\u00f3n"},"content":{"rendered":"<p>La C\u00e1mara de Comercio y Producci\u00f3n de Santiago y la C\u00e1mara Dominicana de las Tecnolog\u00edas de la Informaci\u00f3n y Comunicaci\u00f3n firmaron acuerdo de colaboraci\u00f3n, mediante el cual identifican objetivos e intereses  comunes  en los campos tecnol\u00f3gico, cient\u00edfico y comercial. <\/p>\n<p>La firma de este acuerdo estuvo a cargo de los  presidentes de ambas c\u00e1maras, Carlos Iglesias de CCPS y Arturo L\u00f3pez Valerio de la C\u00e1mara TIC. Expresaron que el tema central es contribuir al mejoramiento econ\u00f3mico y social del pa\u00eds, es de fundamental, estableciendo lazos institucionales que fomenten las relaciones de intercambio en los campos de la tecnolog\u00eda y la cultura empresarial.<\/p>\n<p>Es por esto, que las dos instituciones, sobre la base justa de reciprocidad, consideraron conveniente acrecentar su vinculaci\u00f3n comercial y tecnol\u00f3gica, estableciendo para ello los instrumentos adecuados para promover las aut\u00e9nticas relaciones de beneficio en materia de colaboraci\u00f3n acad\u00e9mica y formativa.<\/p>\n","protected":false},"excerpt":{"rendered":"<p>La C\u00e1mara de Comercio y Producci\u00f3n de Santiago y la C\u00e1mara Dominicana de las Tecnolog\u00edas de la Informaci\u00f3n y Comunicaci\u00f3n firmaron acuerdo de colaboraci\u00f3n, mediante el cual identifican objetivos e&hellip; <\/p>\n","protected":false},"author":2,"featured_media":4882,"comment_status":"open","ping_status":"open","sticky":false,"template":"","format":"standard","meta":{"fifu_image_url":"","fifu_image_alt":"","footnotes":""},"categories":[83],"tags":[],"class_list":["post-4881","post","type-post","status-publish","format-standard","has-post-thumbnail","hentry","category-empresariales-empresariales"],"_links":{"self":[{"href":"https:\/\/elmundodelosnegocios.com.do\/v1\/wp-json\/wp\/v2\/posts\/4881","targetHints":{"allow":["GET"]}}],"collection":[{"href":"https:\/\/elmundodelosnegocios.com.do\/v1\/wp-json\/wp\/v2\/posts"}],"about":[{"href":"https:\/\/elmundodelosnegocios.com.do\/v1\/wp-json\/wp\/v2\/types\/post"}],"author":[{"embeddable":true,"href":"https:\/\/elmundodelosnegocios.com.do\/v1\/wp-json\/wp\/v2\/users\/2"}],"replies":[{"embeddable":true,"href":"https:\/\/elmundodelosnegocios.com.do\/v1\/wp-json\/wp\/v2\/comments?post=4881"}],"version-history":[{"count":0,"href":"https:\/\/elmundodelosnegocios.com.do\/v1\/wp-json\/wp\/v2\/posts\/4881\/revisions"}],"wp:featuredmedia":[{"embeddable":true,"href":"https:\/\/elmundodelosnegocios.com.do\/v1\/wp-json\/wp\/v2\/media\/4882"}],"wp:attachment":[{"href":"https:\/\/elmundodelosnegocios.com.do\/v1\/wp-json\/wp\/v2\/media?parent=4881"}],"wp:term":[{"taxonomy":"category","embeddable":true,"href":"https:\/\/elmundodelosnegocios.com.do\/v1\/wp-json\/wp\/v2\/categories?post=4881"},{"taxonomy":"post_tag","embeddable":true,"href":"https:\/\/elmundodelosnegocios.com.do\/v1\/wp-json\/wp\/v2\/tags?post=4881"}],"curies":[{"name":"wp","href":"https:\/\/api.w.org\/{rel}","templated":true}]}}