{"id":4890,"date":"2021-04-15T21:19:51","date_gmt":"2021-04-16T01:49:51","guid":{"rendered":"http:\/\/elmundodelosnegocios.com.do\/v1\/?p=4890"},"modified":"2021-04-15T21:19:51","modified_gmt":"2021-04-16T01:49:51","slug":"gobierno-y-ue-dialogan-del-programa-para-el-fortalecimiento-de-la-gestion-de-las-finanzas-publicas","status":"publish","type":"post","link":"https:\/\/elmundodelosnegocios.com.do\/v1\/gobierno-y-ue-dialogan-del-programa-para-el-fortalecimiento-de-la-gestion-de-las-finanzas-publicas\/","title":{"rendered":"Gobierno y UE dialogan del Programa para el Fortalecimiento de la Gesti\u00f3n de las Finanzas P\u00fablicas"},"content":{"rendered":"<p>El objetivo del programa es asegurar buenas pr\u00e1cticas internacionales, promover la disciplina fiscal y la asignaci\u00f3n estrat\u00e9gica de recursos en la administraci\u00f3n p\u00fablica<\/p>\n<p>El Gobierno dominicano y la Uni\u00f3n Europea pasaron balance a la ejecuci\u00f3n y el fortalecimiento del sistema nacional de gesti\u00f3n de las finanzas p\u00fablicas, en el marco de la tercera reuni\u00f3n del Comit\u00e9 Director del Programa de Apoyo a la Reforma de la Administraci\u00f3n de las Finanzas P\u00fablicas y la Movilizaci\u00f3n de Recursos Internos en Rep\u00fablica Dominicana (Progef).<\/p>\n<p>La reuni\u00f3n la encabezaron el ministro de Hacienda, Jochi Vicente; el ministro de Econom\u00eda, Planificaci\u00f3n y Desarrollo, Miguel Ceara Hatton y el embajador de la Uni\u00f3n Europea en el pa\u00eds, Gianluca Grippa.<\/p>\n<p>En el encuentro se realiz\u00f3 una revisi\u00f3n detallada de la situaci\u00f3n, avances y desaf\u00edos del Plan de Acci\u00f3n del Programa para el Fortalecimiento de la Gesti\u00f3n de las Finanzas P\u00fablicas en Rep\u00fablica Dominicana (2020-2022).<br \/>\n<img loading=\"lazy\" decoding=\"async\" src=\"http:\/\/elmundodelosnegocios.com.do\/v1\/wp-content\/uploads\/2021\/04\/FOTO-1-scaled-1-300x169.jpg\" alt=\"\" width=\"300\" height=\"169\" class=\"alignnone size-medium wp-image-4891\" srcset=\"https:\/\/elmundodelosnegocios.com.do\/v1\/wp-content\/uploads\/2021\/04\/FOTO-1-scaled-1-300x169.jpg 300w, https:\/\/elmundodelosnegocios.com.do\/v1\/wp-content\/uploads\/2021\/04\/FOTO-1-scaled-1-1024x576.jpg 1024w, https:\/\/elmundodelosnegocios.com.do\/v1\/wp-content\/uploads\/2021\/04\/FOTO-1-scaled-1-768x432.jpg 768w, https:\/\/elmundodelosnegocios.com.do\/v1\/wp-content\/uploads\/2021\/04\/FOTO-1-scaled-1-1536x864.jpg 1536w, https:\/\/elmundodelosnegocios.com.do\/v1\/wp-content\/uploads\/2021\/04\/FOTO-1-scaled-1-2048x1152.jpg 2048w, https:\/\/elmundodelosnegocios.com.do\/v1\/wp-content\/uploads\/2021\/04\/FOTO-1-scaled-1-390x220.jpg 390w\" sizes=\"auto, (max-width: 300px) 100vw, 300px\" \/><\/p>\n<p>El objetivo de este plan, que a su vez est\u00e1 financiado con los recursos del Progef, es asegurar que la administraci\u00f3n financiera p\u00fablica est\u00e9 alineada con las buenas pr\u00e1cticas internacionales y promueva la disciplina fiscal, la asignaci\u00f3n estrat\u00e9gica de recursos y la previsi\u00f3n eficiente de bienes y servicios p\u00fablicos.<\/p>\n<p>El embajador Grippa destac\u00f3 la transparencia con que el actual gobierno abord\u00f3 los temas de la agenda y asegur\u00f3 que la UE continuar\u00e1 apoyando los esfuerzos que las actuales autoridades realizan para mejorar la calidad de vida de los ciudadanos dominicanos. En el di\u00e1logo, que se realiz\u00f3 en la sede del Ministerio de Hacienda, tambi\u00e9n se deliberaron temas relacionados al cumplimiento de los indicadores de desempe\u00f1o en el a\u00f1o 2020; prioridades a mediano plazo y programaci\u00f3n de la cooperaci\u00f3n de la Uni\u00f3n Europea en el pa\u00eds.<\/p>\n<p>Participaron, adem\u00e1s, Derby de los Santos, viceministro del Tesoro, y Leonel D\u00edaz, asesor de Gesti\u00f3n en Finanzas P\u00fablicas y Control Interno. Por parte del Ministerio de Econom\u00eda estuvo presente tambi\u00e9n Olaya Dotel, viceministra de Cooperaci\u00f3n Internacional. Acompa\u00f1aron al embajador Grippa, Mar\u00eda Gonz\u00e1lez, jefe de Cooperaci\u00f3n, Alejandro Diz y Frederique Same-Ekobo, oficiales de programa.<\/p>\n","protected":false},"excerpt":{"rendered":"<p>El objetivo del programa es asegurar buenas pr\u00e1cticas internacionales, promover la disciplina fiscal y la asignaci\u00f3n estrat\u00e9gica de recursos en la administraci\u00f3n p\u00fablica El Gobierno dominicano y la Uni\u00f3n Europea&hellip; <\/p>\n","protected":false},"author":2,"featured_media":4892,"comment_status":"open","ping_status":"open","sticky":false,"template":"","format":"standard","meta":{"fifu_image_url":"","fifu_image_alt":"","footnotes":""},"categories":[94],"tags":[],"class_list":["post-4890","post","type-post","status-publish","format-standard","has-post-thumbnail","hentry","category-finanzas"],"_links":{"self":[{"href":"https:\/\/elmundodelosnegocios.com.do\/v1\/wp-json\/wp\/v2\/posts\/4890","targetHints":{"allow":["GET"]}}],"collection":[{"href":"https:\/\/elmundodelosnegocios.com.do\/v1\/wp-json\/wp\/v2\/posts"}],"about":[{"href":"https:\/\/elmundodelosnegocios.com.do\/v1\/wp-json\/wp\/v2\/types\/post"}],"author":[{"embeddable":true,"href":"https:\/\/elmundodelosnegocios.com.do\/v1\/wp-json\/wp\/v2\/users\/2"}],"replies":[{"embeddable":true,"href":"https:\/\/elmundodelosnegocios.com.do\/v1\/wp-json\/wp\/v2\/comments?post=4890"}],"version-history":[{"count":0,"href":"https:\/\/elmundodelosnegocios.com.do\/v1\/wp-json\/wp\/v2\/posts\/4890\/revisions"}],"wp:featuredmedia":[{"embeddable":true,"href":"https:\/\/elmundodelosnegocios.com.do\/v1\/wp-json\/wp\/v2\/media\/4892"}],"wp:attachment":[{"href":"https:\/\/elmundodelosnegocios.com.do\/v1\/wp-json\/wp\/v2\/media?parent=4890"}],"wp:term":[{"taxonomy":"category","embeddable":true,"href":"https:\/\/elmundodelosnegocios.com.do\/v1\/wp-json\/wp\/v2\/categories?post=4890"},{"taxonomy":"post_tag","embeddable":true,"href":"https:\/\/elmundodelosnegocios.com.do\/v1\/wp-json\/wp\/v2\/tags?post=4890"}],"curies":[{"name":"wp","href":"https:\/\/api.w.org\/{rel}","templated":true}]}}