{"id":48905,"date":"2024-01-26T03:04:01","date_gmt":"2024-01-26T07:34:01","guid":{"rendered":"https:\/\/elmundodelosnegocios.com.do\/v1\/index.php\/2024\/01\/26\/resumen-talkdesk-confirma-su-presencia-en-el-evento-all4customer-de-paris-y-refuerza-su-compromiso-con-el-mercado-frances\/"},"modified":"2024-01-26T03:04:01","modified_gmt":"2024-01-26T07:34:01","slug":"resumen-talkdesk-confirma-su-presencia-en-el-evento-all4customer-de-paris-y-refuerza-su-compromiso-con-el-mercado-frances","status":"publish","type":"post","link":"https:\/\/elmundodelosnegocios.com.do\/v1\/resumen-talkdesk-confirma-su-presencia-en-el-evento-all4customer-de-paris-y-refuerza-su-compromiso-con-el-mercado-frances\/","title":{"rendered":"Resumen: Talkdesk confirma su presencia en el evento All4Customer de Par\u00eds y refuerza su compromiso con el mercado franc\u00e9s"},"content":{"rendered":"<p>Talkdesk expondr\u00e1 y ofrecer\u00e1 una clase magistral sobre el potencial de la IA Generativa en el centro de contacto<\/p>\n<p>Talkdesk realizar\u00e1 demostraciones en directo de Talkdesk CX Cloud y Talkdesk Experience Clouds.<\/p>\n<p>En la clase magistral presencial de Talkdesk se explorar\u00e1 la manera de potenciar la optimizaci\u00f3n del centro de contacto con IA generativa.<\/p>\n<p>La empresa mantiene su compromiso con Francia como mercado de crecimiento estrat\u00e9gico.<br \/>\nPAR\u00cdS&#8211;(BUSINESS WIRE)&#8211;Talkdesk\u00ae, Inc. , l\u00edder mundial en centros de contacto impulsados por IA para empresas de todos los tama\u00f1os, ha anunciado hoy su presencia en el evento All4Customer que se celebrar\u00e1 en Par\u00eds del 26 al 28 de marzo de 2024. La inversi\u00f3n en el evento forma parte del compromiso de la empresa con el mercado franc\u00e9s y con la obtenci\u00f3n de resultados excepcionales para los clientes y socios de toda la regi\u00f3n con el poder de la experiencia del cliente impulsada por la inteligencia artificial (IA).<br \/>\nEl comunicado en el idioma original es la versi\u00f3n oficial y autorizada del mismo. Esta traducci\u00f3n es solamente un medio de ayuda y deber\u00e1 ser comparada con el texto en idioma original, que es la \u00fanica versi\u00f3n del texto que tendr\u00e1 validez legal. Contacts<br \/>\nContacto para los medios:Christie Blake<br \/>\npr@talkdesk.com<\/p>\n","protected":false},"excerpt":{"rendered":"<p>Talkdesk expondr\u00e1 y ofrecer\u00e1 una clase magistral sobre el potencial de la IA Generativa en el centro de contacto Talkdesk realizar\u00e1 demostraciones en directo de Talkdesk CX Cloud y Talkdesk&hellip; <\/p>\n","protected":false},"author":2,"featured_media":48906,"comment_status":"closed","ping_status":"closed","sticky":false,"template":"","format":"standard","meta":{"fifu_image_url":"","fifu_image_alt":"","footnotes":""},"categories":[252],"tags":[253],"class_list":["post-48905","post","type-post","status-publish","format-standard","has-post-thumbnail","hentry","category-business-wire","tag-business-wire"],"_links":{"self":[{"href":"https:\/\/elmundodelosnegocios.com.do\/v1\/wp-json\/wp\/v2\/posts\/48905","targetHints":{"allow":["GET"]}}],"collection":[{"href":"https:\/\/elmundodelosnegocios.com.do\/v1\/wp-json\/wp\/v2\/posts"}],"about":[{"href":"https:\/\/elmundodelosnegocios.com.do\/v1\/wp-json\/wp\/v2\/types\/post"}],"author":[{"embeddable":true,"href":"https:\/\/elmundodelosnegocios.com.do\/v1\/wp-json\/wp\/v2\/users\/2"}],"replies":[{"embeddable":true,"href":"https:\/\/elmundodelosnegocios.com.do\/v1\/wp-json\/wp\/v2\/comments?post=48905"}],"version-history":[{"count":0,"href":"https:\/\/elmundodelosnegocios.com.do\/v1\/wp-json\/wp\/v2\/posts\/48905\/revisions"}],"wp:featuredmedia":[{"embeddable":true,"href":"https:\/\/elmundodelosnegocios.com.do\/v1\/wp-json\/wp\/v2\/media\/48906"}],"wp:attachment":[{"href":"https:\/\/elmundodelosnegocios.com.do\/v1\/wp-json\/wp\/v2\/media?parent=48905"}],"wp:term":[{"taxonomy":"category","embeddable":true,"href":"https:\/\/elmundodelosnegocios.com.do\/v1\/wp-json\/wp\/v2\/categories?post=48905"},{"taxonomy":"post_tag","embeddable":true,"href":"https:\/\/elmundodelosnegocios.com.do\/v1\/wp-json\/wp\/v2\/tags?post=48905"}],"curies":[{"name":"wp","href":"https:\/\/api.w.org\/{rel}","templated":true}]}}