{"id":4900,"date":"2021-04-19T08:09:52","date_gmt":"2021-04-19T12:39:52","guid":{"rendered":"http:\/\/elmundodelosnegocios.com.do\/v1\/?p=4900"},"modified":"2021-04-19T08:09:52","modified_gmt":"2021-04-19T12:39:52","slug":"amaury-sanchez-revela-que-el-concierto-con-las-alas-rotas-tendra-especial-acustico","status":"publish","type":"post","link":"https:\/\/elmundodelosnegocios.com.do\/v1\/amaury-sanchez-revela-que-el-concierto-con-las-alas-rotas-tendra-especial-acustico\/","title":{"rendered":"Amaury S\u00e1nchez revela que el concierto \u201cCon las alas rotas\u201d tendr\u00e1 especial ac\u00fastico"},"content":{"rendered":"<p>Santo Domingo, D.N.-  El maestro Amaury S\u00e1nchez revel\u00f3 que el concierto \u201cCon las alas rotas\u201d, tendr\u00e1 un segmento especial de serenata en versi\u00f3n ac\u00fastica, con siete temas totalmente ac\u00fasticos, con base de guitarra y percusi\u00f3n, para brindar una experiencia bohemia y rom\u00e1ntica dentro del desarrollo del espect\u00e1culo musical. <\/p>\n<p>Durante la entrevista en el programa radial \u201cAqu\u00ed Entrenos\u201d S\u00e1nchez adelant\u00f3 que ser\u00e1 una noche especial para animar y llevar esperanza a toda la industria cultural paralizada por un a\u00f1o a causa de la pandemia. \u201cEstamos muy conscientes de la nostalgia que sentimos de estar fuera de los escenarios, pero con este evento damos un paso para estimular la industria\u201d. <\/p>\n<p>En el desarrollo de la entrevista, el asesor art\u00edstico del Poder Ejecutivo dijo que ha estado trabajando muy de cerca con el presidente de la Rep\u00fablica, Luis Abinader, para desarrollar al m\u00e1ximo el arte y la cultura dominicana. <\/p>\n<p>En ese sentido, expres\u00f3 que \u201cen un futuro no muy lejano, las entidades de Bellas Artes ser\u00e1n reconocidas por el MESCyT\u201d, de manera que un egresado alcanzar\u00e1 el t\u00edtulo de licenciatura al culminar sus estudios en esa entidad. <\/p>\n<p>\u201cHoy se emiti\u00f3 un decreto muy importante, donde hay una iniciativa grandiosa de lo que ser\u00e1 el arte popular, a trav\u00e9s del decreto 205-21 a cargo del Ministerio Administrativo de la Presidencia\u201d, lo cual aborda planes art\u00edsticos y la coordinaci\u00f3n de los fondos p\u00fablicos y privados para el desarrollo de las actividades.<\/p>\n<p>Lo mismo pasar\u00e1 con el programa de orquestas, que ahora se llamar\u00e1 Programa Nacional de Orquestas Infantiles y Juveniles, no solo de orquestas sinf\u00f3nicas, pues ser\u00e1 mucho m\u00e1s amplio. <\/p>\n<p>El maestro indic\u00f3 que en diciembre presentar\u00e1 nuevamente el exitoso musical In the Hights, una historia sigue a un grupo de personajes en el gran vecindario de Washington Heights en Nueva York. <\/p>\n<p>Sobre el concierto<\/p>\n<p>Se llevar\u00e1 a cabo en la sala Carlos Piantini del Teatro Nacional Eduardo Brito, a las 7:00 p.m. en un esquema de sana distancia bajo protocoles de seguridad preventiva. <\/p>\n<p>Las boletas est\u00e1n a la venta en Uepatickets y en el Club de Lectores del List\u00edn Diario (con un 10% de descuento para los suscriptores). <\/p>\n","protected":false},"excerpt":{"rendered":"<p>Santo Domingo, D.N.- El maestro Amaury S\u00e1nchez revel\u00f3 que el concierto \u201cCon las alas rotas\u201d, tendr\u00e1 un segmento especial de serenata en versi\u00f3n ac\u00fastica, con siete temas totalmente ac\u00fasticos, con&hellip; <\/p>\n","protected":false},"author":2,"featured_media":4901,"comment_status":"open","ping_status":"open","sticky":false,"template":"","format":"standard","meta":{"fifu_image_url":"","fifu_image_alt":"","footnotes":""},"categories":[148],"tags":[],"class_list":["post-4900","post","type-post","status-publish","format-standard","has-post-thumbnail","hentry","category-cultura"],"_links":{"self":[{"href":"https:\/\/elmundodelosnegocios.com.do\/v1\/wp-json\/wp\/v2\/posts\/4900","targetHints":{"allow":["GET"]}}],"collection":[{"href":"https:\/\/elmundodelosnegocios.com.do\/v1\/wp-json\/wp\/v2\/posts"}],"about":[{"href":"https:\/\/elmundodelosnegocios.com.do\/v1\/wp-json\/wp\/v2\/types\/post"}],"author":[{"embeddable":true,"href":"https:\/\/elmundodelosnegocios.com.do\/v1\/wp-json\/wp\/v2\/users\/2"}],"replies":[{"embeddable":true,"href":"https:\/\/elmundodelosnegocios.com.do\/v1\/wp-json\/wp\/v2\/comments?post=4900"}],"version-history":[{"count":0,"href":"https:\/\/elmundodelosnegocios.com.do\/v1\/wp-json\/wp\/v2\/posts\/4900\/revisions"}],"wp:featuredmedia":[{"embeddable":true,"href":"https:\/\/elmundodelosnegocios.com.do\/v1\/wp-json\/wp\/v2\/media\/4901"}],"wp:attachment":[{"href":"https:\/\/elmundodelosnegocios.com.do\/v1\/wp-json\/wp\/v2\/media?parent=4900"}],"wp:term":[{"taxonomy":"category","embeddable":true,"href":"https:\/\/elmundodelosnegocios.com.do\/v1\/wp-json\/wp\/v2\/categories?post=4900"},{"taxonomy":"post_tag","embeddable":true,"href":"https:\/\/elmundodelosnegocios.com.do\/v1\/wp-json\/wp\/v2\/tags?post=4900"}],"curies":[{"name":"wp","href":"https:\/\/api.w.org\/{rel}","templated":true}]}}