{"id":49071,"date":"2024-01-31T13:44:02","date_gmt":"2024-01-31T18:14:02","guid":{"rendered":"https:\/\/elmundodelosnegocios.com.do\/v1\/?p=49071"},"modified":"2024-01-31T13:44:04","modified_gmt":"2024-01-31T18:14:04","slug":"tres-instituciones-de-republica-dominicana-reconocidas-en-premio-iberoamericano-de-la-calidad","status":"publish","type":"post","link":"https:\/\/elmundodelosnegocios.com.do\/v1\/tres-instituciones-de-republica-dominicana-reconocidas-en-premio-iberoamericano-de-la-calidad\/","title":{"rendered":"Tres instituciones de Rep\u00fablica Dominicana reconocidas en Premio Iberoamericano de la Calidad"},"content":{"rendered":"\n<p>Santo Domingo.-&nbsp;<strong>Tres instituciones<\/strong>&nbsp;de Rep\u00fablica Dominicana fueron reconocidas durante la celebraci\u00f3n del&nbsp;<strong>XXIV Premio Iberoamericano de la Calidad<\/strong>&nbsp;y IV entrega de reconocimientos a&nbsp;<strong>Mejores Pr\u00e1cticas en Materia de Objetivos de Desarrollo Sostenible (ODS) 2023.<\/strong><\/p>\n\n\n<div class=\"wp-block-image\">\n<figure class=\"aligncenter size-large\"><img decoding=\"async\" src=\"https:\/\/presidencia.gob.do\/sites\/default\/files\/styles\/large\/public\/news\/2024-01\/2021.jpeg?itok=58HIVHj9\" alt=\"\"\/><\/figure>\n<\/div>\n\n\n<p>En una actividad encabezada por el ministro de Administraci\u00f3n P\u00fablica,&nbsp;<strong>Dar\u00edo Castillo Lugo<\/strong>, la Fundaci\u00f3n Iberoamericana para la Gesti\u00f3n de la Calidad&nbsp;<strong>(Fundibeq)<\/strong>&nbsp;reconoci\u00f3 a la Comisi\u00f3n Nacional de Energ\u00eda&nbsp;<strong>(CNE)<\/strong>&nbsp;con una&nbsp;<strong>menci\u00f3n especial<\/strong>&nbsp;en el Premio Iberoamericano de la Calidad; mientras que el&nbsp;<strong>Ministerio de Industria, Comercio y Mipymes<\/strong>, as\u00ed&nbsp; como el Seguro Nacional de Salud&nbsp;<strong>(SeNaSa)&nbsp;<\/strong>fueron galardonadas con&nbsp;<strong>oro y plata, respectivamente<\/strong>, en la entrega de los reconocimientos a mejores pr\u00e1cticas en materia de ODS.<\/p>\n\n\n\n<p>La CNE, ganadora del&nbsp;<strong>Premio Nacional de la Calidad en el 2022<\/strong>, es una instituci\u00f3n encargada de trazar&nbsp;<strong>la pol\u00edtica del Estado en el sector energ\u00e9tico<\/strong>&nbsp;y establece las actividades de los subsectores el\u00e9ctrico, de hidrocarburos, fuentes alternas y uso racional de la energ\u00eda. El \u00e1mbito de sus funciones comprende el desarrollo de programas y proyectos de incentivo al&nbsp;<strong>desarrollo de las fuentes renovables de energ\u00eda,<\/strong>&nbsp;de eficiencia y uso racional de energ\u00eda. En dicha entidad laboran&nbsp;<strong>304 empleados<\/strong>, 155 mujeres y 149 hombres.<\/p>\n\n\n\n<p>Para el per\u00edodo 2021-2024, la CNE busca garantizar la inserci\u00f3n del pa\u00eds al&nbsp;<strong>desarrollo competitivo<\/strong>&nbsp;en la econom\u00eda global y la eficiencia operativa sobre la base del&nbsp;<strong>uso eficiente de los recursos energ\u00e9tic<\/strong>os.<\/p>\n\n\n\n<p>De su lado, el Ministerio de Industria, Comercio y Miphymes, ganador del&nbsp;<strong>Premio Nacional de la Calidad del 2023<\/strong>, se llev\u00f3 la distinci\u00f3n de oro en&nbsp;<strong>la&nbsp;<\/strong>cuarta entrega de reconocimientos en materia de ODS tras presentar el proyecto del&nbsp;<strong>Centro de Capacitaci\u00f3n e Investigaci\u00f3n del Pl\u00e1stico (CCIP),<\/strong>&nbsp;que fue establecido mediante un acuerdo interinstitucional junto a la Asociaci\u00f3n Dominicana de la Industria del Pl\u00e1stico&nbsp;<strong>(Adiplast)<\/strong>&nbsp;y el Instituto Tecnol\u00f3gico de Santo Domingo&nbsp;<strong>(Intec)<\/strong>, con el fin de desarrollar y auspiciar de manera conjunta proyectos e iniciativas en los \u00e1mbitos de pr\u00e1cticas de&nbsp;<strong>producci\u00f3n sostenible<\/strong>, reciclaje, gesti\u00f3n de residuos, econom\u00eda circular y valorizaci\u00f3n de residuos, producci\u00f3n m\u00e1s limpia, productividad e innovaci\u00f3n, ecodise\u00f1o, y biopol\u00edmeros.<\/p>\n\n\n\n<p>Este proyecto fue concebido en mayo del 2022, a trav\u00e9s de la alianza triple h\u00e9lice de la innovaci\u00f3n:&nbsp;<strong>el Estado, la Academia y la Industria<\/strong>, siendo CCIP es el&nbsp;<strong>\u00fanico centro<\/strong>&nbsp;en la Rep\u00fablica Dominicana de esta naturaleza.<\/p>\n\n\n\n<p>Mientras que SeNaSA se llev\u00f3 el reconocimiento de plata gracias al proyecto&nbsp;<strong>\u201cSalud para todos\u201d,<\/strong>&nbsp;el cual es parte de su Planeaci\u00f3n Estrat\u00e9gica Institucional&nbsp;<strong>(PEI)<\/strong>, que a su vez se encuentra alineada a&nbsp;<strong>seis de los diecisiete Objetivos de Desarrollo Sostenible<\/strong>&nbsp;establecidos en la Agenda de Desarrollo Sostenible 2030 y los objetivos del Gobierno para el periodo 2020\/24.<\/p>\n\n\n\n<p>Los prop\u00f3sitos de este proyecto se basan en la&nbsp;<strong>gesti\u00f3n efectiva de la cartera de usuarios<\/strong>, incrementando de manera constante una base de afiliados fidelizados, donde se busca brindar cobertura de salud a aquellos ciudadanos en&nbsp;<strong>condici\u00f3n de vulnerabilidad<\/strong>&nbsp;que no cuenten con un seguro m\u00e9dico, disminuyendo la carga financiera que impide a muchas familias acceder a los&nbsp;<strong>cuidados necesarios<\/strong>, adem\u00e1s de&nbsp;<strong>prevenir las enfermedades y fomentar estilos de vida saludables<\/strong>.<\/p>\n\n\n\n<p>Este proyecto tuvo como objetivo principal&nbsp;<strong>afiliar a dos millones de ciudadanos al R\u00e9gimen Subsidiado<\/strong>, pasando del 78 % de afiliados en 2020 al 96 % en 2023.<\/p>\n\n\n\n<p>El ministro Castillo Lugo destac\u00f3 que unas 10 organizaciones del sector p\u00fablico y privado, entre ellas siete extranjeras, de Argentina, Colombia, Ecuador, Espa\u00f1a y M\u00e9xico, y&nbsp;<strong>tres&nbsp; dominicanas<\/strong>, han sido reconocidas por la&nbsp;<strong>excelencia en su gesti\u00f3n institucional<\/strong>, convirti\u00e9ndose en referentes regionales en los sectores que representan, como son, Energ\u00eda, Salud, Industria, entre otros.<\/p>\n\n\n\n<p><em>\u00abApegados a nuestros valores institucionales, el Ministerio de Administraci\u00f3n P\u00fablica apoya consistentemente la mejora continua en la calidad de los servicios que ofrecen \u00f3rganos y entes p\u00fablicos, a los ciudadanos y ciudadanas\u201d,<\/em>&nbsp;expres\u00f3 el titular del Ministerio de Administraci\u00f3n P\u00fablica( MAP), al pronunciar las palabras centrales del evento.<\/p>\n\n\n\n<p>Mientras que el presidente de FUNDIBEQ,&nbsp;<strong>Juan Luis Mart\u00edn Cuesta<\/strong>, indic\u00f3 el&nbsp;<strong>avance de la Administraci\u00f3n p\u00fablica<\/strong>&nbsp;de la Rep\u00fablica Dominicana al enumerar los galardonados por ese organismo durante los \u00faltimos a\u00f1os.<\/p>\n\n\n\n<p><strong>Otros ganadores<\/strong><\/p>\n\n\n\n<p>En el marco del XXIV Premio Iberoamericano de la Calidad, el&nbsp;<strong>Centro M\u00e9dico Helios Salud, de Argentina,<\/strong>&nbsp;se llev\u00f3 la&nbsp;<strong>medalla de oro<\/strong>, al igual que la productora privada de energ\u00eda el\u00e9ctrica,&nbsp;<strong>Iberdrola M\u00e9xico<\/strong>.<\/p>\n\n\n\n<p><strong>La medalla de plata<\/strong>&nbsp;se la llev\u00f3 el Operador Nacional de Electricidad \u2013&nbsp;<strong>Cenace, de Ecuador<\/strong>, mientras que la Asociaci\u00f3n Colombiana de Cooperativas&nbsp;<strong>(Ascoop)<\/strong>&nbsp;obtuvo una&nbsp;<strong>menci\u00f3n especial<\/strong>. La administradora de fondos de pensiones&nbsp;<strong>de Colombia, Porvenir S.A<\/strong>&nbsp;fue reconocida por su amplia trayectoria a la excelencia en la calidad.<\/p>\n\n\n\n<p>Las estatuillas fueron entregadas por Castillo Lugo y Mart\u00edn Cuesta en compa\u00f1\u00eda del Ministro Administrativo interino de la Presidencia, Igor Rodr\u00edguez.<\/p>\n","protected":false},"excerpt":{"rendered":"<p>Santo Domingo.-&nbsp;Tres instituciones&nbsp;de Rep\u00fablica Dominicana fueron reconocidas durante la celebraci\u00f3n del&nbsp;XXIV Premio Iberoamericano de la Calidad&nbsp;y IV entrega de reconocimientos a&nbsp;Mejores Pr\u00e1cticas en Materia de Objetivos de Desarrollo Sostenible (ODS)&hellip; <\/p>\n","protected":false},"author":2,"featured_media":49073,"comment_status":"closed","ping_status":"closed","sticky":false,"template":"","format":"standard","meta":{"fifu_image_url":"https:\/\/presidencia.gob.do\/sites\/default\/files\/styles\/large\/public\/news\/2024-01\/2021.jpeg?itok=58HIVHj9","fifu_image_alt":"","footnotes":""},"categories":[247],"tags":[],"class_list":["post-49071","post","type-post","status-publish","format-standard","has-post-thumbnail","hentry","category-organizaciones"],"_links":{"self":[{"href":"https:\/\/elmundodelosnegocios.com.do\/v1\/wp-json\/wp\/v2\/posts\/49071","targetHints":{"allow":["GET"]}}],"collection":[{"href":"https:\/\/elmundodelosnegocios.com.do\/v1\/wp-json\/wp\/v2\/posts"}],"about":[{"href":"https:\/\/elmundodelosnegocios.com.do\/v1\/wp-json\/wp\/v2\/types\/post"}],"author":[{"embeddable":true,"href":"https:\/\/elmundodelosnegocios.com.do\/v1\/wp-json\/wp\/v2\/users\/2"}],"replies":[{"embeddable":true,"href":"https:\/\/elmundodelosnegocios.com.do\/v1\/wp-json\/wp\/v2\/comments?post=49071"}],"version-history":[{"count":1,"href":"https:\/\/elmundodelosnegocios.com.do\/v1\/wp-json\/wp\/v2\/posts\/49071\/revisions"}],"predecessor-version":[{"id":49072,"href":"https:\/\/elmundodelosnegocios.com.do\/v1\/wp-json\/wp\/v2\/posts\/49071\/revisions\/49072"}],"wp:featuredmedia":[{"embeddable":true,"href":"https:\/\/elmundodelosnegocios.com.do\/v1\/wp-json\/wp\/v2\/media\/49073"}],"wp:attachment":[{"href":"https:\/\/elmundodelosnegocios.com.do\/v1\/wp-json\/wp\/v2\/media?parent=49071"}],"wp:term":[{"taxonomy":"category","embeddable":true,"href":"https:\/\/elmundodelosnegocios.com.do\/v1\/wp-json\/wp\/v2\/categories?post=49071"},{"taxonomy":"post_tag","embeddable":true,"href":"https:\/\/elmundodelosnegocios.com.do\/v1\/wp-json\/wp\/v2\/tags?post=49071"}],"curies":[{"name":"wp","href":"https:\/\/api.w.org\/{rel}","templated":true}]}}