{"id":49268,"date":"2024-02-06T12:52:48","date_gmt":"2024-02-06T17:22:48","guid":{"rendered":"https:\/\/elmundodelosnegocios.com.do\/v1\/?p=49268"},"modified":"2024-02-07T11:52:02","modified_gmt":"2024-02-07T16:22:02","slug":"congreso-medico-pediatric-update-del-cincinnati-childrens-hospital-regresa-a-republica-dominicana-en-su-cuarta-edicion","status":"publish","type":"post","link":"https:\/\/elmundodelosnegocios.com.do\/v1\/congreso-medico-pediatric-update-del-cincinnati-childrens-hospital-regresa-a-republica-dominicana-en-su-cuarta-edicion\/","title":{"rendered":"Regresa Congreso M\u00e9dico \u2018Pediatric Update\u2019 del Cincinnati Children\u2019s Hospital a R. D. 4ta edici\u00f3n"},"content":{"rendered":"\n<p>El Cincinnati Children\u2019s Hospital, en colaboraci\u00f3n con la Fundaci\u00f3n Aprendiendo a Vivir, anuncia la emocionante llegada de la cuarta edici\u00f3n del congreso m\u00e9dico \u00abPediatric Update\u00bb en Santo Domingo.<\/p>\n\n\n<div class=\"wp-block-image\">\n<figure class=\"aligncenter size-large\"><img loading=\"lazy\" decoding=\"async\" width=\"2560\" height=\"1440\" src=\"https:\/\/elmundodelosnegocios.com.do\/v1\/wp-content\/uploads\/2024\/02\/IMG_7197-scaled-1-edited.jpeg\" alt=\"\" class=\"wp-image-49270\" srcset=\"https:\/\/elmundodelosnegocios.com.do\/v1\/wp-content\/uploads\/2024\/02\/IMG_7197-scaled-1-edited.jpeg 2560w, https:\/\/elmundodelosnegocios.com.do\/v1\/wp-content\/uploads\/2024\/02\/IMG_7197-scaled-1-edited-300x169.jpeg 300w, https:\/\/elmundodelosnegocios.com.do\/v1\/wp-content\/uploads\/2024\/02\/IMG_7197-scaled-1-edited-1024x576.jpeg 1024w, https:\/\/elmundodelosnegocios.com.do\/v1\/wp-content\/uploads\/2024\/02\/IMG_7197-scaled-1-edited-768x432.jpeg 768w, https:\/\/elmundodelosnegocios.com.do\/v1\/wp-content\/uploads\/2024\/02\/IMG_7197-scaled-1-edited-1536x864.jpeg 1536w, https:\/\/elmundodelosnegocios.com.do\/v1\/wp-content\/uploads\/2024\/02\/IMG_7197-scaled-1-edited-2048x1152.jpeg 2048w\" sizes=\"auto, (max-width: 2560px) 100vw, 2560px\" \/><\/figure>\n<\/div>\n\n\n<p>Este evento, programado para los d\u00edas 13 y 14 de marzo en el Hotel Embassy Suites by Hilton, reunir\u00e1 a destacados profesionales de la medicina pedi\u00e1trica.<\/p>\n\n\n\n<p>El congreso abordar\u00e1 temas especializados como Neurocirug\u00eda Pedi\u00e1trica, Cirug\u00eda Fetal Endosc\u00f3pica, Hematolog\u00eda, Gen\u00e9tica, Telemedicina y m\u00e1s. Una jornada exclusiva para enfermeras el 15 de marzo enriquecer\u00e1 a\u00fan m\u00e1s el evento.<\/p>\n\n\n\n<p>El Dr. Rafael Mena, respetado neonat\u00f3logo dominicano, moderar\u00e1 las sesiones, facilitando la interacci\u00f3n entre los asistentes y los renombrados conferencistas, entre los que se encuentran el Dr. Francesco T. Mangano, Jos\u00e9 Peiro, Russell Ware y otros expertos de prestigio internacional.<\/p>\n\n\n\n<p>Adem\u00e1s de ser una valiosa oportunidad para la actualizaci\u00f3n profesional, el \u00abPediatric Update\u00bb tiene un objetivo solidario. Los fondos recaudados durante el evento ser\u00e1n destinados a la Fundaci\u00f3n Aprendiendo a Vivir, una organizaci\u00f3n comprometida con mejorar la calidad de vida de personas que viven con diabetes en la Rep\u00fablica Dominicana.<\/p>\n\n\n\n<p>Laboratorios Abbott ha desempe\u00f1ado un papel esencial en hacer posible este congreso, contribuyendo significativamente a su excelencia y \u00e9xito continuo.<\/p>\n\n\n\n<p>El evento, programado para los d\u00edas 13 y 14 de marzo, ofrece una oportunidad excepcional para la actualizaci\u00f3n profesional y el intercambio de conocimientos en el \u00e1mbito de la medicina pedi\u00e1trica. Para m\u00e1s detalles y adquirir entradas, los interesados pueden visitar la p\u00e1gina oficial del evento www.updatepeds.com o seguirlos en sus redes sociales como @PediatricUpdate.<\/p>\n","protected":false},"excerpt":{"rendered":"<p>El Cincinnati Children\u2019s Hospital, en colaboraci\u00f3n con la Fundaci\u00f3n Aprendiendo a Vivir, anuncia la emocionante llegada de la cuarta edici\u00f3n del congreso m\u00e9dico \u00abPediatric Update\u00bb en Santo Domingo. Este evento,&hellip; <\/p>\n","protected":false},"author":2,"featured_media":49270,"comment_status":"closed","ping_status":"closed","sticky":false,"template":"","format":"standard","meta":{"fifu_image_url":"","fifu_image_alt":"","footnotes":""},"categories":[80],"tags":[],"class_list":["post-49268","post","type-post","status-publish","format-standard","has-post-thumbnail","hentry","category-salud"],"_links":{"self":[{"href":"https:\/\/elmundodelosnegocios.com.do\/v1\/wp-json\/wp\/v2\/posts\/49268","targetHints":{"allow":["GET"]}}],"collection":[{"href":"https:\/\/elmundodelosnegocios.com.do\/v1\/wp-json\/wp\/v2\/posts"}],"about":[{"href":"https:\/\/elmundodelosnegocios.com.do\/v1\/wp-json\/wp\/v2\/types\/post"}],"author":[{"embeddable":true,"href":"https:\/\/elmundodelosnegocios.com.do\/v1\/wp-json\/wp\/v2\/users\/2"}],"replies":[{"embeddable":true,"href":"https:\/\/elmundodelosnegocios.com.do\/v1\/wp-json\/wp\/v2\/comments?post=49268"}],"version-history":[{"count":2,"href":"https:\/\/elmundodelosnegocios.com.do\/v1\/wp-json\/wp\/v2\/posts\/49268\/revisions"}],"predecessor-version":[{"id":49339,"href":"https:\/\/elmundodelosnegocios.com.do\/v1\/wp-json\/wp\/v2\/posts\/49268\/revisions\/49339"}],"wp:featuredmedia":[{"embeddable":true,"href":"https:\/\/elmundodelosnegocios.com.do\/v1\/wp-json\/wp\/v2\/media\/49270"}],"wp:attachment":[{"href":"https:\/\/elmundodelosnegocios.com.do\/v1\/wp-json\/wp\/v2\/media?parent=49268"}],"wp:term":[{"taxonomy":"category","embeddable":true,"href":"https:\/\/elmundodelosnegocios.com.do\/v1\/wp-json\/wp\/v2\/categories?post=49268"},{"taxonomy":"post_tag","embeddable":true,"href":"https:\/\/elmundodelosnegocios.com.do\/v1\/wp-json\/wp\/v2\/tags?post=49268"}],"curies":[{"name":"wp","href":"https:\/\/api.w.org\/{rel}","templated":true}]}}