{"id":4927,"date":"2021-04-19T09:22:59","date_gmt":"2021-04-19T13:52:59","guid":{"rendered":"http:\/\/elmundodelosnegocios.com.do\/v1\/?p=4927"},"modified":"2021-04-19T09:22:59","modified_gmt":"2021-04-19T13:52:59","slug":"la-produccion-sostenible-de-aceite-de-palma-una-de-las-apuestas-de-colombia","status":"publish","type":"post","link":"https:\/\/elmundodelosnegocios.com.do\/v1\/la-produccion-sostenible-de-aceite-de-palma-una-de-las-apuestas-de-colombia\/","title":{"rendered":"La producci\u00f3n sostenible de aceite de palma, una de las apuestas de Colombia"},"content":{"rendered":"<p>La producci\u00f3n sostenible de aceite de palma es una de las principales apuestas de Colombia, que est\u00e1 cerca de lograr el objetivo \u00abde llegar a cero deforestaci\u00f3n y ser un l\u00edder mundial en las mejores pr\u00e1cticas de producci\u00f3n\u00bb en este sector, informaron este domingo fuentes oficiales y del sector.<\/p>\n<p>La idea, detall\u00f3 la agencia estatal ProColombia en un comunicado, es aprovechar las m\u00e1s de 5,2 millones de hect\u00e1reas que tiene el pa\u00eds con alto potencial para la siembra y la exportaci\u00f3n de aceite de palma.\u201cEl aceite de palma ha sido un gran jalonador de la canasta agroexportadora del pa\u00eds hist\u00f3ricamente y tambi\u00e9n lo ha sido durante los \u00faltimos meses\u00bb, dijo la presidenta de ProColombia, Flavia Santoro, citada en la informaci\u00f3n.<\/p>\n<p>La funcionaria agreg\u00f3 que los \u00abatributos de sostenibilidad\u00bb de este producto \u00abson, sin lugar a duda, unos elementos atractivos y de gran inter\u00e9s por parte de los compradores internacionales\u00bb.<\/p>\n<p>\u00abPor lo cual desde ProColombia seguiremos apoyando e incentivando para que cada vez m\u00e1s empresas se comprometan a preservar el medioambiente y a ayudar al desarrollo de las comunidades\u201d, agreg\u00f3.<\/p>\n<p>UNO DE LOS PRINCIPALES PROVEEDORES DE AM\u00c9RICA<\/p>\n<p>Colombia, que es uno de los principales proveedores de aceite de palma en Am\u00e9rica y el cuarto productor mundial, ha reducido la deforestaci\u00f3n ligada a la palmicultura al 0.4 %, seg\u00fan el Instituto de Hidrolog\u00eda, Meteorolog\u00eda y Estudios Ambientales (Ideam).<\/p>\n<p>Igualmente est\u00e1 vigente el \u00abAcuerdo por la Cero Deforestaci\u00f3n en la Cadena del Aceite de Palma\u00bb, que fue firmado por 20 compa\u00f1\u00edas del sector, representantes del Gobierno y organizaciones sociales y auspiciado por otros gobiernos como los de Reino Unido, Pa\u00edses Bajos y Noruega.<\/p>\n","protected":false},"excerpt":{"rendered":"<p>La producci\u00f3n sostenible de aceite de palma es una de las principales apuestas de Colombia, que est\u00e1 cerca de lograr el objetivo \u00abde llegar a cero deforestaci\u00f3n y ser un&hellip; <\/p>\n","protected":false},"author":2,"featured_media":4928,"comment_status":"open","ping_status":"open","sticky":false,"template":"","format":"standard","meta":{"fifu_image_url":"","fifu_image_alt":"","footnotes":""},"categories":[151],"tags":[],"class_list":["post-4927","post","type-post","status-publish","format-standard","has-post-thumbnail","hentry","category-gerencia"],"_links":{"self":[{"href":"https:\/\/elmundodelosnegocios.com.do\/v1\/wp-json\/wp\/v2\/posts\/4927","targetHints":{"allow":["GET"]}}],"collection":[{"href":"https:\/\/elmundodelosnegocios.com.do\/v1\/wp-json\/wp\/v2\/posts"}],"about":[{"href":"https:\/\/elmundodelosnegocios.com.do\/v1\/wp-json\/wp\/v2\/types\/post"}],"author":[{"embeddable":true,"href":"https:\/\/elmundodelosnegocios.com.do\/v1\/wp-json\/wp\/v2\/users\/2"}],"replies":[{"embeddable":true,"href":"https:\/\/elmundodelosnegocios.com.do\/v1\/wp-json\/wp\/v2\/comments?post=4927"}],"version-history":[{"count":0,"href":"https:\/\/elmundodelosnegocios.com.do\/v1\/wp-json\/wp\/v2\/posts\/4927\/revisions"}],"wp:featuredmedia":[{"embeddable":true,"href":"https:\/\/elmundodelosnegocios.com.do\/v1\/wp-json\/wp\/v2\/media\/4928"}],"wp:attachment":[{"href":"https:\/\/elmundodelosnegocios.com.do\/v1\/wp-json\/wp\/v2\/media?parent=4927"}],"wp:term":[{"taxonomy":"category","embeddable":true,"href":"https:\/\/elmundodelosnegocios.com.do\/v1\/wp-json\/wp\/v2\/categories?post=4927"},{"taxonomy":"post_tag","embeddable":true,"href":"https:\/\/elmundodelosnegocios.com.do\/v1\/wp-json\/wp\/v2\/tags?post=4927"}],"curies":[{"name":"wp","href":"https:\/\/api.w.org\/{rel}","templated":true}]}}