{"id":49272,"date":"2024-02-06T12:54:07","date_gmt":"2024-02-06T17:24:07","guid":{"rendered":"https:\/\/elmundodelosnegocios.com.do\/v1\/?p=49272"},"modified":"2024-02-07T11:47:41","modified_gmt":"2024-02-07T16:17:41","slug":"ogtic-y-el-gabinete-de-innovacion-posicionan-el-pais-en-escenarios-internacionales-con-estrategia-de-ia","status":"publish","type":"post","link":"https:\/\/elmundodelosnegocios.com.do\/v1\/ogtic-y-el-gabinete-de-innovacion-posicionan-el-pais-en-escenarios-internacionales-con-estrategia-de-ia\/","title":{"rendered":"Posicionan Dominicana en escenarios internacionales con Estrategia de IA"},"content":{"rendered":"\n<p><strong>Santo Domingo. \u2013&nbsp;<\/strong>La Oficina Gubernamental de las Tecnolog\u00edas de la Informaci\u00f3n y la Comunicaci\u00f3n (OGTIC) y el Gabinete de Innovaci\u00f3n y Desarrollo Digital han logrado posicionar el pa\u00eds como un referente en la adopci\u00f3n de tecnolog\u00edas avanzadas con el lanzamiento de la Estrategia Nacional de Inteligencia Artificial (ENIA).<\/p>\n\n\n<div class=\"wp-block-image\">\n<figure class=\"aligncenter size-large\"><img decoding=\"async\" src=\"https:\/\/ogtic.gob.do\/wp-content\/uploads\/2024\/02\/Foto-1-Participantes-en-Foro-Global-de-la-Etica-de-la-IA-2024-scaled.jpeg\" alt=\"\"\/><\/figure>\n<\/div>\n\n\n<p>Este hito ha facilitado el reconocimiento internacional, reflejado en la invitaci\u00f3n de su director Bartolom\u00e9 Pujals a participar en el Foro Global sobre \u00c9tica de la IA, un evento que redefine las normativas globales en torno a la gobernanza de la inteligencia artificial, esta versi\u00f3n titulada \u201cCambiando el panorama de la gobernanza de la IA\u201d.<\/p>\n\n\n\n<p>La ENIA, una iniciativa clave dentro de la Pol\u00edtica Nacional de Innovaci\u00f3n 2030, aborda de manera proactiva los retos y oportunidades presentados por la inteligencia artificial en el contexto de la Revoluci\u00f3n Industrial 4.0. Este enfoque innovador ha llevado a la Rep\u00fablica Dominicana a diversos foros internacionales, destacando su compromiso con el desarrollo tecnol\u00f3gico responsable y sostenible.<\/p>\n\n\n\n<p>El Foro Global sobre \u00c9tica de la IA, es organizado por la Rep\u00fablica de Eslovenia con el apoyo de la UNESCO, un espacio de convergencia para figuras destacadas en el \u00e1mbito pol\u00edtico, l\u00edderes industriales, acad\u00e9micos y representantes de ONGs, donde se intercambian perspectivas y pr\u00e1cticas ejemplares en la gesti\u00f3n de la inteligencia artificial a diferentes niveles. Este evento, que tiene lugar los d\u00edas 5 y 6 de febrero, refleja la importancia de la colaboraci\u00f3n internacional en la definici\u00f3n de un futuro tecnol\u00f3gico \u00e9tico y accesible.<\/p>\n\n\n\n<h2 class=\"wp-block-heading\"><strong>Foro sobre la \u00c9tica de Inteligencia Artificial en Am\u00e9rica Latina y el Caribe&nbsp;&nbsp;<\/strong><\/h2>\n\n\n\n<p>Adem\u00e1s, la participaci\u00f3n de Bartolom\u00e9 Pujals en el Foro de Ministros y Altas Autoridades sobre \u00c9tica de la Inteligencia Artificial en Am\u00e9rica Latina y el Caribe, celebrado en Santiago de Chile, consolid\u00f3 a\u00fan m\u00e1s la posici\u00f3n de liderazgo de la Rep\u00fablica Dominicana en la regi\u00f3n.<\/p>\n\n\n\n<p>&nbsp;En este encuentro, Pujals firm\u00f3 un Memorando de Entendimiento crucial para la implementaci\u00f3n del proyecto \u201cComputaci\u00f3n de Alto Desempe\u00f1o para la Inteligencia Artificial en Am\u00e9rica Latina y el Caribe\u201d, marcando un paso adelante en la cooperaci\u00f3n regional.<\/p>\n\n\n\n<h2 class=\"wp-block-heading\"><strong>Asamblea de la Alianza Europea sobre Inteligencia Artificial<\/strong><\/h2>\n\n\n\n<p>Tambi\u00e9n, Pujals particip\u00f3 en la 4ta Asamblea de la Alianza Europea sobre Inteligencia Artificial, que re\u00fane a responsables pol\u00edticos y stakeholders para compartir ideas y seguir dando forma a la pol\u00edtica europea de Inteligencia Artificial.<\/p>\n\n\n\n<p>Durante la asamblea, el pa\u00eds firm\u00f3 una declaraci\u00f3n para avanzar en la convergencia regulatoria de la inteligencia artificial (IA).<\/p>\n\n\n\n<p>En el evento el director general OGTIC y director ejecutivo el Gabinete de Innovaci\u00f3n, resalt\u00f3 la importancia de integrar la Estrategia Nacional de Inteligencia Artificial a nivel regional, impuls\u00e1ndola como un motor de desarrollo. Asimismo, enfatiz\u00f3 la necesidad de dejar de ser solo consumidores de tecnolog\u00eda, sino convertirnos en verdaderas industrias productoras de tecnolog\u00eda.<\/p>\n\n\n\n<h2 class=\"wp-block-heading\"><strong>Liderando en la regi\u00f3n en el Government AI Readiness Index 2023&nbsp;<\/strong><\/h2>\n\n\n\n<p>Asimismo, la ENIA coloc\u00f3 a RD en la posici\u00f3n 7 de 33 pa\u00edses latinoamericanos sobre la preparaci\u00f3n de los gobiernos y uso en la prestaci\u00f3n de servicios p\u00fablicos respecto a la Inteligencia Artificial (IA), de acuerdo a la edici\u00f3n 2023 del Goverment AI Readiness Index.<\/p>\n\n\n\n<p>La Estrategia Nacional de IA es un documento estrat\u00e9gico que describe iniciativas para integrarla para mejorar los servicios p\u00fablicos en sectores clave como justicia, salud, educaci\u00f3n, seguridad y transporte. De igual forma, evidencia un notable desarrollo del sector Tecnolog\u00eda, el pilar con menor puntaje de la regi\u00f3n.<\/p>\n\n\n<div class=\"wp-block-image\">\n<figure class=\"aligncenter\"><img decoding=\"async\" src=\"https:\/\/ogtic.gob.do\/wp-content\/uploads\/2024\/02\/Foto2--1280x853.png\" alt=\"\" class=\"wp-image-17175\"\/><\/figure>\n<\/div>","protected":false},"excerpt":{"rendered":"<p>Santo Domingo. \u2013&nbsp;La Oficina Gubernamental de las Tecnolog\u00edas de la Informaci\u00f3n y la Comunicaci\u00f3n (OGTIC) y el Gabinete de Innovaci\u00f3n y Desarrollo Digital han logrado posicionar el pa\u00eds como un&hellip; <\/p>\n","protected":false},"author":2,"featured_media":49274,"comment_status":"closed","ping_status":"closed","sticky":false,"template":"","format":"standard","meta":{"fifu_image_url":"https:\/\/ogtic.gob.do\/wp-content\/uploads\/2024\/02\/Foto-1-Participantes-en-Foro-Global-de-la-Etica-de-la-IA-2024-scaled.jpeg","fifu_image_alt":"","footnotes":""},"categories":[166],"tags":[],"class_list":["post-49272","post","type-post","status-publish","format-standard","has-post-thumbnail","hentry","category-tecnologia"],"_links":{"self":[{"href":"https:\/\/elmundodelosnegocios.com.do\/v1\/wp-json\/wp\/v2\/posts\/49272","targetHints":{"allow":["GET"]}}],"collection":[{"href":"https:\/\/elmundodelosnegocios.com.do\/v1\/wp-json\/wp\/v2\/posts"}],"about":[{"href":"https:\/\/elmundodelosnegocios.com.do\/v1\/wp-json\/wp\/v2\/types\/post"}],"author":[{"embeddable":true,"href":"https:\/\/elmundodelosnegocios.com.do\/v1\/wp-json\/wp\/v2\/users\/2"}],"replies":[{"embeddable":true,"href":"https:\/\/elmundodelosnegocios.com.do\/v1\/wp-json\/wp\/v2\/comments?post=49272"}],"version-history":[{"count":2,"href":"https:\/\/elmundodelosnegocios.com.do\/v1\/wp-json\/wp\/v2\/posts\/49272\/revisions"}],"predecessor-version":[{"id":49332,"href":"https:\/\/elmundodelosnegocios.com.do\/v1\/wp-json\/wp\/v2\/posts\/49272\/revisions\/49332"}],"wp:featuredmedia":[{"embeddable":true,"href":"https:\/\/elmundodelosnegocios.com.do\/v1\/wp-json\/wp\/v2\/media\/49274"}],"wp:attachment":[{"href":"https:\/\/elmundodelosnegocios.com.do\/v1\/wp-json\/wp\/v2\/media?parent=49272"}],"wp:term":[{"taxonomy":"category","embeddable":true,"href":"https:\/\/elmundodelosnegocios.com.do\/v1\/wp-json\/wp\/v2\/categories?post=49272"},{"taxonomy":"post_tag","embeddable":true,"href":"https:\/\/elmundodelosnegocios.com.do\/v1\/wp-json\/wp\/v2\/tags?post=49272"}],"curies":[{"name":"wp","href":"https:\/\/api.w.org\/{rel}","templated":true}]}}