{"id":49280,"date":"2024-02-06T19:15:02","date_gmt":"2024-02-06T23:45:02","guid":{"rendered":"https:\/\/elmundodelosnegocios.com.do\/v1\/?p=49280"},"modified":"2024-02-07T11:53:10","modified_gmt":"2024-02-07T16:23:10","slug":"continua-el-compromiso-de-seguir-impulsando-acciones-para-mejorar-la-conectividad-aerea-del-pais","status":"publish","type":"post","link":"https:\/\/elmundodelosnegocios.com.do\/v1\/continua-el-compromiso-de-seguir-impulsando-acciones-para-mejorar-la-conectividad-aerea-del-pais\/","title":{"rendered":"Continua el compromiso seguir impulsando acciones mejorar conectividad a\u00e9rea del pa\u00eds."},"content":{"rendered":"\n<p>La conectividad a\u00e9rea es un factor clave para impulsar los sectores productivos de Rep\u00fablica Dominicana. As\u00ed lo resalta el presidente de la Junta de Aviaci\u00f3n Civil (JAC), el Dr. Jos\u00e9 Marte Piantini.<\/p>\n\n\n\n<p>Durante la segunda sesi\u00f3n ordinaria del pleno de la JAC, realizada en octubre 2023, se compartieron los datos que demuestran el crecimiento excepcional de la industria de la aviaci\u00f3n civil en el pa\u00eds. En los \u00faltimos tres a\u00f1os, desde el 2020, Rep\u00fablica Dominicana estableci\u00f3 m\u00e1s de 100 nuevas rutas a\u00e9reas comerciales, posicion\u00e1ndose como una de las industrias de aviaci\u00f3n civil de mayor crecimiento en la regi\u00f3n del Caribe y Latinoam\u00e9rica.<\/p>\n\n\n\n<figure class=\"wp-block-image size-large\"><img loading=\"lazy\" decoding=\"async\" width=\"1024\" height=\"576\" src=\"https:\/\/elmundodelosnegocios.com.do\/v1\/wp-content\/uploads\/2024\/02\/16-1024x576.jpg\" alt=\"\" class=\"wp-image-49281\" srcset=\"https:\/\/elmundodelosnegocios.com.do\/v1\/wp-content\/uploads\/2024\/02\/16-1024x576.jpg 1024w, https:\/\/elmundodelosnegocios.com.do\/v1\/wp-content\/uploads\/2024\/02\/16-300x169.jpg 300w, https:\/\/elmundodelosnegocios.com.do\/v1\/wp-content\/uploads\/2024\/02\/16-768x432.jpg 768w, https:\/\/elmundodelosnegocios.com.do\/v1\/wp-content\/uploads\/2024\/02\/16.jpg 1080w\" sizes=\"auto, (max-width: 1024px) 100vw, 1024px\" \/><\/figure>\n\n\n\n<p>&nbsp;Este crecimiento es el resultado conjunto de la Junta de Aviaci\u00f3n Civil, las instituciones del gobierno y el sector. La robustez de la actividad a\u00e9rea nacional en los primeros diez meses del 2023, convierten a la aviaci\u00f3n civil dominicana en una industria estrat\u00e9gica que impulsa el crecimiento econ\u00f3mico y el desarrollo nacional.<\/p>\n\n\n\n<p>Los datos presentados son muy prometedores. Enero 2023 acogi\u00f3 1,577,988 pasajeros, coloc\u00e1ndose por d\u00e9cimo mes consecutivo en r\u00e9cord de tr\u00e1fico de pasajeros en el pa\u00eds. El presidente de la JAC confirm\u00f3 que \u201cen el primer mes del a\u00f1o 2023 se transportaron 753,415 pasajeros en vuelos de llegada y 824,583 en vuelos de salida, en 11,801 operaciones a\u00e9reas\u201d. Junto a esto, el sector a\u00e9reo no incide solamente en el turismo.<\/p>\n\n\n\n<p>Rep\u00fablica Dominicana tiene una ubicaci\u00f3n geogr\u00e1fica estrat\u00e9gica en el Caribe, que la convierte en un importante centro de transporte y comercio en la regi\u00f3n. Convencidos de su gran potencial para convertirse en Hub de Carga A\u00e9rea Internacional, la JAC junto a la Direcci\u00f3n General de Aduanas (DGA), y los actores del sector log\u00edstico a\u00fanan esfuerzos para conseguirlo.<\/p>\n\n\n\n<p>En este mismo sentido, es importante resaltar el impulso que la nueva Ley 57-23, aprobada en noviembre de 2023, dar\u00e1 a la aviaci\u00f3n civil en Rep\u00fablica Dominicana. La nueva legislaci\u00f3n no s\u00f3lo aumentar\u00e1 el n\u00famero de visitantes v\u00eda a\u00e9rea, sino que tambi\u00e9n fomentar\u00e1 el establecimiento de nuevas rutas desde y hacia mercados estrat\u00e9gicos, fomentando la captaci\u00f3n de inversi\u00f3n.<\/p>\n\n\n\n<p>Junto a ello, la posici\u00f3n de Rep\u00fablica Dominicana como punto de conexi\u00f3n para el transporte de carga y la inversi\u00f3n internacional se ver\u00e1 fortalecido. La ley permitir\u00e1 el desarrollo de aerol\u00edneas nacionales e internacionales establecidas en el pa\u00eds.<\/p>\n","protected":false},"excerpt":{"rendered":"<p>La conectividad a\u00e9rea es un factor clave para impulsar los sectores productivos de Rep\u00fablica Dominicana. As\u00ed lo resalta el presidente de la Junta de Aviaci\u00f3n Civil (JAC), el Dr. Jos\u00e9&hellip; <\/p>\n","protected":false},"author":2,"featured_media":49281,"comment_status":"closed","ping_status":"closed","sticky":false,"template":"","format":"standard","meta":{"fifu_image_url":"","fifu_image_alt":"","footnotes":""},"categories":[168],"tags":[],"class_list":["post-49280","post","type-post","status-publish","format-standard","has-post-thumbnail","hentry","category-transporte-aereo"],"_links":{"self":[{"href":"https:\/\/elmundodelosnegocios.com.do\/v1\/wp-json\/wp\/v2\/posts\/49280","targetHints":{"allow":["GET"]}}],"collection":[{"href":"https:\/\/elmundodelosnegocios.com.do\/v1\/wp-json\/wp\/v2\/posts"}],"about":[{"href":"https:\/\/elmundodelosnegocios.com.do\/v1\/wp-json\/wp\/v2\/types\/post"}],"author":[{"embeddable":true,"href":"https:\/\/elmundodelosnegocios.com.do\/v1\/wp-json\/wp\/v2\/users\/2"}],"replies":[{"embeddable":true,"href":"https:\/\/elmundodelosnegocios.com.do\/v1\/wp-json\/wp\/v2\/comments?post=49280"}],"version-history":[{"count":2,"href":"https:\/\/elmundodelosnegocios.com.do\/v1\/wp-json\/wp\/v2\/posts\/49280\/revisions"}],"predecessor-version":[{"id":49341,"href":"https:\/\/elmundodelosnegocios.com.do\/v1\/wp-json\/wp\/v2\/posts\/49280\/revisions\/49341"}],"wp:featuredmedia":[{"embeddable":true,"href":"https:\/\/elmundodelosnegocios.com.do\/v1\/wp-json\/wp\/v2\/media\/49281"}],"wp:attachment":[{"href":"https:\/\/elmundodelosnegocios.com.do\/v1\/wp-json\/wp\/v2\/media?parent=49280"}],"wp:term":[{"taxonomy":"category","embeddable":true,"href":"https:\/\/elmundodelosnegocios.com.do\/v1\/wp-json\/wp\/v2\/categories?post=49280"},{"taxonomy":"post_tag","embeddable":true,"href":"https:\/\/elmundodelosnegocios.com.do\/v1\/wp-json\/wp\/v2\/tags?post=49280"}],"curies":[{"name":"wp","href":"https:\/\/api.w.org\/{rel}","templated":true}]}}