{"id":4930,"date":"2021-04-19T09:23:43","date_gmt":"2021-04-19T13:53:43","guid":{"rendered":"http:\/\/elmundodelosnegocios.com.do\/v1\/?p=4930"},"modified":"2021-04-19T09:23:43","modified_gmt":"2021-04-19T13:53:43","slug":"las-materias-primas-siguen-al-alza-y-ya-estan-en-niveles-del-ano-2018","status":"publish","type":"post","link":"https:\/\/elmundodelosnegocios.com.do\/v1\/las-materias-primas-siguen-al-alza-y-ya-estan-en-niveles-del-ano-2018\/","title":{"rendered":"Las materias primas siguen al alza y ya est\u00e1n en niveles del a\u00f1o 2018"},"content":{"rendered":"<p>Los precios de las materias primas contin\u00faan su escalada tras el desplome que registraron con la interrupci\u00f3n de la actividad econ\u00f3mica durante la pandemia, y han repuntado un 12.3 % en el primer trimestre del a\u00f1o, con lo que ya est\u00e1n por encima del nivel que ten\u00edan en 2018.<\/p>\n<p>El principal motivo del alza es la recuperaci\u00f3n de las econom\u00edas de la crisis del coronavirus, aunque tambi\u00e9n influyen elementos especulativos y las perspectivas sobre un d\u00f3lar m\u00e1s barato.El \u00edndice general que elabora el Fondo Monetario Internacional (FMI) a partir del precio de 68 materias primas recuper\u00f3 el nivel que ten\u00eda antes de la pandemia el pasado mes de diciembre. En el primer trimestre de 2021 ha subido un 12.3 % frente a los tres meses precedentes y ha alcanzado una cota que supera un 8.8 % a la media de 2018.<\/p>\n<p>El \u00edndice de metales b\u00e1sicos, los que se usan en los sectores industriales (acero, cobre, niquel, cobalto, aluminio, etc), cerr\u00f3 en marzo con un alza del 49 % frente a 2018; mientras que el de alimentaci\u00f3n se ha revalorizado el 15.7 %.<\/p>\n<p>El de energ\u00eda, que est\u00e1 confeccionado con los precios del petr\u00f3leo, carb\u00f3n, gas natural y propano, se recupera m\u00e1s despacio y a\u00fan presenta una ca\u00edda del 10 % frente a 2018, aunque frente a 2019 es un 4.1 % superior.<\/p>\n<p>La directora general de CMC Markets, Sara Carbonell, explica que la subida responde al aumento de la demanda por las expectativas de recuperaci\u00f3n de la econom\u00eda, aunque tambi\u00e9n existe un componente especulativo.<\/p>\n","protected":false},"excerpt":{"rendered":"<p>Los precios de las materias primas contin\u00faan su escalada tras el desplome que registraron con la interrupci\u00f3n de la actividad econ\u00f3mica durante la pandemia, y han repuntado un 12.3 %&hellip; <\/p>\n","protected":false},"author":2,"featured_media":4931,"comment_status":"open","ping_status":"open","sticky":false,"template":"","format":"standard","meta":{"fifu_image_url":"","fifu_image_alt":"","footnotes":""},"categories":[62],"tags":[],"class_list":["post-4930","post","type-post","status-publish","format-standard","has-post-thumbnail","hentry","category-economia"],"_links":{"self":[{"href":"https:\/\/elmundodelosnegocios.com.do\/v1\/wp-json\/wp\/v2\/posts\/4930","targetHints":{"allow":["GET"]}}],"collection":[{"href":"https:\/\/elmundodelosnegocios.com.do\/v1\/wp-json\/wp\/v2\/posts"}],"about":[{"href":"https:\/\/elmundodelosnegocios.com.do\/v1\/wp-json\/wp\/v2\/types\/post"}],"author":[{"embeddable":true,"href":"https:\/\/elmundodelosnegocios.com.do\/v1\/wp-json\/wp\/v2\/users\/2"}],"replies":[{"embeddable":true,"href":"https:\/\/elmundodelosnegocios.com.do\/v1\/wp-json\/wp\/v2\/comments?post=4930"}],"version-history":[{"count":0,"href":"https:\/\/elmundodelosnegocios.com.do\/v1\/wp-json\/wp\/v2\/posts\/4930\/revisions"}],"wp:featuredmedia":[{"embeddable":true,"href":"https:\/\/elmundodelosnegocios.com.do\/v1\/wp-json\/wp\/v2\/media\/4931"}],"wp:attachment":[{"href":"https:\/\/elmundodelosnegocios.com.do\/v1\/wp-json\/wp\/v2\/media?parent=4930"}],"wp:term":[{"taxonomy":"category","embeddable":true,"href":"https:\/\/elmundodelosnegocios.com.do\/v1\/wp-json\/wp\/v2\/categories?post=4930"},{"taxonomy":"post_tag","embeddable":true,"href":"https:\/\/elmundodelosnegocios.com.do\/v1\/wp-json\/wp\/v2\/tags?post=4930"}],"curies":[{"name":"wp","href":"https:\/\/api.w.org\/{rel}","templated":true}]}}