{"id":4942,"date":"2021-04-20T08:24:52","date_gmt":"2021-04-20T12:54:52","guid":{"rendered":"http:\/\/elmundodelosnegocios.com.do\/v1\/?p=4942"},"modified":"2021-04-20T08:24:52","modified_gmt":"2021-04-20T12:54:52","slug":"firman-infotep-y-reservas-del-pais-convenio-impulsar-productividad-mipymes","status":"publish","type":"post","link":"https:\/\/elmundodelosnegocios.com.do\/v1\/firman-infotep-y-reservas-del-pais-convenio-impulsar-productividad-mipymes\/","title":{"rendered":"Firman INFOTEP y Reservas del Pa\u00eds convenio impulsar productividad MIPYMES"},"content":{"rendered":"<p>El Instituto Nacional de Formaci\u00f3n T\u00e9cnico Profesional (INFOTEP) y la Fundaci\u00f3n Reservas del Pa\u00eds firmaron un acuerdo interinstitucional para impulsar el fortalecimiento de la microempresa, cuyos colaboradores recibir\u00e1n capacitaci\u00f3n y actualizaci\u00f3n en distintos \u00e1mbitos del conocimiento y la formaci\u00f3n humana, emocional, gerencial, y administrativa.<\/p>\n<p>El convenio, con una duraci\u00f3n de tres a\u00f1os,  fue suscrito por el director general de la entidad tripartita, Rafael Santos Bad\u00eda, y la presidenta ejecutiva de la Fundaci\u00f3n Reservas del Pa\u00eds, Mar\u00eda Isabel P\u00e9rez Magluta, quienes resaltaron la importancia de las Micro, Peque\u00f1as y Medianas Empresas (MIPYMES) en la econom\u00eda nacional.<\/p>\n<p>Establece el acuerdo iniciativas y estrategias puntuales para impulsar las competencias t\u00e9cnicas y gerenciales de 900 colaboradores de las microempresas e instituciones de financiamiento solidario, que se benefician de los servicios y programas que lleva a cabo la fundaci\u00f3n.<\/p>\n<p>Santos Bad\u00eda explic\u00f3 que el acuerdo contempla la gesti\u00f3n de pasant\u00edas e inserci\u00f3n laboral para los egresados de las acciones de formaci\u00f3n impartidas por la entidad tripartita a los colaboradores del sector micro empresarial.<\/p>\n<p>\u201cNosotros reiteramos nuestro compromiso de impulsar la productividad y la competitividad empresarial, propiciando la responsabilidad social, el aprendizaje permanente e incluyente, el trabajo decente y el emprendimiento en los sectores productivos estrat\u00e9gicos\u201d, precis\u00f3.<\/p>\n<p>Manifest\u00f3 que tanto el \u00f3rgano rector de la formaci\u00f3n t\u00e9cnico profesional, que dirige, como la Fundaci\u00f3n Reservas del Pa\u00eds, est\u00e1n convencidos de que el apoyo aunado a las microempresas dominicanas, fortalece el tejido de ese subsector y constituye una garant\u00eda de incuestionable bienestar para la poblaci\u00f3n.<\/p>\n<p> El director general de la instituci\u00f3n rectora de la formaci\u00f3n t\u00e9cnico profesional refiri\u00f3 que la Estrategia Nacional de Desarrollo (END) establece como l\u00ednea de acci\u00f3n \u201cpromover el desarrollo de cooperativas y otras formas asociativas, que fomenten el ahorro y faciliten el acceso al cr\u00e9dito a sectores tradicionalmente excluidos del sistema financiero formal, incluyendo a j\u00f3venes y mujeres\u201d.<\/p>\n<p>Por la calidad<\/p>\n<p>La presidenta ejecutiva de la Fundaci\u00f3n Reservas del Pa\u00eds expuso la satisfacci\u00f3n de aunar esfuerzos con el INFOTEP \u201cdonde siempre ha primado la calidad, en cada uno de sus talleres\u201d y resalt\u00f3 la importancia de las MIPYMES para la econom\u00eda nacional.<\/p>\n<p>Mar\u00eda Isabel P\u00e9rez Magluta garantiz\u00f3 que, a trav\u00e9s de este acuerdo, ambas entidades contribuir\u00e1n al Plan de Reactivaci\u00f3n de las MIPYMES, dando apoyo y continuidad a \u201cuna estrategia enfocada en la inclusi\u00f3n financiera, la democratizaci\u00f3n del cr\u00e9dito y el fortalecimiento de capacidades para el desarrollo de nuevas oportunidades\u201d.<\/p>\n<p>\u201cEl alcance de esta colaboraci\u00f3n ser\u00e1 a nivel nacional, dirigida a sectores econ\u00f3micos tales como el agropecuario, comercio y servicios, abarcando la implementaci\u00f3n de iniciativas que continuar\u00e1n robusteciendo nuestras instituciones aliadas de finanzas solidarias\u201d, indic\u00f3.<\/p>\n<p>Formaci\u00f3n para directivos, t\u00e9cnicos y personal de apoyo<\/p>\n<p>Entre las \u00e1reas de formaci\u00f3n para el personal directivo, administrativo, t\u00e9cnico y de apoyo se encuentran Liderazgo, Manejo de conflictos, trabajo en equipo, Servicio al cliente, Comunicaci\u00f3n efectiva y Manejo efectivo del tiempo.<\/p>\n<p>\u201cAdicionalmente ser\u00e1n formados, como facilitadores, los colaboradores de la Fundaci\u00f3n Reserva del Pa\u00eds, para que puedan fortalecer y posicionar el ejercicio y sostenibilidad de los microempresarios; adem\u00e1s, de que actualizaremos los programas de formaci\u00f3n, de cara a las necesidades de las microempresas e instituciones de intermediaci\u00f3n financiera\u201d.<\/p>\n<p>Antecedentes<\/p>\n<p>Desde el a\u00f1o 2018, el INFOTEP y la Fundaci\u00f3n Reservas del Pa\u00eds han capacitado a m\u00e1s de mil participantes, el 72% de los cuales son mujeres,  en las \u00e1reas de Servicio con Excelencia, Trabajo en equipo, Liderazgo y Supervisi\u00f3n Efectiva, Mercadeo del microcr\u00e9dito, Finanzas Personales y Manejo y Soluci\u00f3n de conflictos.<\/p>\n<p>En la actualidad, el INFOTEP imparte, a trav\u00e9s de la Fundaci\u00f3n Reservas del Pa\u00eds,  tres capacitaciones, que son Liderazgo y Supervisi\u00f3n efectiva, Finanzas Personales y Comunicaci\u00f3n Efectiva, a los que asisten 106 participantes.<\/p>\n<p>La fundaci\u00f3n apoya a sectores productivos como colmados, fantas\u00edas, vendedores de productos naturales, flores artificiales, salones de belleza, costureras, cafeter\u00edas, comedores, confecci\u00f3n; as\u00ed como a productores de jab\u00f3n l\u00edquido para la limpieza, y otros rubros para la higiene y la belleza.<\/p>\n<p>Tambi\u00e9n a sectores de la agroindustria, la vivienda productiva y del mercado artesanal.<\/p>\n","protected":false},"excerpt":{"rendered":"<p>El Instituto Nacional de Formaci\u00f3n T\u00e9cnico Profesional (INFOTEP) y la Fundaci\u00f3n Reservas del Pa\u00eds firmaron un acuerdo interinstitucional para impulsar el fortalecimiento de la microempresa, cuyos colaboradores recibir\u00e1n capacitaci\u00f3n y&hellip; <\/p>\n","protected":false},"author":2,"featured_media":4943,"comment_status":"open","ping_status":"open","sticky":false,"template":"","format":"standard","meta":{"fifu_image_url":"","fifu_image_alt":"","footnotes":""},"categories":[151],"tags":[],"class_list":["post-4942","post","type-post","status-publish","format-standard","has-post-thumbnail","hentry","category-gerencia"],"_links":{"self":[{"href":"https:\/\/elmundodelosnegocios.com.do\/v1\/wp-json\/wp\/v2\/posts\/4942","targetHints":{"allow":["GET"]}}],"collection":[{"href":"https:\/\/elmundodelosnegocios.com.do\/v1\/wp-json\/wp\/v2\/posts"}],"about":[{"href":"https:\/\/elmundodelosnegocios.com.do\/v1\/wp-json\/wp\/v2\/types\/post"}],"author":[{"embeddable":true,"href":"https:\/\/elmundodelosnegocios.com.do\/v1\/wp-json\/wp\/v2\/users\/2"}],"replies":[{"embeddable":true,"href":"https:\/\/elmundodelosnegocios.com.do\/v1\/wp-json\/wp\/v2\/comments?post=4942"}],"version-history":[{"count":0,"href":"https:\/\/elmundodelosnegocios.com.do\/v1\/wp-json\/wp\/v2\/posts\/4942\/revisions"}],"wp:featuredmedia":[{"embeddable":true,"href":"https:\/\/elmundodelosnegocios.com.do\/v1\/wp-json\/wp\/v2\/media\/4943"}],"wp:attachment":[{"href":"https:\/\/elmundodelosnegocios.com.do\/v1\/wp-json\/wp\/v2\/media?parent=4942"}],"wp:term":[{"taxonomy":"category","embeddable":true,"href":"https:\/\/elmundodelosnegocios.com.do\/v1\/wp-json\/wp\/v2\/categories?post=4942"},{"taxonomy":"post_tag","embeddable":true,"href":"https:\/\/elmundodelosnegocios.com.do\/v1\/wp-json\/wp\/v2\/tags?post=4942"}],"curies":[{"name":"wp","href":"https:\/\/api.w.org\/{rel}","templated":true}]}}