{"id":4948,"date":"2021-04-20T08:27:08","date_gmt":"2021-04-20T12:57:08","guid":{"rendered":"http:\/\/elmundodelosnegocios.com.do\/v1\/?p=4948"},"modified":"2021-04-20T08:27:08","modified_gmt":"2021-04-20T12:57:08","slug":"map-pondera-importancia-de-premio-iberoamericano-de-calidad-que-recibira-senasa","status":"publish","type":"post","link":"https:\/\/elmundodelosnegocios.com.do\/v1\/map-pondera-importancia-de-premio-iberoamericano-de-calidad-que-recibira-senasa\/","title":{"rendered":"MAP pondera importancia de Premio Iberoamericano de Calidad que recibir\u00e1 SeNaSa"},"content":{"rendered":"<p>Santo Domingo, R.D.  Abril 18 del 2021.- El Ministerio de Administraci\u00f3n P\u00fablica (MAP) ponder\u00f3 la importancia de la Medalla de Oro y de la Menci\u00f3n Especial de la XXI edici\u00f3n del Premio Iberoamericano de la Calidad 2020, que recibir\u00e1 el Seguro Nacional de Salud (Senasa) y el Instituto Polit\u00e9cnico Padre Bartolom\u00e9 Vegh, respectivamente,  durante una ceremonia que se efectuar\u00e1 en el marco de la XXVII Cumbre Iberoamericana de Jefes de Estado y de Gobierno, que se celebrar\u00e1 este martes 20 de abril, en Andorra, con la participaci\u00f3n del presidente Lu\u00eds Abinader.<\/p>\n<p>El licenciado Dar\u00edo Castillo Lugo, titular del MAP, expres\u00f3 su satisfacci\u00f3n ante el logro alcanzado por la entidad gubernamental y el instituto salesiano, de las cuales dijo lo siguiente: \u201caprovechamos la ocasi\u00f3n para reiterar nuestras felicitaciones al Seguro Nacional de Salud por el reconocimiento obtenido a trav\u00e9s del Premio Iberoamericano a la Calidad 2020, categor\u00eda Oro, as\u00ed como tambi\u00e9n al Instituto Polit\u00e9cnico Padre Bartolom\u00e9 Vegh; organizaciones dominicanas que se han destacado internacionalmente como referentes de calidad y excelencia de la Administraci\u00f3n P\u00fablica\u201d.<\/p>\n<p>El funcionario record\u00f3 que antes de alcanzar este logro, el SeNaSa tuvo que participar varias veces en el Premio Nacional a la Calidad, que organiza el MAP, tomando como base la aplicaci\u00f3n del Marco Com\u00fan de Evaluaci\u00f3n (CAF, por sus siglas en ingl\u00e9s), obteniendo en el 2013, el Gran Premio Nacional a la Calidad, y alcanzando medallas de bronce, plata y oro, en 2007, 2008 y 2009, respectivamente.<\/p>\n<p>Dijo que el doctor Santiago Hazim, director ejecutivo del SeNaSa, acudir\u00e1 al certamen internacional a recibir el galard\u00f3n que convierte a esta instituci\u00f3n en la \u00fanica aseguradora de riesgos de salud del pa\u00eds en lograr este reconocimiento internacional.<\/p>\n<p>Sostuvo que todas las instituciones galardonadas con premios internacionales han sido ganadoras de Premio Nacional a la Calidad, entre las que cit\u00f3 el Instituto Dominicano de Aviaci\u00f3n Civil (IDAC), que recibi\u00f3, en noviembre del 2018, el gran Premio de Oro de la Excelencia de la Fundaci\u00f3n Iberoamericana de la Calidad (FUNDIBEQ), y la Junta de Aviaci\u00f3n Civil (JAC), galardonada con el reconocimiento Plata a la excelencia en la Gesti\u00f3n, durante esa misma edici\u00f3n de los premios iberoamericanos de la calidad.<\/p>\n<p>Mientras que el Hospital Pedi\u00e1trico Dr. Hugo Mendoza, gan\u00f3 la categor\u00eda oro, el m\u00e1ximo galard\u00f3n del XXI Premio Iberoamericano de la Calidad, que otorga la Fundaci\u00f3n Iberoamericana para la Gesti\u00f3n de la Calidad (FUNDIBEQ), el cual recibi\u00f3 en febrero de 2019.<\/p>\n<p>En tanto que el Hospital Traumatol\u00f3gico y Quir\u00fargico Profesor Juan Bosch, de la provincia La Vega, le fue otorgado el galard\u00f3n Plata del Premio Iberoamericano a la Calidad 2017, y el Instituto Tecnol\u00f3gico de Las Am\u00e9ricas (ITLA) fue galardonado en el 2013 con una Menci\u00f3n Especial.<\/p>\n<p>Adem\u00e1s, la Oficina Nacional de la Propiedad Industrial (ONAPI), recibi\u00f3 un reconocimiento de Plata en el 2010, y en el 2011 ese mismo galard\u00f3n le fue otorgado por la FUNDIBEQ, al Programa de Medicamentos Esenciales\/Central de Apoyo Log\u00edstico (Promese\/CAL), entidad que result\u00f3 acreedora del Primer Premio al Servicio P\u00fablico en la categor\u00eda \u00abMejorando la Prestaci\u00f3n de los Servicios P\u00fablicos\u00bb 2012, que entrega la Organizaci\u00f3n de las Naciones Unidas (ONU).<\/p>\n<p>El Premio Iberoamericano de la Calidad, convocado por primera vez en el a\u00f1o 1999, es un Proyecto adscrito a la Cumbre Iberoamericana de Jefes de Estado y de Gobierno, coordinado por la Secretar\u00eda General Iberoamericana (SEGIB) y gestionado por FUNDIBEQ.<\/p>\n<p>Los actos correspondientes a la XXVII Cumbre Iberoamericana de Jefes de Estado y de Gobierno, entre ellos, la entrega del Premio Iberoamericano de la Calidad 2020, se celebrar\u00e1n del 19 al 21 del presente mes, en Andorra.<\/p>\n<p>Al Premio Iberoamericano de la Calidad pueden acceder Organizaciones Iberoamericanas, ya sean administraciones p\u00fablicas o empresas p\u00fablicas y privadas.<\/p>\n","protected":false},"excerpt":{"rendered":"<p>Santo Domingo, R.D. Abril 18 del 2021.- El Ministerio de Administraci\u00f3n P\u00fablica (MAP) ponder\u00f3 la importancia de la Medalla de Oro y de la Menci\u00f3n Especial de la XXI edici\u00f3n&hellip; <\/p>\n","protected":false},"author":2,"featured_media":4949,"comment_status":"open","ping_status":"open","sticky":false,"template":"","format":"standard","meta":{"fifu_image_url":"","fifu_image_alt":"","footnotes":""},"categories":[151],"tags":[],"class_list":["post-4948","post","type-post","status-publish","format-standard","has-post-thumbnail","hentry","category-gerencia"],"_links":{"self":[{"href":"https:\/\/elmundodelosnegocios.com.do\/v1\/wp-json\/wp\/v2\/posts\/4948","targetHints":{"allow":["GET"]}}],"collection":[{"href":"https:\/\/elmundodelosnegocios.com.do\/v1\/wp-json\/wp\/v2\/posts"}],"about":[{"href":"https:\/\/elmundodelosnegocios.com.do\/v1\/wp-json\/wp\/v2\/types\/post"}],"author":[{"embeddable":true,"href":"https:\/\/elmundodelosnegocios.com.do\/v1\/wp-json\/wp\/v2\/users\/2"}],"replies":[{"embeddable":true,"href":"https:\/\/elmundodelosnegocios.com.do\/v1\/wp-json\/wp\/v2\/comments?post=4948"}],"version-history":[{"count":0,"href":"https:\/\/elmundodelosnegocios.com.do\/v1\/wp-json\/wp\/v2\/posts\/4948\/revisions"}],"wp:featuredmedia":[{"embeddable":true,"href":"https:\/\/elmundodelosnegocios.com.do\/v1\/wp-json\/wp\/v2\/media\/4949"}],"wp:attachment":[{"href":"https:\/\/elmundodelosnegocios.com.do\/v1\/wp-json\/wp\/v2\/media?parent=4948"}],"wp:term":[{"taxonomy":"category","embeddable":true,"href":"https:\/\/elmundodelosnegocios.com.do\/v1\/wp-json\/wp\/v2\/categories?post=4948"},{"taxonomy":"post_tag","embeddable":true,"href":"https:\/\/elmundodelosnegocios.com.do\/v1\/wp-json\/wp\/v2\/tags?post=4948"}],"curies":[{"name":"wp","href":"https:\/\/api.w.org\/{rel}","templated":true}]}}