{"id":49494,"date":"2024-02-13T16:23:24","date_gmt":"2024-02-13T20:53:24","guid":{"rendered":"https:\/\/elmundodelosnegocios.com.do\/v1\/?p=49494"},"modified":"2024-02-14T08:49:11","modified_gmt":"2024-02-14T13:19:11","slug":"centro-de-desarrollo-integral-para-la-mujer-y-banco-bhd-promueven-insercion-laboral","status":"publish","type":"post","link":"https:\/\/elmundodelosnegocios.com.do\/v1\/centro-de-desarrollo-integral-para-la-mujer-y-banco-bhd-promueven-insercion-laboral\/","title":{"rendered":"Promueven Centro Desarrollo Integral para la Mujer y Banco BHD inserci\u00f3n laboral"},"content":{"rendered":"\n<p>SANTO DOMINGO.\u2013 El Centro de Desarrollo Integral para la Mujer (CEDI-Mujer) anunci\u00f3 un acuerdo de colaboraci\u00f3n interinstitucional con el Banco BHD, primera empresa a integrarse a esta iniciativa, a trav\u00e9s del cual se comprometen a impulsar acciones que contribuyan a la inserci\u00f3n laboral de las mujeres en situaci\u00f3n de vulnerabilidad.<\/p>\n\n\n<div class=\"wp-block-image\">\n<figure class=\"aligncenter size-large\"><img loading=\"lazy\" decoding=\"async\" width=\"2560\" height=\"1441\" src=\"https:\/\/elmundodelosnegocios.com.do\/v1\/wp-content\/uploads\/2024\/02\/Ana-Lendor-y-Josefina-Navarro-ho-edited.jpg\" alt=\"\" class=\"wp-image-49496\" srcset=\"https:\/\/elmundodelosnegocios.com.do\/v1\/wp-content\/uploads\/2024\/02\/Ana-Lendor-y-Josefina-Navarro-ho-edited.jpg 2560w, https:\/\/elmundodelosnegocios.com.do\/v1\/wp-content\/uploads\/2024\/02\/Ana-Lendor-y-Josefina-Navarro-ho-edited-300x169.jpg 300w, https:\/\/elmundodelosnegocios.com.do\/v1\/wp-content\/uploads\/2024\/02\/Ana-Lendor-y-Josefina-Navarro-ho-edited-1024x576.jpg 1024w, https:\/\/elmundodelosnegocios.com.do\/v1\/wp-content\/uploads\/2024\/02\/Ana-Lendor-y-Josefina-Navarro-ho-edited-768x432.jpg 768w, https:\/\/elmundodelosnegocios.com.do\/v1\/wp-content\/uploads\/2024\/02\/Ana-Lendor-y-Josefina-Navarro-ho-edited-1536x865.jpg 1536w, https:\/\/elmundodelosnegocios.com.do\/v1\/wp-content\/uploads\/2024\/02\/Ana-Lendor-y-Josefina-Navarro-ho-edited-2048x1153.jpg 2048w\" sizes=\"auto, (max-width: 2560px) 100vw, 2560px\" \/><\/figure>\n<\/div>\n\n\n<p>Durante el encuentro, Ana Lendor, directora de CEDI-Mujer destac\u00f3 que \u201ccon CEDI-Mujer perseguimos el prop\u00f3sito de propiciar iniciativas que promuevan una mejor calidad de vida de mujeres y adolescentes que se encuentren en un estado vulnerable\u201d.<\/p>\n\n\n\n<p>Expres\u00f3 que \u201ceste trabajo colaborativo es motivo de celebraci\u00f3n, pero tambi\u00e9n un llamado a la reflexi\u00f3n de que todos y todas debemos tomar acci\u00f3n si realmente queremos generar un cambio en la sociedad para lograr un mundo en el que todas las mujeres puedan alcanzar su m\u00e1ximo potencial\u201d.<\/p>\n\n\n\n<p>Asimismo, Josefina Navarro, vicepresidenta s\u00e9nior de Comunicaci\u00f3n Corporativa y Responsabilidad Social del Banco BHD, dijo que \u201ccomo banco referente de la mujer en nuestro pa\u00eds, a trav\u00e9s de esta iniciativa reafirmamos nuestro compromiso con su desarrollo integral al contribuir a su inclusi\u00f3n socioecon\u00f3mica, laboral y con el bienestar tanto de ellas como la de sus familias\u201d.<\/p>\n\n\n\n<p>A trav\u00e9s de este programa, el Banco BHD dar\u00e1 la oportunidad a las beneficiarias de CEDI-Mujer de tener acceso a capacitaciones sobre educaci\u00f3n financiera y podr\u00e1n realizar pasant\u00edas en distintas \u00e1reas de la entidad financiera mediante el primer piloto de \u201cInserci\u00f3n Laboral de Mujeres en Situaci\u00f3n de Vulnerabilidad\u201d. Con la ejecuci\u00f3n de esta iniciativa, afianza la aplicaci\u00f3n de programas incluidos en su estrategia de responsabilidad social e inserci\u00f3n laboral.<\/p>\n\n\n\n<p>Mientras que CEDI-Mujer se compromete a realizar un diagn\u00f3stico psicosocial de las beneficiarias, propiciarles un espacio adecuado para recibir las capacitaciones y evaluaciones, as\u00ed como proveerles un incentivo para transporte durante la formaci\u00f3n.<\/p>\n\n\n\n<p>Una comisi\u00f3n mixta supervisar\u00e1, analizar\u00e1 y auditar\u00e1 el proceso del convenio para velar su correcta aplicaci\u00f3n como garant\u00eda de \u00e9xito del proyecto, siendo esta la primera alianza p\u00fablico-privada de las que CEDI-Mujer estar\u00e1 firmando en los pr\u00f3ximos meses con otras empresas que han expresado inter\u00e9s y estar\u00e1n participando en la segunda fase del piloto.<\/p>\n\n\n\n<p>La firma de este acuerdo evidencia el fuerte compromiso social que tienen ambas entidades, y es tambi\u00e9n un llamado a que entidades p\u00fablicas y privadas realicen acciones conjuntas de cara a apoyar a las mujeres en su camino hacia la autonom\u00eda econ\u00f3mica.<\/p>\n","protected":false},"excerpt":{"rendered":"<p>SANTO DOMINGO.\u2013 El Centro de Desarrollo Integral para la Mujer (CEDI-Mujer) anunci\u00f3 un acuerdo de colaboraci\u00f3n interinstitucional con el Banco BHD, primera empresa a integrarse a esta iniciativa, a trav\u00e9s&hellip; <\/p>\n","protected":false},"author":2,"featured_media":49495,"comment_status":"closed","ping_status":"closed","sticky":false,"template":"","format":"standard","meta":{"fifu_image_url":"","fifu_image_alt":"","footnotes":""},"categories":[151],"tags":[],"class_list":["post-49494","post","type-post","status-publish","format-standard","has-post-thumbnail","hentry","category-gerencia"],"_links":{"self":[{"href":"https:\/\/elmundodelosnegocios.com.do\/v1\/wp-json\/wp\/v2\/posts\/49494","targetHints":{"allow":["GET"]}}],"collection":[{"href":"https:\/\/elmundodelosnegocios.com.do\/v1\/wp-json\/wp\/v2\/posts"}],"about":[{"href":"https:\/\/elmundodelosnegocios.com.do\/v1\/wp-json\/wp\/v2\/types\/post"}],"author":[{"embeddable":true,"href":"https:\/\/elmundodelosnegocios.com.do\/v1\/wp-json\/wp\/v2\/users\/2"}],"replies":[{"embeddable":true,"href":"https:\/\/elmundodelosnegocios.com.do\/v1\/wp-json\/wp\/v2\/comments?post=49494"}],"version-history":[{"count":2,"href":"https:\/\/elmundodelosnegocios.com.do\/v1\/wp-json\/wp\/v2\/posts\/49494\/revisions"}],"predecessor-version":[{"id":49534,"href":"https:\/\/elmundodelosnegocios.com.do\/v1\/wp-json\/wp\/v2\/posts\/49494\/revisions\/49534"}],"wp:featuredmedia":[{"embeddable":true,"href":"https:\/\/elmundodelosnegocios.com.do\/v1\/wp-json\/wp\/v2\/media\/49495"}],"wp:attachment":[{"href":"https:\/\/elmundodelosnegocios.com.do\/v1\/wp-json\/wp\/v2\/media?parent=49494"}],"wp:term":[{"taxonomy":"category","embeddable":true,"href":"https:\/\/elmundodelosnegocios.com.do\/v1\/wp-json\/wp\/v2\/categories?post=49494"},{"taxonomy":"post_tag","embeddable":true,"href":"https:\/\/elmundodelosnegocios.com.do\/v1\/wp-json\/wp\/v2\/tags?post=49494"}],"curies":[{"name":"wp","href":"https:\/\/api.w.org\/{rel}","templated":true}]}}