{"id":49501,"date":"2024-02-13T16:47:13","date_gmt":"2024-02-13T21:17:13","guid":{"rendered":"https:\/\/elmundodelosnegocios.com.do\/v1\/?p=49501"},"modified":"2024-02-14T08:46:47","modified_gmt":"2024-02-14T13:16:47","slug":"sector-de-zonas-francas-alcanza-nuevos-hitos-con-exportaciones-de-8060-millones-de-dolares","status":"publish","type":"post","link":"https:\/\/elmundodelosnegocios.com.do\/v1\/sector-de-zonas-francas-alcanza-nuevos-hitos-con-exportaciones-de-8060-millones-de-dolares\/","title":{"rendered":"Nuevos hitos sector zonas francas con exportaciones 8,060 millones d\u00f3lares"},"content":{"rendered":"\n<p>Santo Domingo.- Durante el&nbsp; 2023,&nbsp;<strong>el sector de zonas francas<\/strong>&nbsp;continu\u00f3 registrando&nbsp;<strong>cifras r\u00e9cords&nbsp;<\/strong>en sus principales variables. El valor de las exportaciones registr\u00f3 la suma de&nbsp;<strong>8,060 millones de d\u00f3lares<\/strong>, para evidenciar un&nbsp;<strong>crecimiento de 3.8 %<\/strong>, con respecto al a\u00f1o 2022, lo que representa el&nbsp;<strong>70 % de las exportaciones totales<\/strong>&nbsp;del pa\u00eds.<\/p>\n\n\n<div class=\"wp-block-image\">\n<figure class=\"aligncenter size-large\"><img loading=\"lazy\" decoding=\"async\" width=\"1024\" height=\"576\" src=\"https:\/\/elmundodelosnegocios.com.do\/v1\/wp-content\/uploads\/2024\/02\/001-1024x576.jpeg\" alt=\"\" class=\"wp-image-49502\" srcset=\"https:\/\/elmundodelosnegocios.com.do\/v1\/wp-content\/uploads\/2024\/02\/001-1024x576.jpeg 1024w, https:\/\/elmundodelosnegocios.com.do\/v1\/wp-content\/uploads\/2024\/02\/001-300x169.jpeg 300w, https:\/\/elmundodelosnegocios.com.do\/v1\/wp-content\/uploads\/2024\/02\/001-768x432.jpeg 768w, https:\/\/elmundodelosnegocios.com.do\/v1\/wp-content\/uploads\/2024\/02\/001.jpeg 1300w\" sizes=\"auto, (max-width: 1024px) 100vw, 1024px\" \/><\/figure>\n<\/div>\n\n\n<p>De acuerdo con declaraciones de&nbsp;<strong>Daniel Liranzo<\/strong>, director ejecutivo del Consejo Nacional de Zonas Francas de Exportaci\u00f3n&nbsp;<strong>(CNZFE)<\/strong>, por&nbsp;<strong>primera vez<\/strong>, en la historia del sector de zonas francas, se alcanza la cifra de m\u00e1s de 8,000 millones en el valor de sus exportaciones, lo cual se constituye en una cifra r\u00e9cord.<\/p>\n\n\n\n<p>Liranzo manifest\u00f3 que&nbsp;<strong>pr\u00e1cticamente todos los sectores productivos<\/strong>&nbsp;de zonas francas registraron&nbsp;<strong>incrementos<\/strong>&nbsp;en el valor de sus exportaciones, durante el pasado a\u00f1o, lidereados por el sector de&nbsp;<strong>Dispositivos y Productos M\u00e9dicos<\/strong>, que registr\u00f3 un valor exportado de&nbsp;<strong>2,521.7 millones de d\u00f3lares<\/strong>&nbsp;y represent\u00f3 el&nbsp;<strong>31.3 %<\/strong>&nbsp;de las exportaciones de zonas francas, de modo que se constituye en el&nbsp;<strong>primer producto<\/strong>&nbsp;de exportaci\u00f3n de nuestro pa\u00eds. A este les siguen la&nbsp;<strong>Manufactura Textil<\/strong>, con un crecimiento de 9.0%,&nbsp;<strong>Metales y sus Manufacturas<\/strong>, con un 40.3%, y&nbsp;<strong>Art\u00edculos de Pl\u00e1sticos<\/strong>, con un 28.9%, entre otros.<\/p>\n\n\n\n<p>Asimismo, Liranzo&nbsp; expres\u00f3 que, en t\u00e9rminos de&nbsp;<strong>empleos<\/strong>, el sector de zonas francas&nbsp;<strong>tambi\u00e9n registr\u00f3 cifras r\u00e9cords<\/strong>, pues por primera vez dicho sector super\u00f3 el umbral de los&nbsp;<strong>1<\/strong><strong>95,000 empleos directos<\/strong>, al registrar el pasado a\u00f1o la cifra de&nbsp;<strong>197,674 empleos directos.&nbsp;<\/strong><\/p>\n\n\n\n<p>Expres\u00f3 que el crecimiento registrado en el n\u00famero de empleos se ha visto a nivel de&nbsp;<strong>todos los parques de zonas francas<\/strong>, con los mayores crecimientos en los parques de la regi\u00f3n Norte y la provincia Santo Domingo.<\/p>\n\n\n\n<p>Asimismo, puntualiz\u00f3 que estos incrementos han sido producto del momento de&nbsp;<strong>reactivaci\u00f3n comercial<\/strong>&nbsp;que se vive dentro de dicho sector, inducido por la&nbsp;<strong>demanda internacional<\/strong>&nbsp;de mercanc\u00edas y por el&nbsp;<strong>apoyo<\/strong>&nbsp;brindado a dicho sector por el gobierno, encabezado por el&nbsp;<strong>presidente de la Rep\u00fablica, Luis Abinader.<\/strong><\/p>\n","protected":false},"excerpt":{"rendered":"<p>Santo Domingo.- Durante el&nbsp; 2023,&nbsp;el sector de zonas francas&nbsp;continu\u00f3 registrando&nbsp;cifras r\u00e9cords&nbsp;en sus principales variables. El valor de las exportaciones registr\u00f3 la suma de&nbsp;8,060 millones de d\u00f3lares, para evidenciar un&nbsp;crecimiento de&hellip; <\/p>\n","protected":false},"author":2,"featured_media":49502,"comment_status":"closed","ping_status":"closed","sticky":false,"template":"","format":"standard","meta":{"fifu_image_url":"","fifu_image_alt":"","footnotes":""},"categories":[177],"tags":[],"class_list":["post-49501","post","type-post","status-publish","format-standard","has-post-thumbnail","hentry","category-zona-franca"],"_links":{"self":[{"href":"https:\/\/elmundodelosnegocios.com.do\/v1\/wp-json\/wp\/v2\/posts\/49501","targetHints":{"allow":["GET"]}}],"collection":[{"href":"https:\/\/elmundodelosnegocios.com.do\/v1\/wp-json\/wp\/v2\/posts"}],"about":[{"href":"https:\/\/elmundodelosnegocios.com.do\/v1\/wp-json\/wp\/v2\/types\/post"}],"author":[{"embeddable":true,"href":"https:\/\/elmundodelosnegocios.com.do\/v1\/wp-json\/wp\/v2\/users\/2"}],"replies":[{"embeddable":true,"href":"https:\/\/elmundodelosnegocios.com.do\/v1\/wp-json\/wp\/v2\/comments?post=49501"}],"version-history":[{"count":2,"href":"https:\/\/elmundodelosnegocios.com.do\/v1\/wp-json\/wp\/v2\/posts\/49501\/revisions"}],"predecessor-version":[{"id":49532,"href":"https:\/\/elmundodelosnegocios.com.do\/v1\/wp-json\/wp\/v2\/posts\/49501\/revisions\/49532"}],"wp:featuredmedia":[{"embeddable":true,"href":"https:\/\/elmundodelosnegocios.com.do\/v1\/wp-json\/wp\/v2\/media\/49502"}],"wp:attachment":[{"href":"https:\/\/elmundodelosnegocios.com.do\/v1\/wp-json\/wp\/v2\/media?parent=49501"}],"wp:term":[{"taxonomy":"category","embeddable":true,"href":"https:\/\/elmundodelosnegocios.com.do\/v1\/wp-json\/wp\/v2\/categories?post=49501"},{"taxonomy":"post_tag","embeddable":true,"href":"https:\/\/elmundodelosnegocios.com.do\/v1\/wp-json\/wp\/v2\/tags?post=49501"}],"curies":[{"name":"wp","href":"https:\/\/api.w.org\/{rel}","templated":true}]}}