{"id":4954,"date":"2021-04-20T08:31:42","date_gmt":"2021-04-20T13:01:42","guid":{"rendered":"http:\/\/elmundodelosnegocios.com.do\/v1\/?p=4954"},"modified":"2021-04-20T08:31:42","modified_gmt":"2021-04-20T13:01:42","slug":"las-emisiones-de-co2-subiran-un-4-8-en-2021-a-causa-del-carbon","status":"publish","type":"post","link":"https:\/\/elmundodelosnegocios.com.do\/v1\/las-emisiones-de-co2-subiran-un-4-8-en-2021-a-causa-del-carbon\/","title":{"rendered":"Las emisiones de CO2 subir\u00e1n un 4.8 % en 2021 a causa del carb\u00f3n"},"content":{"rendered":"<p>Las emisiones de di\u00f3xido de carbono (CO2), que se redujeron un hist\u00f3rico 5.8 % el pasado a\u00f1o por la crisis, subir\u00e1n en 2021 un 4.8 % y rozar\u00e1n su pico de 2019 a causa del tir\u00f3n del carb\u00f3n en los grandes emergentes, como China e India, muy superior a la expansi\u00f3n de las renovables.<\/p>\n<p>En un informe publicado este martes, la Agencia Internacional de la Energ\u00eda (AIE) destaca que el aumento del 4.5 % del consumo de carb\u00f3n este a\u00f1o representar\u00e1 un 60 % m\u00e1s que la contribuci\u00f3n adicional de todas las renovables juntas al alza de la demanda energ\u00e9tica.<\/p>\n<p>Una demanda que subir\u00e1 en conjunto un 4.6 %, lo que compensar\u00e1 con creces el descenso del 4 % de 2020, y proceder\u00e1 en un 70 % de los pa\u00edses en desarrollo.<\/p>\n<p>All\u00ed se sobrepasar\u00e1 en un 3.4 % el volumen alcanzado en 2019, antes de que hiciera mella la covid, mientras que en el mundo desarrollado la recuperaci\u00f3n de esa demanda no ser\u00e1 total, al menos en 2021, y se quedar\u00e1 un 3 % por debajo.<\/p>\n<p>\u00abLas emisiones globales de carbono crecer\u00e1n 1,500 millones de toneladas este a\u00f1o impulsadas por el uso de carb\u00f3n en el sector el\u00e9ctrico. Es una advertencia terrible de que la recuperaci\u00f3n econ\u00f3mica de la crisis de la covid es cualquier cosa menos sostenible para nuestro clima\u00bb, subray\u00f3 el director ejecutivo de la AIE, Fatih Birol.<\/p>\n","protected":false},"excerpt":{"rendered":"<p>Las emisiones de di\u00f3xido de carbono (CO2), que se redujeron un hist\u00f3rico 5.8 % el pasado a\u00f1o por la crisis, subir\u00e1n en 2021 un 4.8 % y rozar\u00e1n su pico&hellip; <\/p>\n","protected":false},"author":2,"featured_media":4955,"comment_status":"open","ping_status":"open","sticky":false,"template":"","format":"standard","meta":{"fifu_image_url":"","fifu_image_alt":"","footnotes":""},"categories":[62],"tags":[],"class_list":["post-4954","post","type-post","status-publish","format-standard","has-post-thumbnail","hentry","category-economia"],"_links":{"self":[{"href":"https:\/\/elmundodelosnegocios.com.do\/v1\/wp-json\/wp\/v2\/posts\/4954","targetHints":{"allow":["GET"]}}],"collection":[{"href":"https:\/\/elmundodelosnegocios.com.do\/v1\/wp-json\/wp\/v2\/posts"}],"about":[{"href":"https:\/\/elmundodelosnegocios.com.do\/v1\/wp-json\/wp\/v2\/types\/post"}],"author":[{"embeddable":true,"href":"https:\/\/elmundodelosnegocios.com.do\/v1\/wp-json\/wp\/v2\/users\/2"}],"replies":[{"embeddable":true,"href":"https:\/\/elmundodelosnegocios.com.do\/v1\/wp-json\/wp\/v2\/comments?post=4954"}],"version-history":[{"count":0,"href":"https:\/\/elmundodelosnegocios.com.do\/v1\/wp-json\/wp\/v2\/posts\/4954\/revisions"}],"wp:featuredmedia":[{"embeddable":true,"href":"https:\/\/elmundodelosnegocios.com.do\/v1\/wp-json\/wp\/v2\/media\/4955"}],"wp:attachment":[{"href":"https:\/\/elmundodelosnegocios.com.do\/v1\/wp-json\/wp\/v2\/media?parent=4954"}],"wp:term":[{"taxonomy":"category","embeddable":true,"href":"https:\/\/elmundodelosnegocios.com.do\/v1\/wp-json\/wp\/v2\/categories?post=4954"},{"taxonomy":"post_tag","embeddable":true,"href":"https:\/\/elmundodelosnegocios.com.do\/v1\/wp-json\/wp\/v2\/tags?post=4954"}],"curies":[{"name":"wp","href":"https:\/\/api.w.org\/{rel}","templated":true}]}}