{"id":49540,"date":"2024-02-14T10:25:27","date_gmt":"2024-02-14T14:55:27","guid":{"rendered":"https:\/\/elmundodelosnegocios.com.do\/v1\/?p=49540"},"modified":"2024-02-14T10:25:29","modified_gmt":"2024-02-14T14:55:29","slug":"autoridades-reafirman-compromiso-de-reforzar-acciones-que-reduzcan-la-mortalidad-por-cancer-infantil","status":"publish","type":"post","link":"https:\/\/elmundodelosnegocios.com.do\/v1\/autoridades-reafirman-compromiso-de-reforzar-acciones-que-reduzcan-la-mortalidad-por-cancer-infantil\/","title":{"rendered":"Autoridades reafirman compromiso de reforzar acciones que reduzcan la mortalidad por c\u00e1ncer infantil"},"content":{"rendered":"\n<p>Santo Domingo.-&nbsp;<strong>La primera dama de la Rep\u00fablica, Raquel Arbaje<\/strong>&nbsp;y el ministro de Salud P\u00fablica<strong>, V\u00edctor Atallah,<\/strong>&nbsp;encabezaron este martes el acto de conmemoraci\u00f3n del&nbsp;<strong>D\u00eda Internacional de la Lucha Contra C\u00e1ncer Infantil,<\/strong>&nbsp; donde reafirmaron el compromiso de&nbsp;<strong>reforzar acciones&nbsp;<\/strong>que contribuyan a&nbsp;<strong>reducir la mortalidad<\/strong>&nbsp;por esa enfermedad en el pa\u00eds.<\/p>\n\n\n<div class=\"wp-block-image\">\n<figure class=\"aligncenter size-large\"><img decoding=\"async\" src=\"https:\/\/presidencia.gob.do\/sites\/default\/files\/styles\/large\/public\/news\/2024-02\/DSC_6574.JPG?itok=NXyLp_hH\" alt=\"\"\/><\/figure>\n<\/div>\n\n\n<p>Para&nbsp;<strong>generar conciencia<\/strong>&nbsp;y expresar apoyo a los ni\u00f1os, ni\u00f1as, adolescentes, sobrevivientes y familias afectadas por este padecimiento, las autoridades expusieron las estrategias que desarrollan a fin de&nbsp;<strong>disminuir la incidencia<\/strong>&nbsp;del c\u00e1ncer infantil, ya que sigue siendo una de las&nbsp;<strong>principales causas<\/strong>&nbsp;de defunciones entre los m\u00e1s j\u00f3venes, despu\u00e9s de los accidentes.<\/p>\n\n\n\n<p>En ese sentido la primera dama Raquel Arbaje llam\u00f3 a continuar aunando esfuerzos para enfrentar el c\u00e1ncer y exhort\u00f3 a los padres, madres y tutores a mantener un&nbsp;<strong>monitoreo constante<\/strong>&nbsp;a trav\u00e9s de sus pediatras o m\u00e9dico general, para&nbsp;<strong>detectar a tiempo<\/strong>&nbsp;cualquier tipo de anomal\u00eda en los ni\u00f1os&nbsp; y evitar muertes prematuras.&nbsp;<\/p>\n\n\n\n<p>\u201c<em>Creo firmemente en que la uni\u00f3n hace la fuerza, y este encuentro es precisamente para lograr el bienestar de ese segmento poblacional que tanto necesita de nuestros cuidados. Exhorto a los padres que no se detengan, estar atentos a sus ni\u00f1os, a no rendirse.&nbsp; Juntos, vamos a alcanzar una atenci\u00f3n cada vez mejor para los ni\u00f1os y ni\u00f1as con c\u00e1ncer\u201d,<\/em>&nbsp;reiter\u00f3 Arbaje.&nbsp;<\/p>\n\n\n\n<figure class=\"wp-block-image\"><img decoding=\"async\" src=\"https:\/\/presidencia.gob.do\/sites\/default\/files\/inline-images\/DSC_6504.JPG\" alt=\"\"\/><\/figure>\n\n\n\n<p>La primera dama resalt\u00f3 que el ala oncopedi\u00e1trica en el&nbsp;<strong>Instituto Nacional de C\u00e1ncer Rosa Emilia S\u00e1nchez de Tavarez<\/strong>, Incart, est\u00e1 casi finalizada para brindar una&nbsp;<strong>atenci\u00f3n inclusiva<\/strong>, con&nbsp;<strong>calidad y calidez<\/strong>&nbsp;a los peque\u00f1os pacientes.<\/p>\n\n\n\n<p>Mientras,&nbsp;el titular de Salud, V\u00edctor Atallah, garantiz\u00f3 que las familias que tengan ni\u00f1os o adolescentes con c\u00e1ncer, contar\u00e1n con el apoyo necesario para enfrentar la situaci\u00f3n de manera m\u00e1s llevadera.&nbsp;<\/p>\n\n\n\n<p><em>\u201cSabemos que cualquier tipo de c\u00e1ncer es malo, doloroso y peligroso, y a\u00fan m\u00e1s cuando se trata de c\u00e1ncer infantil, pero yo les exhorto a mantener la fe y esperanza, porque todo aquel que se encuentre en esta situaci\u00f3n no est\u00e1 solo, desde el Ministerio de Salud, junto a otras organizaciones estamos trabajando para lograr mantener la vida de estos pacientes y luego contar con las herramientas necesarias que ayuden al paciente a rebasar la enfermedad\u201d,<\/em>&nbsp;Indic\u00f3.&nbsp;<\/p>\n\n\n\n<p>Dijo que el&nbsp;compromiso y lema como \u00f3rgano rector de la salud es&nbsp;<strong>reducir, mitigar y prevenir<\/strong>&nbsp;cualquier tipo de enfermedad que altere la tranquilidad de la poblaci\u00f3n dominicana, como lo ha sugerido el presidente Luis Abinader.&nbsp;<\/p>\n\n\n\n<p>En el acto, habl\u00f3 la&nbsp;<strong>doctora Alba Mar\u00eda Ropero, representante de la OPS<\/strong>&nbsp;en el pa\u00eds, quien dijo que en septiembre de 2018, la OMS\/OPS anunci\u00f3 la \u201c<strong>Iniciativa Mundial de la OMS para el C\u00e1ncer Infantil\u201d,&nbsp;<\/strong>con el objetivo de alcanzar una tasa de supervivencia de al menos un&nbsp;<strong>60 %&nbsp;<\/strong>para ni\u00f1os con c\u00e1ncer hacia el&nbsp; 2030, y salvar as\u00ed&nbsp;<strong>1 mill\u00f3n de vidas<\/strong>, lo que significa duplicar a nivel mundial la&nbsp;<strong>tasa de curaci\u00f3n<\/strong>&nbsp;los pacientes con la enfermedad.&nbsp;<\/p>\n\n\n\n<p><em>\u201cEste esfuerzo se hace para optimizar la respuesta del sistema de salud al c\u00e1ncer infantil, la Organizaci\u00f3n Panamericana de la Salud, junto con el St. Jude Children&#8217;s Research Hospital, est\u00e1n colaborando con los Ministerios de Salud, onc\u00f3logos pedi\u00e1tricos y fundaciones para desarrollar Planes Nacionales de C\u00e1ncer Infantil, en el marco de la Iniciativa Global para el C\u00e1ncer Infantil (GICC) meta alcanzada en Rep\u00fablica Dominicana, gracias a la actualizaci\u00f3n del Plan Estrat\u00e9gico Nacional de C\u00e1ncer Infantil 2023-2030\u201d,<\/em>&nbsp;subray\u00f3 la doctora Ropero.<\/p>\n\n\n\n<p>En tanto,<strong>&nbsp;el<\/strong>&nbsp;<strong>doctor Eladio P\u00e9rez, viceministro de Salud Colectiva,<\/strong>&nbsp;dijo que trabajan para&nbsp;<em>\u201clograr m\u00e1s&nbsp; acceso y cobertura a los pacientes con la enfermedad\u201d.<\/em><\/p>\n\n\n\n<p>Andelys De la Rosa, directora de Enfermedades Cr\u00f3nicas no Transmisibles, habl\u00f3 del \u201c<strong>Plan Estrat\u00e9gico de C\u00e1ncer Infantil\u201d<\/strong>&nbsp;y c\u00f3mo ha contribuido en la aplicaci\u00f3n de&nbsp;<strong>medidas preventivas<\/strong>&nbsp;para&nbsp;<strong>disminuir la incidencia<\/strong>&nbsp;de la enfermedad en el pa\u00eds y mejorar la calidad de vida de los pacientes.<\/p>\n\n\n\n<figure class=\"wp-block-image\"><img decoding=\"async\" src=\"https:\/\/presidencia.gob.do\/sites\/default\/files\/inline-images\/DSC_6561.JPG\" alt=\"\"\/><\/figure>\n\n\n\n<p><strong>Logros del pa\u00eds con relaci\u00f3n al c\u00e1ncer infantil&nbsp;<\/strong><\/p>\n\n\n\n<p>La Rep\u00fablica Dominicana,&nbsp;<strong>desde el 2020<\/strong>&nbsp;forma parte de la Iniciativa Global para el c\u00e1ncer infantil (GICC, en ingl\u00e9s) que tiene como objetivo&nbsp;<strong>reducir el sufrimiento<\/strong>&nbsp;de los ni\u00f1os y ni\u00f1as y adolescentes con c\u00e1ncer y lograr una tasa de sobrevivencia de al menos del&nbsp;<strong>60 %<\/strong>&nbsp;para el a\u00f1o 2030.&nbsp;<\/p>\n\n\n\n<p>La implementaci\u00f3n del Plan Estrat\u00e9gico Nacional de C\u00e1ncer Infantil busca lograr una&nbsp;<strong>reducci\u00f3n de la mortalidad<\/strong>&nbsp;por todos los c\u00e1nceres&nbsp;<strong>entre menores de 18a\u00f1os,<\/strong>&nbsp;en un&nbsp;<strong>25 %;<\/strong>&nbsp;mejorar el acceso a una atenci\u00f3n de alta calidad; aumentar la conciencia, mejorar la investigaci\u00f3n, desarrollar nuevos tratamientos para estos pacientes y&nbsp;<strong>mejorar la calidad de vida<\/strong>&nbsp;de los sobrevivientes a trav\u00e9s de servicios de apoyo como&nbsp;<strong>asesoramiento, rehabilitaci\u00f3n y educaci\u00f3n.&nbsp;<\/strong><\/p>\n\n\n\n<p>La actividad cont\u00f3 con la participaci\u00f3n de la Fundaci\u00f3n \u201cCambiando Vidas\u201d que dirige&nbsp; Andrea Morales, adem\u00e1s de las sociedades, de Pediatr\u00eda, de Hematolog\u00eda y Oncolog\u00eda; el servicio Nacional de Salud, miembros de las diferentes Unidades Oncopediatricas, asociaciones de pacientes, entre otras entidades.<\/p>\n\n\n\n<p>El c\u00e1ncer infantil comprende numerosos y diferentes tipos de tumores que se desarrollan en ni\u00f1os y adolescentes de 0 a 19 a\u00f1os. Los m\u00e1s comunes son la leucemia, el c\u00e1ncer cerebral, el linfoma y los tumores s\u00f3lidos como el neuroblastoma y el tumor de Wilms.&nbsp;<\/p>\n\n\n\n<p>El D\u00eda Internacional de la Lucha contra el C\u00e1ncer Infantil se conmemora cada a\u00f1o el&nbsp;<strong>15 de febrero,<\/strong>&nbsp;con el objetivo de&nbsp;<strong>sensibilizar<\/strong>&nbsp;sobre la enfermedad y proponer las&nbsp;<strong>acciones pertinentes<\/strong>&nbsp;para disminuir la mortalidad por este padecimiento.<\/p>\n","protected":false},"excerpt":{"rendered":"<p>Santo Domingo.-&nbsp;La primera dama de la Rep\u00fablica, Raquel Arbaje&nbsp;y el ministro de Salud P\u00fablica, V\u00edctor Atallah,&nbsp;encabezaron este martes el acto de conmemoraci\u00f3n del&nbsp;D\u00eda Internacional de la Lucha Contra C\u00e1ncer Infantil,&nbsp;&hellip; <\/p>\n","protected":false},"author":2,"featured_media":49542,"comment_status":"closed","ping_status":"closed","sticky":false,"template":"","format":"standard","meta":{"fifu_image_url":"https:\/\/presidencia.gob.do\/sites\/default\/files\/styles\/large\/public\/news\/2024-02\/DSC_6574.JPG?itok=NXyLp_hH","fifu_image_alt":"","footnotes":""},"categories":[80],"tags":[],"class_list":["post-49540","post","type-post","status-publish","format-standard","has-post-thumbnail","hentry","category-salud"],"_links":{"self":[{"href":"https:\/\/elmundodelosnegocios.com.do\/v1\/wp-json\/wp\/v2\/posts\/49540","targetHints":{"allow":["GET"]}}],"collection":[{"href":"https:\/\/elmundodelosnegocios.com.do\/v1\/wp-json\/wp\/v2\/posts"}],"about":[{"href":"https:\/\/elmundodelosnegocios.com.do\/v1\/wp-json\/wp\/v2\/types\/post"}],"author":[{"embeddable":true,"href":"https:\/\/elmundodelosnegocios.com.do\/v1\/wp-json\/wp\/v2\/users\/2"}],"replies":[{"embeddable":true,"href":"https:\/\/elmundodelosnegocios.com.do\/v1\/wp-json\/wp\/v2\/comments?post=49540"}],"version-history":[{"count":1,"href":"https:\/\/elmundodelosnegocios.com.do\/v1\/wp-json\/wp\/v2\/posts\/49540\/revisions"}],"predecessor-version":[{"id":49541,"href":"https:\/\/elmundodelosnegocios.com.do\/v1\/wp-json\/wp\/v2\/posts\/49540\/revisions\/49541"}],"wp:featuredmedia":[{"embeddable":true,"href":"https:\/\/elmundodelosnegocios.com.do\/v1\/wp-json\/wp\/v2\/media\/49542"}],"wp:attachment":[{"href":"https:\/\/elmundodelosnegocios.com.do\/v1\/wp-json\/wp\/v2\/media?parent=49540"}],"wp:term":[{"taxonomy":"category","embeddable":true,"href":"https:\/\/elmundodelosnegocios.com.do\/v1\/wp-json\/wp\/v2\/categories?post=49540"},{"taxonomy":"post_tag","embeddable":true,"href":"https:\/\/elmundodelosnegocios.com.do\/v1\/wp-json\/wp\/v2\/tags?post=49540"}],"curies":[{"name":"wp","href":"https:\/\/api.w.org\/{rel}","templated":true}]}}