{"id":49575,"date":"2024-02-14T19:23:13","date_gmt":"2024-02-14T23:53:13","guid":{"rendered":"https:\/\/elmundodelosnegocios.com.do\/v1\/?p=49575"},"modified":"2024-02-14T19:23:15","modified_gmt":"2024-02-14T23:53:15","slug":"realizaran-en-rd-acciones-para-fortalecer-el-marco-regulatorio-del-sector-seguros","status":"publish","type":"post","link":"https:\/\/elmundodelosnegocios.com.do\/v1\/realizaran-en-rd-acciones-para-fortalecer-el-marco-regulatorio-del-sector-seguros\/","title":{"rendered":"Realizar\u00e1n en RD acciones para fortalecer el marco regulatorio del sector seguros"},"content":{"rendered":"\n<p>Santo Domingo.-&nbsp;<strong>La Superintendencia de Seguros y el Programa de las Naciones Unidas para el Desarrollo<\/strong>&nbsp;(PNUD), se comprometieron a unir esfuerzos para&nbsp;<strong>fortalecer el marco regulatorio y normativo<\/strong>&nbsp;del sector asegurador de la&nbsp;<strong>Rep\u00fablica Dominicana<\/strong>.&nbsp;<\/p>\n\n\n<div class=\"wp-block-image\">\n<figure class=\"aligncenter size-large\"><img loading=\"lazy\" decoding=\"async\" width=\"1024\" height=\"576\" src=\"https:\/\/elmundodelosnegocios.com.do\/v1\/wp-content\/uploads\/2024\/02\/Seleccion-PNUDArtboard-2-1024x576.jpg\" alt=\"\" class=\"wp-image-49576\" srcset=\"https:\/\/elmundodelosnegocios.com.do\/v1\/wp-content\/uploads\/2024\/02\/Seleccion-PNUDArtboard-2-1024x576.jpg 1024w, https:\/\/elmundodelosnegocios.com.do\/v1\/wp-content\/uploads\/2024\/02\/Seleccion-PNUDArtboard-2-300x169.jpg 300w, https:\/\/elmundodelosnegocios.com.do\/v1\/wp-content\/uploads\/2024\/02\/Seleccion-PNUDArtboard-2-768x432.jpg 768w, https:\/\/elmundodelosnegocios.com.do\/v1\/wp-content\/uploads\/2024\/02\/Seleccion-PNUDArtboard-2.jpg 1300w\" sizes=\"auto, (max-width: 1024px) 100vw, 1024px\" \/><\/figure>\n<\/div>\n\n\n<p>Mediante la firma de un acuerdo, las entidades indicaron que colaborar\u00e1n para contribuir en la generaci\u00f3n del&nbsp;<strong>conocimiento y la experiencia t\u00e9cnica en seguros<\/strong>, tanto en el \u00e1mbito p\u00fablico como privado, mediante el apoyo activo al desarrollo de capacidades especializadas y con enfoque hacia poblaciones no atendidas.&nbsp;<\/p>\n\n\n\n<p>Adem\u00e1s, promover espacios colaborativos destinados a la generaci\u00f3n de informaci\u00f3n<strong>, an\u00e1lisis, di\u00e1logo y difusi\u00f3n colaborativa<\/strong>&nbsp;sobre los seguros inclusivos, fomentando as\u00ed el intercambio de conocimientos y mejores pr\u00e1cticas.&nbsp;<\/p>\n\n\n\n<p>Con el documento, firmado por Josefa Castillo, superintendente de Seguros e Inka Mattila, representante Residente del PNUD, las instituciones tambi\u00e9n indicaron que colaborar\u00e1n en la&nbsp;<strong>promoci\u00f3n de la cultura de seguros,<\/strong>&nbsp;con la finalidad de contribuir en la construcci\u00f3n de una sociedad m\u00e1s informada, preparada y protegida frente a los riesgos, especialmente la gesti\u00f3n de los riesgos por el cambio clim\u00e1tico, que afecta en mayor medida a las personas en mayores&nbsp;<strong>condiciones de vulnerabilidad<\/strong>.&nbsp; &nbsp;<\/p>\n\n\n\n<figure class=\"wp-block-image\"><img decoding=\"async\" src=\"https:\/\/presidencia.gob.do\/sites\/default\/files\/inline-images\/Seleccion%20PNUDArtboard%201.jpg\" alt=\"\"\/><\/figure>\n\n\n\n<p>El acuerdo se enmarca en la Iniciativa&nbsp;<strong>\u201cFacilidad de Financiaci\u00f3n de Riesgos y Seguros (IRFF)\u201d<\/strong>&nbsp;apoyado por el gobierno de&nbsp;<strong>Alemania<\/strong>&nbsp;y promovida por el PNUD a nivel global, para proteger vidas, desarrollar resiliencia e impulsar el&nbsp;<strong>crecimiento econ\u00f3mico<\/strong>.&nbsp;<\/p>\n\n\n\n<p>Las soluciones de seguros, transferencia de riesgos y la colaboraci\u00f3n con la industria pueden contribuir significativamente al logro y cumplimiento de los&nbsp;<strong>Objetivos de Desarrollo Sostenible<\/strong>&nbsp;(ODS), reduciendo vulnerabilidades y protegiendo los avances alcanzados asociados al desarrollo humano.&nbsp; Adem\u00e1s, el&nbsp;<strong>Plan Estrat\u00e9gico 2022-2025&nbsp;<\/strong>del PNUD promueve la&nbsp;<strong>digitalizaci\u00f3n, innovaci\u00f3n estrat\u00e9gica y financiaci\u00f3n<\/strong>&nbsp;para el desarrollo como catalizadores del desarrollo.&nbsp;<\/p>\n\n\n\n<p>Inka Mattila, destac\u00f3 que, en el marco de la iniciativa global del&nbsp;<strong>financiamiento de riesgos inclusivos,<\/strong>&nbsp;apoyados por Alemania,&nbsp;<strong>la Rep\u00fablica Dominicana es el primero&nbsp;<\/strong>en la subregi\u00f3n del Caribe y el quinto de&nbsp;<strong>Am\u00e9rica Latina y El Caribe<\/strong>&nbsp;que entran dentro de esta iniciativa, junto a&nbsp;<strong>M\u00e9xico, Colombia, Argentina y Ecuador.&nbsp;<\/strong><\/p>\n\n\n\n<p>Como en muchos pa\u00edses de la regi\u00f3n, en la Rep\u00fablica Dominicana existen m\u00faltiples riesgos naturales y sociales que pueden afectar el&nbsp;<strong>bienestar y la estabilidad econ\u00f3mica<\/strong>&nbsp;de la poblaci\u00f3n. Entre estos riesgos se encuentran huracanes, terremotos, sequ\u00edas, inundaciones, epidemias, entre otros. De acuerdo con el \u00edndice de riesgo clim\u00e1tico global (IRC) de Germanwatch, la Rep\u00fablica Dominicana se sit\u00faa en el 12 vo. puesto &#8211; entre&nbsp;<strong>181 pa\u00edses<\/strong>&nbsp;&#8211; de los pa\u00edses m\u00e1s propensos de ser afectados por eventos clim\u00e1ticos extremos.&nbsp;<\/p>\n\n\n\n<p>As\u00ed mismo, el Indicador de vulnerabilidad frente a choques clim\u00e1ticos (IVACC) desarrollado por el PNUD y el Gobierno dominicano, ha reportado que el&nbsp;<strong>25.1 %<\/strong>&nbsp;de los hogares en las zonas de pobreza del pa\u00eds tienen alta vulnerabilidad de afectaci\u00f3n ante la ocurrencia de tormentas y huracanes.&nbsp;<\/p>\n\n\n\n<p>Esto pone de manifiesto la importancia de robustecer las pol\u00edticas y acciones orientadas a fortalecer la resiliencia a los riesgos de eventos clim\u00e1ticos, los cuales, como es ampliamente conocido, afectan de manera particular a la poblaci\u00f3n pobre y vulnerable.&nbsp;<\/p>\n\n\n\n<p>Esta alianza propone fortalecer y consolidar un entorno propicio del sector seguros para que los mecanismos de transferencia de riesgos sean m\u00e1s accesibles y contribuir a reducir los niveles de vulnerabilidad.&nbsp;<\/p>\n\n\n\n<p>A la actividad, por el PNUD asistieron tambi\u00e9n, Daniela Perozo, Coordinadora de Iniciativas de Financiamiento para el Desarrollo, Julia Ram\u00edrez, Encargada de Prensa y V\u00edctor Rodr\u00edguez, Especialista del Sector Privado.&nbsp;<\/p>\n\n\n\n<p>La Superintendente de Seguros se hizo acompa\u00f1ar de Juan M. Hern\u00e1ndez Buret, director Jur\u00eddico, as\u00ed como de otros directores y encargados de esa dependencia.<\/p>\n","protected":false},"excerpt":{"rendered":"<p>Santo Domingo.-&nbsp;La Superintendencia de Seguros y el Programa de las Naciones Unidas para el Desarrollo&nbsp;(PNUD), se comprometieron a unir esfuerzos para&nbsp;fortalecer el marco regulatorio y normativo&nbsp;del sector asegurador de la&nbsp;Rep\u00fablica&hellip; <\/p>\n","protected":false},"author":2,"featured_media":49576,"comment_status":"closed","ping_status":"closed","sticky":false,"template":"","format":"standard","meta":{"fifu_image_url":"","fifu_image_alt":"","footnotes":""},"categories":[89],"tags":[],"class_list":["post-49575","post","type-post","status-publish","format-standard","has-post-thumbnail","hentry","category-seguros"],"_links":{"self":[{"href":"https:\/\/elmundodelosnegocios.com.do\/v1\/wp-json\/wp\/v2\/posts\/49575","targetHints":{"allow":["GET"]}}],"collection":[{"href":"https:\/\/elmundodelosnegocios.com.do\/v1\/wp-json\/wp\/v2\/posts"}],"about":[{"href":"https:\/\/elmundodelosnegocios.com.do\/v1\/wp-json\/wp\/v2\/types\/post"}],"author":[{"embeddable":true,"href":"https:\/\/elmundodelosnegocios.com.do\/v1\/wp-json\/wp\/v2\/users\/2"}],"replies":[{"embeddable":true,"href":"https:\/\/elmundodelosnegocios.com.do\/v1\/wp-json\/wp\/v2\/comments?post=49575"}],"version-history":[{"count":1,"href":"https:\/\/elmundodelosnegocios.com.do\/v1\/wp-json\/wp\/v2\/posts\/49575\/revisions"}],"predecessor-version":[{"id":49577,"href":"https:\/\/elmundodelosnegocios.com.do\/v1\/wp-json\/wp\/v2\/posts\/49575\/revisions\/49577"}],"wp:featuredmedia":[{"embeddable":true,"href":"https:\/\/elmundodelosnegocios.com.do\/v1\/wp-json\/wp\/v2\/media\/49576"}],"wp:attachment":[{"href":"https:\/\/elmundodelosnegocios.com.do\/v1\/wp-json\/wp\/v2\/media?parent=49575"}],"wp:term":[{"taxonomy":"category","embeddable":true,"href":"https:\/\/elmundodelosnegocios.com.do\/v1\/wp-json\/wp\/v2\/categories?post=49575"},{"taxonomy":"post_tag","embeddable":true,"href":"https:\/\/elmundodelosnegocios.com.do\/v1\/wp-json\/wp\/v2\/tags?post=49575"}],"curies":[{"name":"wp","href":"https:\/\/api.w.org\/{rel}","templated":true}]}}