{"id":49580,"date":"2024-02-15T03:02:46","date_gmt":"2024-02-15T07:32:46","guid":{"rendered":"https:\/\/elmundodelosnegocios.com.do\/v1\/index.php\/2024\/02\/15\/trane-technologies-funcionarios-del-parlamento-y-la-comision-de-la-ue-y-socios-de-la-cadena-de-frio-piden-soluciones-aceleradas-para-la-perdida-de-alimentos\/"},"modified":"2024-02-15T03:02:46","modified_gmt":"2024-02-15T07:32:46","slug":"trane-technologies-funcionarios-del-parlamento-y-la-comision-de-la-ue-y-socios-de-la-cadena-de-frio-piden-soluciones-aceleradas-para-la-perdida-de-alimentos","status":"publish","type":"post","link":"https:\/\/elmundodelosnegocios.com.do\/v1\/trane-technologies-funcionarios-del-parlamento-y-la-comision-de-la-ue-y-socios-de-la-cadena-de-frio-piden-soluciones-aceleradas-para-la-perdida-de-alimentos\/","title":{"rendered":"Trane Technologies, funcionarios del Parlamento y la Comisi\u00f3n de la UE, y socios de la cadena de fr\u00edo piden soluciones aceleradas para la p\u00e9rdida de alimentos"},"content":{"rendered":"<p>SWORDS, Irlanda&#8211;(BUSINESS WIRE)&#8211;Trane Technologies (NYSE:TT), empresa innovadora a nivel mundial en el \u00e1mbito clim\u00e1tico, ha participado en una mesa redonda celebrada en el Parlamento Europeo sobre el avance de tecnolog\u00edas y pol\u00edticas para prevenir la p\u00e9rdida de alimentos. La mesa redonda, organizada por la eurodiputada Rosa D\u2019Amato y promovida en colaboraci\u00f3n con el instituto de pol\u00edticas de desarrollo sostenible Competere, abord\u00f3 el impacto global de la p\u00e9rdida de alimentos y las tecnolog\u00edas y soluciones necesarias para reducir las p\u00e9rdidas y el desperdicio en toda la cadena alimentaria.<br \/>\n\u201cNos complace haber unido fuerzas en este evento con Competere, as\u00ed como de trabajar con miembros de la Comisi\u00f3n Europea, el Parlamento Europeo y los principales socios de la cadena del fr\u00edo,\u201d afirm\u00f3 Claudio Zanframundo, presidente de Thermo King EMEA, Trane Technologies. \u201cA nivel global, el 30 % de los alimentos se echan a perder o se desperdician, mientras que 1300 millones de personas sufren inseguridad alimentaria. Disponer de una cadena de fr\u00edo eficiente y sostenible marca la diferencia a la hora de reducir ese desperdicio de alimentos y poner comida en las mesas de todo el mundo. Por eso es fundamental que los responsables pol\u00edticos y los l\u00edderes de la industria se re\u00fanan regularmente para que podamos avanzar en este importante tema.\u201d<br \/>\nLa mesa redonda incluy\u00f3 debates sobre las pol\u00edticas y estrategias de la Uni\u00f3n Europea, dirigidos por Alexandra Nikolakopoulou, jefa de la Unidad DGSANTE de la Comisi\u00f3n Europea, y sobre las causas de las p\u00e9rdidas y el desperdicio de alimentos, dirigidos por el profesor asociado Gyula Kasza. En los debates tambi\u00e9n participaron representantes de Copa Cogeca, organizaci\u00f3n de agricultores y cooperativas agrarias de la UE, la principal asociaci\u00f3n europea de fabricantes de alimentos FoodDrinkEurope, la principal organizaci\u00f3n minorista europea Schwarz Group y la empresa impulsora de la app de gesti\u00f3n de excedentes alimentarios Too Good To Go, adem\u00e1s de Safe Food Advocacy Europe (SAFE), ONG centrada en la protecci\u00f3n de los consumidores de alimentos de la UE.<br \/>\nA trav\u00e9s de una acci\u00f3n dedicada y comprometida, Trane Technologies est\u00e1 avanzando en sus Compromisos de sotenibilidad 2030, incluyendo el Desaf\u00edo de la Gigatonelada, un compromiso para reducir las emisiones de gases de efecto invernadero de los clientes en 1000 millones de toneladas m\u00e9tricas (o una gigatonelada). Esta reducci\u00f3n equivale al 2 % de las emisiones anuales del mundo, o lo que es lo mismo, el equivalente a las emisiones anuales de Italia, Francia y Reino Unido juntas. La empresa tambi\u00e9n se ha comprometido a ser neta cero para 2050 y es la primera del sector en tener sus objetivos de reducci\u00f3n de misiones a corto y largo plazo validados externamente por Science Based Targets Initiative (SBTi).<br \/>\nTrane Technologies tambi\u00e9n predica con el ejemplo en la electrificaci\u00f3n y descarbonizaci\u00f3n de la cadena de fr\u00edo, ayudando a sus clientes en la transici\u00f3n hacia flotas m\u00e1s sostenibles, al tiempo que reducen su huella de carbono. En noviembre de 2023, anunci\u00f3 que hab\u00eda cumplido su compromiso de agosto de 2021 de suministrar soluciones de refrigeraci\u00f3n Thermo King\u00ae totalmente el\u00e9ctricas y con cero emisiones directas para cada segmento de la cadena de fr\u00edo en la regi\u00f3n de Europa, Oriente Medio y \u00c1frica (EMEA) antes de 2023.<br \/>\nAcerca de Trane Technologies<br \/>\nTrane Technologies es un innovador global clim\u00e1tico. A trav\u00e9s de nuestras marcas estrat\u00e9gicas Trane\u00ae y Thermo King\u00ae, y nuestra cartera de productos y servicios respetuosos con el medio ambiente, aportamos soluciones clim\u00e1ticas eficientes y sostenibles a edificios, hogares y medios de transporte. Para m\u00e1s informaci\u00f3n sobre Trane Technologies, visite tranetechnologies.com.<br \/>\nDeclaraciones prospectivas<br \/>\nEste comunicado de prensa incluye \u201cdeclaraciones prospectivas\u201d en el sentido de las leyes de valores, es decir, declaraciones que no son hechos hist\u00f3ricos, incluidas las declaraciones que se refieren a nuestras iniciativas de descarbonizaci\u00f3n y electrificaci\u00f3n, nuestros compromisos de sostenibilidad y el impacto de estos compromisos. Estas declaraciones prospectivas se basan en nuestras expectativas actuales y est\u00e1n sujetas a riesgos e incertidumbres, que pueden hacer que los resultados reales difieran significativamente de nuestras expectativas. Los factores que podr\u00edan causar tales diferencias se pueden encontrar en nuestro Formulario 10-k para el a\u00f1o finalizado el 31 de diciembre de 2023, as\u00ed como en nuestros informes posteriores en el Formulario 10-Q y otros documentos presentados ante la SEC. Eventualmente pueden surgir nuevos riesgos e incertidumbres, y nos resulta imposible predecir estos acontecimientos o c\u00f3mo pueden afectar a la empresa. No asumimos ninguna obligaci\u00f3n de actualizar estas declaraciones prospectivas.<br \/>\nEl comunicado en el idioma original es la versi\u00f3n oficial y autorizada del mismo. Esta traducci\u00f3n es solamente un medio de ayuda y deber\u00e1 ser comparada con el texto en idioma original, que es la \u00fanica versi\u00f3n del texto que tendr\u00e1 validez legal. Contacts<br \/>\nContacto con los medios:Geraldine Velner<br \/>\n+32 493 282676<br \/>\nGeraldine.Velner@tranetechnologies.com<br \/>\nContacto con los inversores:Zachary Nagle<br \/>\n+1-704-990-3913<br \/>\nInvestorRelations@tranetechnologies.com<\/p>\n","protected":false},"excerpt":{"rendered":"<p>SWORDS, Irlanda&#8211;(BUSINESS WIRE)&#8211;Trane Technologies (NYSE:TT), empresa innovadora a nivel mundial en el \u00e1mbito clim\u00e1tico, ha participado en una mesa redonda celebrada en el Parlamento Europeo sobre el avance de tecnolog\u00edas&hellip; <\/p>\n","protected":false},"author":2,"featured_media":49581,"comment_status":"closed","ping_status":"closed","sticky":false,"template":"","format":"standard","meta":{"fifu_image_url":"","fifu_image_alt":"","footnotes":""},"categories":[252],"tags":[253],"class_list":["post-49580","post","type-post","status-publish","format-standard","has-post-thumbnail","hentry","category-business-wire","tag-business-wire"],"_links":{"self":[{"href":"https:\/\/elmundodelosnegocios.com.do\/v1\/wp-json\/wp\/v2\/posts\/49580","targetHints":{"allow":["GET"]}}],"collection":[{"href":"https:\/\/elmundodelosnegocios.com.do\/v1\/wp-json\/wp\/v2\/posts"}],"about":[{"href":"https:\/\/elmundodelosnegocios.com.do\/v1\/wp-json\/wp\/v2\/types\/post"}],"author":[{"embeddable":true,"href":"https:\/\/elmundodelosnegocios.com.do\/v1\/wp-json\/wp\/v2\/users\/2"}],"replies":[{"embeddable":true,"href":"https:\/\/elmundodelosnegocios.com.do\/v1\/wp-json\/wp\/v2\/comments?post=49580"}],"version-history":[{"count":0,"href":"https:\/\/elmundodelosnegocios.com.do\/v1\/wp-json\/wp\/v2\/posts\/49580\/revisions"}],"wp:featuredmedia":[{"embeddable":true,"href":"https:\/\/elmundodelosnegocios.com.do\/v1\/wp-json\/wp\/v2\/media\/49581"}],"wp:attachment":[{"href":"https:\/\/elmundodelosnegocios.com.do\/v1\/wp-json\/wp\/v2\/media?parent=49580"}],"wp:term":[{"taxonomy":"category","embeddable":true,"href":"https:\/\/elmundodelosnegocios.com.do\/v1\/wp-json\/wp\/v2\/categories?post=49580"},{"taxonomy":"post_tag","embeddable":true,"href":"https:\/\/elmundodelosnegocios.com.do\/v1\/wp-json\/wp\/v2\/tags?post=49580"}],"curies":[{"name":"wp","href":"https:\/\/api.w.org\/{rel}","templated":true}]}}