{"id":49591,"date":"2024-02-15T09:31:44","date_gmt":"2024-02-15T14:01:44","guid":{"rendered":"https:\/\/elmundodelosnegocios.com.do\/v1\/?p=49591"},"modified":"2024-02-15T09:31:46","modified_gmt":"2024-02-15T14:01:46","slug":"premian-luz-y-fuerza-las-terrenas-por-practicas-ambientales","status":"publish","type":"post","link":"https:\/\/elmundodelosnegocios.com.do\/v1\/premian-luz-y-fuerza-las-terrenas-por-practicas-ambientales\/","title":{"rendered":"Premian Luz y Fuerza Las Terrenas por pr\u00e1cticas ambientales"},"content":{"rendered":"\n<p>Las Terrenas, Samana. Febrero, 2024.- La distribuidora de energ\u00eda el\u00e9ctrica Luz y Fuerza de las Terrenas fue galardonada con el Premio Excelencia en Sostenibilidad Tur\u00edstica Empresarial de Saman\u00e1, entregado por el Cl\u00faster Tur\u00edstico de Saman\u00e1 y la Asociaci\u00f3n de Hoteles y Empresas Tur\u00edsticas de Saman\u00e1 (AHETSA).<\/p>\n\n\n<div class=\"wp-block-image\">\n<figure class=\"aligncenter size-full is-resized\"><img loading=\"lazy\" decoding=\"async\" width=\"1000\" height=\"563\" src=\"https:\/\/elmundodelosnegocios.com.do\/v1\/wp-content\/uploads\/2024\/02\/Alejandra-y-Angela-Orsini-ejecutivas-de-Lus-y-Fuerza-de-Las-Terrenas-reciben-la-placa-del-Premio-Excelencia-en-Sostenibilidad-Turistica-Empresarial-de-Samana-edited.jpg\" alt=\"\" class=\"wp-image-49593\" style=\"width:843px;height:auto\" srcset=\"https:\/\/elmundodelosnegocios.com.do\/v1\/wp-content\/uploads\/2024\/02\/Alejandra-y-Angela-Orsini-ejecutivas-de-Lus-y-Fuerza-de-Las-Terrenas-reciben-la-placa-del-Premio-Excelencia-en-Sostenibilidad-Turistica-Empresarial-de-Samana-edited.jpg 1000w, https:\/\/elmundodelosnegocios.com.do\/v1\/wp-content\/uploads\/2024\/02\/Alejandra-y-Angela-Orsini-ejecutivas-de-Lus-y-Fuerza-de-Las-Terrenas-reciben-la-placa-del-Premio-Excelencia-en-Sostenibilidad-Turistica-Empresarial-de-Samana-edited-300x169.jpg 300w, https:\/\/elmundodelosnegocios.com.do\/v1\/wp-content\/uploads\/2024\/02\/Alejandra-y-Angela-Orsini-ejecutivas-de-Lus-y-Fuerza-de-Las-Terrenas-reciben-la-placa-del-Premio-Excelencia-en-Sostenibilidad-Turistica-Empresarial-de-Samana-edited-768x432.jpg 768w\" sizes=\"auto, (max-width: 1000px) 100vw, 1000px\" \/><\/figure>\n<\/div>\n\n\n<p>La premiaci\u00f3n es parte de un programa ambiental&nbsp;que desarrollan ambas entidades con la colaboraci\u00f3n de&nbsp;Cooperaci\u00f3n Alemana al Desarrollo (GIZ) para reducir la presencia de residuos pl\u00e1sticos en los mares de Am\u00e9rica Central y el Caribe.<\/p>\n\n\n\n<p>La placa de premiaci\u00f3n dice que &nbsp;\u201cotorgan a Luz y Fuerza Las Terrenas, el premio a la sostenibilidad tur\u00edstica empresarial 2023 por su compromiso con la sostenibilidad y la conservaci\u00f3n de la biodiversidad en su operaci\u00f3n tur\u00edstica\u201d.<\/p>\n\n\n\n<p>El premio fue recibido por la Directora Ejecutiva de Luz y Fuerza, Alejandra Orsini, y por la Directora de Administraci\u00f3n y Comunicaci\u00f3n, Angela Orsini, como parte del programa del IX Encuentro Anual para el Desarrollo Tur\u00edstico de Saman\u00e1\u201d.&nbsp; \u201cEl objetivo de&nbsp;Luz y Fuerza es ser un modelo a seguir en la b\u00fasqueda de un futuro sostenible\u201d, dijo Alejandra Orsini al recibir el reconocimiento.<\/p>\n\n\n\n<p>Alejandra Orsini dijo que la distribuidora se&nbsp;enorgullece&nbsp;de su historia como&nbsp;pionera en el desarrollo de las comunidades de las Terrenas y Las Galeras, \u201cdonde durante m\u00e1s de tres d\u00e9cadas ha ofrecido un servicio el\u00e9ctrico continuo y eficiente, con un firme compromiso con el medio ambiente y el turismo sostenible\u201d.<\/p>\n\n\n\n<p>Explic\u00f3 que parte de&nbsp;la energ\u00eda el\u00e9ctrica que distribuye es renovable, porque sus suplidores utilizan fuentes de generaci\u00f3n e\u00f3lica, hidr\u00e1ulica&nbsp;y solar, lo que reduce las emisiones de gases de efecto invernadero.<\/p>\n\n\n\n<p>La se\u00f1ora Orsini adem\u00e1s, dijo que en Luz y Fuerza se aplican \u201cpr\u00e1cticas&nbsp;de gesti\u00f3n ambiental rigurosas, minimizando la huella ecol\u00f3gica y fomentando la conservaci\u00f3n de los recursos naturales.&nbsp;Esta&nbsp;familia de 80 empleados,&nbsp;trabaja en programas de reforestaciones, limpieza de playas y r\u00edos, gesti\u00f3n&nbsp;responsable de residuos y programas de educaci\u00f3n ambiental para concientizar a la comunidad sobre gesti\u00f3n de desechos, la importancia del ahorro y c\u00f3mo cada persona puede contribuir a un entorno m\u00e1s limpio.<\/p>\n\n\n\n<p><strong>Sobre Luz y Fuerza<\/strong><\/p>\n\n\n\n<p>Es la empresa distribuidora de energ\u00eda el\u00e9ctrica que ofrece servicios en Las Terrenas y Las Galeras de la Pen\u00ednsula&nbsp;de Saman\u00e1. Fundada en 1992, inici\u00f3 sus operaciones en enero del a\u00f1o 1994 en Las Terrenas. Desde entonces ha prestado servicio a m\u00e1s de diez mil clientes residenciales, hoteleros y comerciales, conectados a sus 150.01 kil\u00f3metros de l\u00edneas de media tensi\u00f3n.<\/p>\n","protected":false},"excerpt":{"rendered":"<p>Las Terrenas, Samana. Febrero, 2024.- La distribuidora de energ\u00eda el\u00e9ctrica Luz y Fuerza de las Terrenas fue galardonada con el Premio Excelencia en Sostenibilidad Tur\u00edstica Empresarial de Saman\u00e1, entregado por&hellip; <\/p>\n","protected":false},"author":2,"featured_media":49592,"comment_status":"closed","ping_status":"closed","sticky":false,"template":"","format":"standard","meta":{"fifu_image_url":"","fifu_image_alt":"","footnotes":""},"categories":[182],"tags":[],"class_list":["post-49591","post","type-post","status-publish","format-standard","has-post-thumbnail","hentry","category-energia"],"_links":{"self":[{"href":"https:\/\/elmundodelosnegocios.com.do\/v1\/wp-json\/wp\/v2\/posts\/49591","targetHints":{"allow":["GET"]}}],"collection":[{"href":"https:\/\/elmundodelosnegocios.com.do\/v1\/wp-json\/wp\/v2\/posts"}],"about":[{"href":"https:\/\/elmundodelosnegocios.com.do\/v1\/wp-json\/wp\/v2\/types\/post"}],"author":[{"embeddable":true,"href":"https:\/\/elmundodelosnegocios.com.do\/v1\/wp-json\/wp\/v2\/users\/2"}],"replies":[{"embeddable":true,"href":"https:\/\/elmundodelosnegocios.com.do\/v1\/wp-json\/wp\/v2\/comments?post=49591"}],"version-history":[{"count":1,"href":"https:\/\/elmundodelosnegocios.com.do\/v1\/wp-json\/wp\/v2\/posts\/49591\/revisions"}],"predecessor-version":[{"id":49594,"href":"https:\/\/elmundodelosnegocios.com.do\/v1\/wp-json\/wp\/v2\/posts\/49591\/revisions\/49594"}],"wp:featuredmedia":[{"embeddable":true,"href":"https:\/\/elmundodelosnegocios.com.do\/v1\/wp-json\/wp\/v2\/media\/49592"}],"wp:attachment":[{"href":"https:\/\/elmundodelosnegocios.com.do\/v1\/wp-json\/wp\/v2\/media?parent=49591"}],"wp:term":[{"taxonomy":"category","embeddable":true,"href":"https:\/\/elmundodelosnegocios.com.do\/v1\/wp-json\/wp\/v2\/categories?post=49591"},{"taxonomy":"post_tag","embeddable":true,"href":"https:\/\/elmundodelosnegocios.com.do\/v1\/wp-json\/wp\/v2\/tags?post=49591"}],"curies":[{"name":"wp","href":"https:\/\/api.w.org\/{rel}","templated":true}]}}