{"id":49598,"date":"2024-02-15T09:57:34","date_gmt":"2024-02-15T14:27:34","guid":{"rendered":"https:\/\/elmundodelosnegocios.com.do\/v1\/?p=49598"},"modified":"2024-02-15T09:57:36","modified_gmt":"2024-02-15T14:27:36","slug":"el-57-jugadores-que-usan-raqueta-presentan-codo-de-tenista","status":"publish","type":"post","link":"https:\/\/elmundodelosnegocios.com.do\/v1\/el-57-jugadores-que-usan-raqueta-presentan-codo-de-tenista\/","title":{"rendered":"El 57% jugadores que usan raqueta presentan codo de tenista"},"content":{"rendered":"\n<p><strong>Caracas<\/strong>, Venezuela. Febrero 2024.- La epicondilitis lateral es una afecci\u00f3n extremadamente dolorosa que aparece en el codo, como consecuencia del sobreuso o esfuerzo repetitivo de los tendones que unen los m\u00fasculos del antebrazo. Afecta, sobre todo, a quienes practican deportes de raqueta.&nbsp;&nbsp;&nbsp;&nbsp;&nbsp;&nbsp;&nbsp;&nbsp;&nbsp;&nbsp;&nbsp;<\/p>\n\n\n\n<p>En Venezuela, el 57% de los jugadores de p\u00e1del y tenis sufren de esta patolog\u00eda, seg\u00fan un estudio de incidencia. As\u00ed lo informa la fisioterapeuta Mar\u00eda Elena Sortino, jefa de la Unidad de Rehabilitaci\u00f3n FISIOMESCCS, ubicada en Caracas.<\/p>\n\n\n<div class=\"wp-block-image\">\n<figure class=\"aligncenter size-full is-resized\"><img loading=\"lazy\" decoding=\"async\" width=\"771\" height=\"434\" src=\"https:\/\/elmundodelosnegocios.com.do\/v1\/wp-content\/uploads\/2024\/02\/tecnologia-avanzada-fisiomesccs-edited.jpg\" alt=\"\" class=\"wp-image-49600\" style=\"width:842px;height:auto\" srcset=\"https:\/\/elmundodelosnegocios.com.do\/v1\/wp-content\/uploads\/2024\/02\/tecnologia-avanzada-fisiomesccs-edited.jpg 771w, https:\/\/elmundodelosnegocios.com.do\/v1\/wp-content\/uploads\/2024\/02\/tecnologia-avanzada-fisiomesccs-edited-300x169.jpg 300w, https:\/\/elmundodelosnegocios.com.do\/v1\/wp-content\/uploads\/2024\/02\/tecnologia-avanzada-fisiomesccs-edited-768x432.jpg 768w\" sizes=\"auto, (max-width: 771px) 100vw, 771px\" \/><\/figure>\n<\/div>\n\n\n<p>Agrega que, hay otras actividades que implican movimientos repetidos y tambi\u00e9n pueden causar el codo de tenista como, por ejemplo, el trabajo de los carpinteros, pintores, camar\u00f3grafos, entre otros.<\/p>\n\n\n<div class=\"wp-block-image\">\n<figure class=\"aligncenter size-full\"><img loading=\"lazy\" decoding=\"async\" width=\"960\" height=\"540\" src=\"https:\/\/elmundodelosnegocios.com.do\/v1\/wp-content\/uploads\/2024\/02\/tecnologia-fisiomesccs-edited.jpg\" alt=\"\" class=\"wp-image-49602\" srcset=\"https:\/\/elmundodelosnegocios.com.do\/v1\/wp-content\/uploads\/2024\/02\/tecnologia-fisiomesccs-edited.jpg 960w, https:\/\/elmundodelosnegocios.com.do\/v1\/wp-content\/uploads\/2024\/02\/tecnologia-fisiomesccs-edited-300x169.jpg 300w, https:\/\/elmundodelosnegocios.com.do\/v1\/wp-content\/uploads\/2024\/02\/tecnologia-fisiomesccs-edited-768x432.jpg 768w\" sizes=\"auto, (max-width: 960px) 100vw, 960px\" \/><\/figure>\n<\/div>\n\n\n<p>El codo de tenista produce un dolor localizado en la parte externa del codo, as\u00ed como sensibilidad al moverlo. La especialista se\u00f1ala que, en algunos casos, se forman micro desgarros en los tendones que salen de ese&nbsp;<em>epic\u00f3ndilo lateral<\/em>, hacia la mu\u00f1eca. Esto hace que se debilite y desgaste con el tiempo.<\/p>\n\n\n\n<p>Los signos frecuentes de la&nbsp;<em>epicondilitis lateral<\/em>&nbsp;son: ardor y dolor debilitante, poca fuerza de agarre y, en ocasiones, molestia cr\u00f3nica nocturna. Estos s\u00edntomas suelen empeorar con la actividad del antebrazo, como, por ejemplo, sostener la raqueta, girar una llave, el pomo de la puerta o dar un apret\u00f3n de manos. \u201cAlgunas personas no pueden ni siquiera sostener un vaso o firmar, debido a lo dolorosa e incapacitante que es esta afecci\u00f3n\u201d, comenta la especialista.<\/p>\n\n\n\n<p><strong>Diagn\u00f3stico y tratamiento con ondas de choque<\/strong><\/p>\n\n\n\n<p>La jefa del Centro FISIOMESCCS explica que, para determinar el grado de da\u00f1o del codo de tenista, al paciente se le practican radiograf\u00edas y resonancias magn\u00e9ticas. \u201cDichos estudios permiten ver im\u00e1genes claras de los tejidos blandos, como m\u00fasculos y tendones\u201d.<\/p>\n\n\n\n<p>El tratamiento es no quir\u00fargico y supone un enfoque en equipo, entre el m\u00e9dico traumat\u00f3logo y el fisioterapeuta. \u201cLa primera indicaci\u00f3n es el descanso, luego medicamentos antiinflamatorios no esteroideos, para reducir el dolor y la inflamaci\u00f3n\u201d.<\/p>\n\n\n\n<p>En tercer lugar, se recomienda la fisioterapia avanzada con L\u00e1ser de Alta Intensidad y Ondas de Choque radiales o la convencional. Dependiendo del paciente, se puede aplicar una f\u00e9rula para aliviar los s\u00edntomas.<\/p>\n\n\n\n<p>El \u00fanico que tiene potestad para definir este tratamiento es el m\u00e9dico tratante. \u201cLas Ondas de Choque de presi\u00f3n radial se aplican una vez por semana y crean microtraumatismos en el codo y promueven la curaci\u00f3n natural del cuerpo. Tienen una efectividad de 98%\u201d, afirma Mar\u00eda Elena Sortino.<\/p>\n\n\n\n<p>Agrega que, la tercera sesi\u00f3n de Onda de Choque la combina con L\u00e1ser Hill de Alta Intensidad, para lograr la bioestimulaci\u00f3n.&nbsp; \u201cLuego de esta aplicaci\u00f3n, el paciente estar\u00e1 de alta; ciertamente, ello depender\u00e1 de la cronicidad de la sesi\u00f3n\u201d.<\/p>\n\n\n\n<p><strong>\u00bfC\u00f3mo saber si tiene codo de tenista?<\/strong><\/p>\n\n\n\n<p>Las personas con esta patolog\u00eda sienten dolor e impotencia funcional al extender la mu\u00f1eca. Esto significa dificultad para moverla y cumplir su funci\u00f3n. La molestia aparece tanto con la palpaci\u00f3n, como al realizar movimientos f\u00e1ciles, como levantar una taza de caf\u00e9.<\/p>\n\n\n\n<p>Para evitarla, Sortino recomienda fortalecer la musculatura del antebrazo y la mu\u00f1eca. En el caso de la pr\u00e1ctica deportiva, sugiere hacer calentamiento y estiramiento previo al juego de p\u00e1del o tenis, a fin de no lesionarse. Pero, sobre todo, no dejar que se vuelva cr\u00f3nica la lesi\u00f3n.<\/p>\n","protected":false},"excerpt":{"rendered":"<p>Caracas, Venezuela. Febrero 2024.- La epicondilitis lateral es una afecci\u00f3n extremadamente dolorosa que aparece en el codo, como consecuencia del sobreuso o esfuerzo repetitivo de los tendones que unen los&hellip; <\/p>\n","protected":false},"author":2,"featured_media":49601,"comment_status":"closed","ping_status":"closed","sticky":false,"template":"","format":"standard","meta":{"fifu_image_url":"","fifu_image_alt":"","footnotes":""},"categories":[80],"tags":[],"class_list":["post-49598","post","type-post","status-publish","format-standard","has-post-thumbnail","hentry","category-salud"],"_links":{"self":[{"href":"https:\/\/elmundodelosnegocios.com.do\/v1\/wp-json\/wp\/v2\/posts\/49598","targetHints":{"allow":["GET"]}}],"collection":[{"href":"https:\/\/elmundodelosnegocios.com.do\/v1\/wp-json\/wp\/v2\/posts"}],"about":[{"href":"https:\/\/elmundodelosnegocios.com.do\/v1\/wp-json\/wp\/v2\/types\/post"}],"author":[{"embeddable":true,"href":"https:\/\/elmundodelosnegocios.com.do\/v1\/wp-json\/wp\/v2\/users\/2"}],"replies":[{"embeddable":true,"href":"https:\/\/elmundodelosnegocios.com.do\/v1\/wp-json\/wp\/v2\/comments?post=49598"}],"version-history":[{"count":1,"href":"https:\/\/elmundodelosnegocios.com.do\/v1\/wp-json\/wp\/v2\/posts\/49598\/revisions"}],"predecessor-version":[{"id":49603,"href":"https:\/\/elmundodelosnegocios.com.do\/v1\/wp-json\/wp\/v2\/posts\/49598\/revisions\/49603"}],"wp:featuredmedia":[{"embeddable":true,"href":"https:\/\/elmundodelosnegocios.com.do\/v1\/wp-json\/wp\/v2\/media\/49601"}],"wp:attachment":[{"href":"https:\/\/elmundodelosnegocios.com.do\/v1\/wp-json\/wp\/v2\/media?parent=49598"}],"wp:term":[{"taxonomy":"category","embeddable":true,"href":"https:\/\/elmundodelosnegocios.com.do\/v1\/wp-json\/wp\/v2\/categories?post=49598"},{"taxonomy":"post_tag","embeddable":true,"href":"https:\/\/elmundodelosnegocios.com.do\/v1\/wp-json\/wp\/v2\/tags?post=49598"}],"curies":[{"name":"wp","href":"https:\/\/api.w.org\/{rel}","templated":true}]}}