{"id":4960,"date":"2021-04-20T08:33:48","date_gmt":"2021-04-20T13:03:48","guid":{"rendered":"http:\/\/elmundodelosnegocios.com.do\/v1\/?p=4960"},"modified":"2021-04-20T08:33:48","modified_gmt":"2021-04-20T13:03:48","slug":"detectado-un-brote-de-covid-19-en-el-hotel-sede-de-la-cumbre-iberoamericana","status":"publish","type":"post","link":"https:\/\/elmundodelosnegocios.com.do\/v1\/detectado-un-brote-de-covid-19-en-el-hotel-sede-de-la-cumbre-iberoamericana\/","title":{"rendered":"Detectado un brote de covid-19 en el hotel sede de la Cumbre Iberoamericana"},"content":{"rendered":"<p>Diez de los diecinueve trabajadores del complejo hotelero Sport Hotels Resort &#038; Spa, donde ma\u00f1ana mi\u00e9rcoles se celebrar\u00e1 el plenario de la XXVII Cumbre Iberoamericana de jefes de Estado y de Gobierno, est\u00e1n confinados tras dar positivo por covid-19.<\/p>\n<p>Seg\u00fan ha informado Andorra, organizadora de la cita, el protocolo sanitario establecido ha permitido detectar y confinar a los diez positivos y a sus contactos estrechos, quienes est\u00e1n siguiendo \u00abun estricto control epidemiol\u00f3gico de sus posibles cadenas de contagio\u00bb.<\/p>\n<p>La Cumbre estaba programada para noviembre de 2020 pero fue pospuesta debido a la pandemia del coronavirus y la imposibilidad de celebrarla de manera presencial.<\/p>\n<p>Finalmente, Andorra propuso un formato semipresencial en el que solo se desplazan al Principado cuatro delegaciones de pa\u00edses miembros: Espa\u00f1a y Portugal, por cercan\u00eda geogr\u00e1fica, y Guatemala y Rep\u00fablica Dominicana, anterior y siguiente sede de la Cumbre.<\/p>\n<p>\u00abLos protocolos de cribado han funcionado correctamente y continuar\u00e1n llev\u00e1ndose a cabo diariamente con todas las personas involucradas de una manera u otra con este evento\u00bb, ha destacado el gobierno andorrano.<\/p>\n<p>El protocolo sanitario se ha establecido entre el Ministerio de Salud y la Fundaci\u00f3n de la Cumbre Iberoamericana para acoger \u00abcon las m\u00e1ximas garant\u00edas\u00bb el encuentro de los mandatarios.<\/p>\n<p>Ayer lunes y hoy est\u00e1 teniendo lugar el XIII Encuentro Empresarial de manera semipresencial, pero con una gran presencia de empresarios f\u00edsicamente en Andorra.<\/p>\n<p>El protocolo sanitario es el mismo en dicho encuentro, donde se realiza una prueba diaria de ant\u00edgenos a todas las personas que acceden al recinto.<\/p>\n<p>Asimismo, los asistentes acreditados deben hacer uso de una mascarilla FFP2 o tipo quir\u00fargica en los actos incluidos en la agenda de la Cumbre y el Encuentro Empresarial.<\/p>\n<p>La pasada semana tambi\u00e9n se detect\u00f3 un brote en el Ministerio de Asuntos Exteriores andorrano, que afect\u00f3 entre otros a la titular, Mar\u00eda Ubach, y que oblig\u00f3 a confinar a pr\u00e1cticamente todo el equipo que estaba al frente de la Cumbre.<\/p>\n","protected":false},"excerpt":{"rendered":"<p>Diez de los diecinueve trabajadores del complejo hotelero Sport Hotels Resort &#038; Spa, donde ma\u00f1ana mi\u00e9rcoles se celebrar\u00e1 el plenario de la XXVII Cumbre Iberoamericana de jefes de Estado y&hellip; <\/p>\n","protected":false},"author":2,"featured_media":0,"comment_status":"open","ping_status":"open","sticky":false,"template":"","format":"standard","meta":{"fifu_image_url":"","fifu_image_alt":"","footnotes":""},"categories":[80],"tags":[],"class_list":["post-4960","post","type-post","status-publish","format-standard","hentry","category-salud"],"_links":{"self":[{"href":"https:\/\/elmundodelosnegocios.com.do\/v1\/wp-json\/wp\/v2\/posts\/4960","targetHints":{"allow":["GET"]}}],"collection":[{"href":"https:\/\/elmundodelosnegocios.com.do\/v1\/wp-json\/wp\/v2\/posts"}],"about":[{"href":"https:\/\/elmundodelosnegocios.com.do\/v1\/wp-json\/wp\/v2\/types\/post"}],"author":[{"embeddable":true,"href":"https:\/\/elmundodelosnegocios.com.do\/v1\/wp-json\/wp\/v2\/users\/2"}],"replies":[{"embeddable":true,"href":"https:\/\/elmundodelosnegocios.com.do\/v1\/wp-json\/wp\/v2\/comments?post=4960"}],"version-history":[{"count":0,"href":"https:\/\/elmundodelosnegocios.com.do\/v1\/wp-json\/wp\/v2\/posts\/4960\/revisions"}],"wp:attachment":[{"href":"https:\/\/elmundodelosnegocios.com.do\/v1\/wp-json\/wp\/v2\/media?parent=4960"}],"wp:term":[{"taxonomy":"category","embeddable":true,"href":"https:\/\/elmundodelosnegocios.com.do\/v1\/wp-json\/wp\/v2\/categories?post=4960"},{"taxonomy":"post_tag","embeddable":true,"href":"https:\/\/elmundodelosnegocios.com.do\/v1\/wp-json\/wp\/v2\/tags?post=4960"}],"curies":[{"name":"wp","href":"https:\/\/api.w.org\/{rel}","templated":true}]}}