{"id":49607,"date":"2024-02-15T10:08:25","date_gmt":"2024-02-15T14:38:25","guid":{"rendered":"https:\/\/elmundodelosnegocios.com.do\/v1\/?p=49607"},"modified":"2024-02-15T10:08:27","modified_gmt":"2024-02-15T14:38:27","slug":"fortaleceran-superintendencia-seguros-r-d-y-pnud-marco-regulatorio-sector","status":"publish","type":"post","link":"https:\/\/elmundodelosnegocios.com.do\/v1\/fortaleceran-superintendencia-seguros-r-d-y-pnud-marco-regulatorio-sector\/","title":{"rendered":"Fortalecer\u00e1n Superintendencia Seguros R.D. y PNUD marco regulatorio sector"},"content":{"rendered":"\n<p><strong>Distrito Nacional.<\/strong> Febrero, 2024.- La Superintendencia de Seguros y el Programa de las Naciones Unidas para el Desarrollo (PNUD), se comprometieron a unir esfuerzos para fortalecer el marco regulatorio y normativo del sector asegurador de la Rep\u00fablica Dominicana.<\/p>\n\n\n<div class=\"wp-block-image\">\n<figure class=\"aligncenter size-large\"><img loading=\"lazy\" decoding=\"async\" width=\"1024\" height=\"489\" src=\"https:\/\/elmundodelosnegocios.com.do\/v1\/wp-content\/uploads\/2024\/02\/Seleccion-PNUDArtboard-4-1024x489.jpg\" alt=\"\" class=\"wp-image-49608\" srcset=\"https:\/\/elmundodelosnegocios.com.do\/v1\/wp-content\/uploads\/2024\/02\/Seleccion-PNUDArtboard-4-1024x489.jpg 1024w, https:\/\/elmundodelosnegocios.com.do\/v1\/wp-content\/uploads\/2024\/02\/Seleccion-PNUDArtboard-4-300x143.jpg 300w, https:\/\/elmundodelosnegocios.com.do\/v1\/wp-content\/uploads\/2024\/02\/Seleccion-PNUDArtboard-4-768x366.jpg 768w, https:\/\/elmundodelosnegocios.com.do\/v1\/wp-content\/uploads\/2024\/02\/Seleccion-PNUDArtboard-4-1536x733.jpg 1536w, https:\/\/elmundodelosnegocios.com.do\/v1\/wp-content\/uploads\/2024\/02\/Seleccion-PNUDArtboard-4-2048x977.jpg 2048w\" sizes=\"auto, (max-width: 1024px) 100vw, 1024px\" \/><\/figure>\n<\/div>\n\n\n<p>Mediante la firma de un acuerdo, las entidades indicaron que colaborar\u00e1n para contribuir en la&nbsp;<strong>generaci\u00f3n<\/strong>&nbsp;del conocimiento y la experiencia t\u00e9cnica en seguros, tanto en el \u00e1mbito p\u00fablico como privado, mediante el apoyo activo al desarrollo de capacidades especializadas y con enfoque hacia poblaciones no atendidas.<\/p>\n\n\n<div class=\"wp-block-image\">\n<figure class=\"aligncenter size-large\"><img loading=\"lazy\" decoding=\"async\" width=\"1024\" height=\"629\" src=\"https:\/\/elmundodelosnegocios.com.do\/v1\/wp-content\/uploads\/2024\/02\/Seleccion-PNUDArtboard-1-1024x629.jpg\" alt=\"\" class=\"wp-image-49610\" srcset=\"https:\/\/elmundodelosnegocios.com.do\/v1\/wp-content\/uploads\/2024\/02\/Seleccion-PNUDArtboard-1-1024x629.jpg 1024w, https:\/\/elmundodelosnegocios.com.do\/v1\/wp-content\/uploads\/2024\/02\/Seleccion-PNUDArtboard-1-300x184.jpg 300w, https:\/\/elmundodelosnegocios.com.do\/v1\/wp-content\/uploads\/2024\/02\/Seleccion-PNUDArtboard-1-768x472.jpg 768w, https:\/\/elmundodelosnegocios.com.do\/v1\/wp-content\/uploads\/2024\/02\/Seleccion-PNUDArtboard-1-1536x944.jpg 1536w, https:\/\/elmundodelosnegocios.com.do\/v1\/wp-content\/uploads\/2024\/02\/Seleccion-PNUDArtboard-1-2048x1258.jpg 2048w\" sizes=\"auto, (max-width: 1024px) 100vw, 1024px\" \/><\/figure>\n<\/div>\n\n\n<p>Adem\u00e1s, promover espacios colaborativos destinados a la generaci\u00f3n de informaci\u00f3n, an\u00e1lisis, di\u00e1logo y difusi\u00f3n colaborativa sobre los seguros inclusivos, fomentando as\u00ed el intercambio de conocimientos y mejores pr\u00e1cticas.<\/p>\n\n\n<div class=\"wp-block-image\">\n<figure class=\"aligncenter size-large\"><img loading=\"lazy\" decoding=\"async\" width=\"1024\" height=\"629\" src=\"https:\/\/elmundodelosnegocios.com.do\/v1\/wp-content\/uploads\/2024\/02\/Seleccion-PNUDArtboard-2-1-1024x629.jpg\" alt=\"\" class=\"wp-image-49609\" srcset=\"https:\/\/elmundodelosnegocios.com.do\/v1\/wp-content\/uploads\/2024\/02\/Seleccion-PNUDArtboard-2-1-1024x629.jpg 1024w, https:\/\/elmundodelosnegocios.com.do\/v1\/wp-content\/uploads\/2024\/02\/Seleccion-PNUDArtboard-2-1-300x184.jpg 300w, https:\/\/elmundodelosnegocios.com.do\/v1\/wp-content\/uploads\/2024\/02\/Seleccion-PNUDArtboard-2-1-768x472.jpg 768w, https:\/\/elmundodelosnegocios.com.do\/v1\/wp-content\/uploads\/2024\/02\/Seleccion-PNUDArtboard-2-1-1536x944.jpg 1536w, https:\/\/elmundodelosnegocios.com.do\/v1\/wp-content\/uploads\/2024\/02\/Seleccion-PNUDArtboard-2-1-2048x1258.jpg 2048w\" sizes=\"auto, (max-width: 1024px) 100vw, 1024px\" \/><\/figure>\n<\/div>\n\n\n<p>Con el documento firmado por Josefa Castillo, Superintendente de Seguros, e Inka Mattila, Representante Residente del PNUD, las instituciones tambi\u00e9n indicaron que colaborar\u00e1n en la promoci\u00f3n de la cultura de seguros con la finalidad de contribuir en la construcci\u00f3n de una sociedad m\u00e1s informada, preparada y protegida frente a los riesgos, especialmente la gesti\u00f3n de los riesgos por el cambio clim\u00e1tico que afecta en mayor medida a las personas en mayores condiciones de vulnerabilidad.<\/p>\n\n\n\n<p>El acuerdo se enmarca en la Iniciativa \u201cFacilidad de Financiaci\u00f3n de Riesgos y Seguros (IRFF)\u201d apoyado por el gobierno de Alemania y promovida por el PNUD a nivel global para proteger vidas, desarrollar resiliencia e impulsar el crecimiento econ\u00f3mico.<\/p>\n\n\n\n<p>Las soluciones de seguros, transferencia de riesgos y la colaboraci\u00f3n con la industria pueden contribuir significativamente al logro y cumplimiento de los Objetivos de Desarrollo Sostenible (ODS), reduciendo vulnerabilidades y protegiendo los avances alcanzados asociados al desarrollo humano.&nbsp; Adem\u00e1s, el Plan Estrat\u00e9gico 2022-2025 del PNUD promueve la digitalizaci\u00f3n, innovaci\u00f3n estrat\u00e9gica y financiaci\u00f3n para el desarrollo como catalizadores del desarrollo.<\/p>\n\n\n\n<p>Inka Mattila, destac\u00f3 que en el marco de la iniciativa global del financiamiento de riesgos inclusivos, apoyados por Alemania, la Rep\u00fablica Dominicana es el primero en la subregi\u00f3n del Caribe y el quinto de Am\u00e9rica Latina y El Caribe que entran dentro de esta iniciativa, junto a M\u00e9xico, Colombia, Argentina y Ecuador.<\/p>\n\n\n\n<p>Como en muchos pa\u00edses de la regi\u00f3n, en la Rep\u00fablica Dominicana existen m\u00faltiples riesgos naturales y sociales que pueden afectar el bienestar y la estabilidad econ\u00f3mica de la poblaci\u00f3n. Entre estos riesgos se encuentran huracanes, terremotos, sequ\u00edas, inundaciones, epidemias, entre otros. De acuerdo con el \u00edndice de riesgo clim\u00e1tico global (IRC) de Germanwatch, la Rep\u00fablica Dominicana se sit\u00faa en el 12vo puesto &#8211; entre 181 pa\u00edses &#8211; de los pa\u00edses m\u00e1s propensos de ser afectados por eventos clim\u00e1ticos extremos.<\/p>\n\n\n\n<p>As\u00ed mismo, el Indicador de vulnerabilidad frente a choques clim\u00e1ticos (IVACC) desarrollado por el PNUD y el Gobierno dominicano ha reportado que el 25.1% de los hogares en las zonas de pobreza del pa\u00eds tienen alta vulnerabilidad de afectaci\u00f3n ante la ocurrencia de tormentas y huracanes.<\/p>\n\n\n\n<p>Esto pone de manifiesto la importancia de robustecer las pol\u00edticas y acciones orientadas a fortalecer la resiliencia a los riesgos de eventos clim\u00e1ticos, los cuales, como es ampliamente conocido, afectan de manera particular a la poblaci\u00f3n pobre y vulnerable.<\/p>\n\n\n\n<p>Esta alianza propone fortalecer y consolidar un entorno propicio del sector seguros para que los mecanismos de transferencia de riesgos sean m\u00e1s accesibles y contribuir a reducir los niveles de vulnerabilidad.<\/p>\n\n\n\n<p>A la actividad, por el PNUD asistieron tambi\u00e9n, Daniela Perozo, Coordinadora de Iniciativas de Financiamiento para el Desarrollo, Julia Ram\u00edrez, Encargada de Prensa y V\u00edctor Rodr\u00edguez, Especialista del Sector Privado.<\/p>\n\n\n\n<p>La Superintendente de Seguros se hizo acompa\u00f1ar de Juan M. Hern\u00e1ndez Buret, director Jur\u00eddico, as\u00ed como de otros directores y encargados de esa dependencia.<\/p>\n","protected":false},"excerpt":{"rendered":"<p>Distrito Nacional. Febrero, 2024.- La Superintendencia de Seguros y el Programa de las Naciones Unidas para el Desarrollo (PNUD), se comprometieron a unir esfuerzos para fortalecer el marco regulatorio y&hellip; <\/p>\n","protected":false},"author":2,"featured_media":49608,"comment_status":"closed","ping_status":"closed","sticky":false,"template":"","format":"standard","meta":{"fifu_image_url":"","fifu_image_alt":"","footnotes":""},"categories":[89],"tags":[],"class_list":["post-49607","post","type-post","status-publish","format-standard","has-post-thumbnail","hentry","category-seguros"],"_links":{"self":[{"href":"https:\/\/elmundodelosnegocios.com.do\/v1\/wp-json\/wp\/v2\/posts\/49607","targetHints":{"allow":["GET"]}}],"collection":[{"href":"https:\/\/elmundodelosnegocios.com.do\/v1\/wp-json\/wp\/v2\/posts"}],"about":[{"href":"https:\/\/elmundodelosnegocios.com.do\/v1\/wp-json\/wp\/v2\/types\/post"}],"author":[{"embeddable":true,"href":"https:\/\/elmundodelosnegocios.com.do\/v1\/wp-json\/wp\/v2\/users\/2"}],"replies":[{"embeddable":true,"href":"https:\/\/elmundodelosnegocios.com.do\/v1\/wp-json\/wp\/v2\/comments?post=49607"}],"version-history":[{"count":1,"href":"https:\/\/elmundodelosnegocios.com.do\/v1\/wp-json\/wp\/v2\/posts\/49607\/revisions"}],"predecessor-version":[{"id":49611,"href":"https:\/\/elmundodelosnegocios.com.do\/v1\/wp-json\/wp\/v2\/posts\/49607\/revisions\/49611"}],"wp:featuredmedia":[{"embeddable":true,"href":"https:\/\/elmundodelosnegocios.com.do\/v1\/wp-json\/wp\/v2\/media\/49608"}],"wp:attachment":[{"href":"https:\/\/elmundodelosnegocios.com.do\/v1\/wp-json\/wp\/v2\/media?parent=49607"}],"wp:term":[{"taxonomy":"category","embeddable":true,"href":"https:\/\/elmundodelosnegocios.com.do\/v1\/wp-json\/wp\/v2\/categories?post=49607"},{"taxonomy":"post_tag","embeddable":true,"href":"https:\/\/elmundodelosnegocios.com.do\/v1\/wp-json\/wp\/v2\/tags?post=49607"}],"curies":[{"name":"wp","href":"https:\/\/api.w.org\/{rel}","templated":true}]}}