{"id":49620,"date":"2024-02-15T20:16:14","date_gmt":"2024-02-16T00:46:14","guid":{"rendered":"https:\/\/elmundodelosnegocios.com.do\/v1\/?p=49620"},"modified":"2024-02-15T20:16:16","modified_gmt":"2024-02-16T00:46:16","slug":"subio-ligeramente-indice-confianza-industrial-en-cuarto-trimestre-2023","status":"publish","type":"post","link":"https:\/\/elmundodelosnegocios.com.do\/v1\/subio-ligeramente-indice-confianza-industrial-en-cuarto-trimestre-2023\/","title":{"rendered":"Subi\u00f3 ligeramente \u00cdndice Confianza Industrial en cuarto trimestre 2023"},"content":{"rendered":"\n<p><em>El \u00cdndice de Clima Empresarial asciende luego de descender tres trimestres consecutivos. Ambos \u00edndices son parte de la Encuesta de Coyuntura Industrial realizada trimestralmente por la AIRD.<\/em><strong><\/strong><\/p>\n\n\n\n<p><strong>Santo Domingo<\/strong>. El \u00cdndice de Confianza Industrial (ICI) ascendi\u00f3 ligeramente al pasar de 54.3 en el tercer trimestre de 2023 (julio-septiembre) a 54.5 en el cuarto trimestre (octubre-diciembre).&nbsp; El ascenso en el \u00cdndice de Clima Empresarial (ICE)fue mayor al pasar de 58.7 en el tercer trimestre a 62.2 en el cuarto trimestre, luego de haber mostrado una tendencia descendente en los primeros tres trimestres del pasado a\u00f1o.<\/p>\n\n\n<div class=\"wp-block-image\">\n<figure class=\"aligncenter size-full is-resized\"><img loading=\"lazy\" decoding=\"async\" width=\"756\" height=\"504\" src=\"https:\/\/elmundodelosnegocios.com.do\/v1\/wp-content\/uploads\/2024\/02\/Foto-ilustrativa-industria.jpg\" alt=\"\" class=\"wp-image-49627\" style=\"width:845px;height:auto\" srcset=\"https:\/\/elmundodelosnegocios.com.do\/v1\/wp-content\/uploads\/2024\/02\/Foto-ilustrativa-industria.jpg 756w, https:\/\/elmundodelosnegocios.com.do\/v1\/wp-content\/uploads\/2024\/02\/Foto-ilustrativa-industria-300x200.jpg 300w\" sizes=\"auto, (max-width: 756px) 100vw, 756px\" \/><\/figure>\n<\/div>\n\n\n<p>Estos \u00edndices son medidos por la <strong>Encuesta de Coyuntura Industrial, elaborada por la AIRD, la cual, a trav\u00e9s de su c\u00e1lculo, resume el resultado del desempe\u00f1o y las percepciones de los empresarios<\/strong>.<\/p>\n\n\n\n<p><strong>\u00cdNDICE DE CONFIANZA INDUSTRIAL (ICI)<\/strong><\/p>\n\n\n\n<p>El \u00edndice de Confianza Industrial mide las percepciones que tienen los industriales en cuanto al comportamiento de las ventas, producci\u00f3n e inventarios en las industrias, indicando as\u00ed las probabilidades existentes de que los industriales aumenten o no su producci\u00f3n en el corto plazo.<\/p>\n\n\n\n<p class=\"has-text-align-center\"><strong>Gr\u00e1fico No. 1<\/strong><strong><\/strong><\/p>\n\n\n\n<p class=\"has-text-align-center\"><strong>EVOLUCI\u00d3N \u00cdNDICE DE CONFIANZA INDUSTRIAL (ICI)<\/strong><strong><\/strong><\/p>\n\n\n\n<p class=\"has-text-align-center\"><strong>Octubre-diciembre 2023<\/strong><\/p>\n\n\n<div class=\"wp-block-image\">\n<figure class=\"aligncenter size-full\"><img loading=\"lazy\" decoding=\"async\" width=\"886\" height=\"373\" src=\"https:\/\/elmundodelosnegocios.com.do\/v1\/wp-content\/uploads\/2024\/02\/image.png\" alt=\"\" class=\"wp-image-49621\" srcset=\"https:\/\/elmundodelosnegocios.com.do\/v1\/wp-content\/uploads\/2024\/02\/image.png 886w, https:\/\/elmundodelosnegocios.com.do\/v1\/wp-content\/uploads\/2024\/02\/image-300x126.png 300w, https:\/\/elmundodelosnegocios.com.do\/v1\/wp-content\/uploads\/2024\/02\/image-768x323.png 768w\" sizes=\"auto, (max-width: 886px) 100vw, 886px\" \/><\/figure>\n<\/div>\n\n\n<p>El \u00cdndice de Confianza Industrial, ubicado en 54.5, indic\u00f3 expectativas positivas para el pr\u00f3ximo trimestre (es decir, para enero-marzo 2024). Sin embargo, su comportamiento es menor si se le compara con el trimestre octubre-diciembre 2022, cuando se ubic\u00f3 en 60.2<\/p>\n\n\n\n<p>Un elemento importante: para el cuarto trimestre de 2023: el saldo de opini\u00f3n sobre la Producci\u00f3n Real fue en promedio mayor al trimestre anterior a pesar de que no cumpli\u00f3 con las expectativas que ten\u00edan las empresas, seg\u00fan muestra el Gr\u00e1fico No. 2.<\/p>\n\n\n\n<p class=\"has-text-align-center\"><strong>Gr\u00e1fico No. 2<\/strong><\/p>\n\n\n\n<p class=\"has-text-align-center\"><strong>Saldos del volumen de producci\u00f3n de la Industria<\/strong><\/p>\n\n\n\n<p class=\"has-text-align-center\"><strong>Expectativas Vs. Comportamiento \/<\/strong><\/p>\n\n\n\n<p><strong>Octubre-diciembre 2023<\/strong><\/p>\n\n\n<div class=\"wp-block-image\">\n<figure class=\"aligncenter size-full\"><img loading=\"lazy\" decoding=\"async\" width=\"829\" height=\"458\" src=\"https:\/\/elmundodelosnegocios.com.do\/v1\/wp-content\/uploads\/2024\/02\/image-1.png\" alt=\"\" class=\"wp-image-49622\" srcset=\"https:\/\/elmundodelosnegocios.com.do\/v1\/wp-content\/uploads\/2024\/02\/image-1.png 829w, https:\/\/elmundodelosnegocios.com.do\/v1\/wp-content\/uploads\/2024\/02\/image-1-300x166.png 300w, https:\/\/elmundodelosnegocios.com.do\/v1\/wp-content\/uploads\/2024\/02\/image-1-768x424.png 768w\" sizes=\"auto, (max-width: 829px) 100vw, 829px\" \/><\/figure>\n<\/div>\n\n\n<p>En cuanto a las ventas, en septiembre 2023 las expectativas se ubicaron en 23.4, pero el comportamiento real fue de 11.5 (octubre-diciembre 2023). Es decir, las ventas se colocaron por debajo de las expectativas. En cuanto a la cantidad de empresas que dedic\u00f3 parte de su producci\u00f3n a las exportaciones, este porcentaje disminuy\u00f3 al pasar de 87% (julio-septiembre) a 77% (octubre-diciembre 2023).<\/p>\n\n\n\n<p>El porcentaje de empresas que realizaron inversiones para aumentar su capacidad instalada de producci\u00f3n ascendi\u00f3 al pasar de 86% en el tercer trimestre a 92% en el cuarto trimestre de 2023.<\/p>\n\n\n\n<p>En cuanto a perspectivas, el 95% de las empresas afirma que realizar\u00e1 alguna inversi\u00f3n en el pr\u00f3ximo trimestre (enero-marzo 2024), destac\u00e1ndose que el 32% dice que realizar\u00e1 inversiones en \u201cmaquinarias\u201d.<\/p>\n\n\n\n<p><strong>\u00cdNDICE DE CLIMA EMPRESARIAL<\/strong><\/p>\n\n\n\n<p>En el ICE se mantiene una percepci\u00f3n positiva (sobre 50.0), y pas\u00f3 de 58.7 en el tercer trimestre a 62.2 en el cuarto trimestre 2023.<\/p>\n\n\n\n<p>En cuatro de las cinco variables el saldo de opini\u00f3n de los empresarios expresa incremento (estas variables son: econom\u00eda dominicana, econom\u00eda internacional, rama de actividad y empresa). En cambio, descendi\u00f3 en la variable clima para invertir. El Gr\u00e1fico No. 3 muestra la evoluci\u00f3n de este \u00edndice a lo largo de m\u00e1s de doce a\u00f1os.<\/p>\n\n\n\n<p class=\"has-text-align-center\"><strong>Gr\u00e1fico No. 3<\/strong><strong><\/strong><\/p>\n\n\n\n<p class=\"has-text-align-center\"><strong>EVOLUCI\u00d3N \u00cdNDICE DE CLIMA EMPRESARIAL (ICE)<\/strong><strong><\/strong><\/p>\n\n\n\n<p class=\"has-text-align-center\"><strong>Octubre-diciembre 2023<\/strong><\/p>\n\n\n<div class=\"wp-block-image\">\n<figure class=\"aligncenter size-full\"><img loading=\"lazy\" decoding=\"async\" width=\"886\" height=\"417\" src=\"https:\/\/elmundodelosnegocios.com.do\/v1\/wp-content\/uploads\/2024\/02\/image-2.png\" alt=\"\" class=\"wp-image-49623\" srcset=\"https:\/\/elmundodelosnegocios.com.do\/v1\/wp-content\/uploads\/2024\/02\/image-2.png 886w, https:\/\/elmundodelosnegocios.com.do\/v1\/wp-content\/uploads\/2024\/02\/image-2-300x141.png 300w, https:\/\/elmundodelosnegocios.com.do\/v1\/wp-content\/uploads\/2024\/02\/image-2-768x361.png 768w\" sizes=\"auto, (max-width: 886px) 100vw, 886px\" \/><\/figure>\n<\/div>\n\n\n<p>Sobre el \u201cclima para invertir\u201d se produjo una disminuci\u00f3n al pasar de 27.38 a 26.92.<\/p>\n\n\n\n<p>La percepci\u00f3n sobre la \u201ceconom\u00eda internacional\u201d, que se mostr\u00f3 en terreno negativo el segundo y tercer trimestre del pasado a\u00f1o, volvi\u00f3 a terreno positivo al pasar de -7.14 a 12.82.<\/p>\n\n\n\n<p>El Gr\u00e1fico No. 4 muestra la evoluci\u00f3n de estas cinco variables desde el cuarto trimestre del 2022.<\/p>\n\n\n\n<p class=\"has-text-align-center\"><strong>Gr\u00e1fico No. 4<\/strong><strong><\/strong><\/p>\n\n\n\n<p class=\"has-text-align-center\"><strong>&nbsp;Saldos de las percepciones del clima para invertir y de la situaci\u00f3n econ\u00f3mica internacional y dominicana, de la rama y de la empresa <\/strong><strong><\/strong><\/p>\n\n\n\n<p class=\"has-text-align-center\"><strong>Octubre-diciembre 2023 <\/strong><\/p>\n\n\n<div class=\"wp-block-image\">\n<figure class=\"aligncenter size-full\"><img loading=\"lazy\" decoding=\"async\" width=\"886\" height=\"403\" src=\"https:\/\/elmundodelosnegocios.com.do\/v1\/wp-content\/uploads\/2024\/02\/image-3.png\" alt=\"\" class=\"wp-image-49624\" srcset=\"https:\/\/elmundodelosnegocios.com.do\/v1\/wp-content\/uploads\/2024\/02\/image-3.png 886w, https:\/\/elmundodelosnegocios.com.do\/v1\/wp-content\/uploads\/2024\/02\/image-3-300x136.png 300w, https:\/\/elmundodelosnegocios.com.do\/v1\/wp-content\/uploads\/2024\/02\/image-3-768x349.png 768w\" sizes=\"auto, (max-width: 886px) 100vw, 886px\" \/><\/figure>\n<\/div>\n\n\n<p>Es importante considerar la percepci\u00f3n de los industriales para el pr\u00f3ximo trimestre. En ese sentido, existe una percepci\u00f3n general de que la situaci\u00f3n ser\u00e1 de buena a regular para la mayor parte de los encuestados, en las cinco variables contempladas, tal como muestra el Gr\u00e1fico 5.<\/p>\n\n\n\n<p class=\"has-text-align-center\"><strong>Gr\u00e1fico No. 5<\/strong><strong><\/strong><\/p>\n\n\n\n<p class=\"has-text-align-center\"><strong>Saldos de las percepciones del clima para invertir y de la situaci\u00f3n econ\u00f3mica internacional y dominicana, de la rama y de la empresa<\/strong><strong><\/strong><\/p>\n\n\n\n<p class=\"has-text-align-center\"><strong>Octubre-diciembre 2023<\/strong><\/p>\n\n\n<div class=\"wp-block-image\">\n<figure class=\"aligncenter size-full\"><img loading=\"lazy\" decoding=\"async\" width=\"886\" height=\"221\" src=\"https:\/\/elmundodelosnegocios.com.do\/v1\/wp-content\/uploads\/2024\/02\/image-4.png\" alt=\"\" class=\"wp-image-49625\" srcset=\"https:\/\/elmundodelosnegocios.com.do\/v1\/wp-content\/uploads\/2024\/02\/image-4.png 886w, https:\/\/elmundodelosnegocios.com.do\/v1\/wp-content\/uploads\/2024\/02\/image-4-300x75.png 300w, https:\/\/elmundodelosnegocios.com.do\/v1\/wp-content\/uploads\/2024\/02\/image-4-768x192.png 768w\" sizes=\"auto, (max-width: 886px) 100vw, 886px\" \/><\/figure>\n<\/div>\n\n\n<p><strong>Ficha t\u00e9cnica<\/strong><\/p>\n\n\n<div class=\"wp-block-image\">\n<figure class=\"aligncenter size-full\"><img loading=\"lazy\" decoding=\"async\" width=\"886\" height=\"488\" src=\"https:\/\/elmundodelosnegocios.com.do\/v1\/wp-content\/uploads\/2024\/02\/image-5.png\" alt=\"\" class=\"wp-image-49626\" srcset=\"https:\/\/elmundodelosnegocios.com.do\/v1\/wp-content\/uploads\/2024\/02\/image-5.png 886w, https:\/\/elmundodelosnegocios.com.do\/v1\/wp-content\/uploads\/2024\/02\/image-5-300x165.png 300w, https:\/\/elmundodelosnegocios.com.do\/v1\/wp-content\/uploads\/2024\/02\/image-5-768x423.png 768w\" sizes=\"auto, (max-width: 886px) 100vw, 886px\" \/><\/figure>\n<\/div>","protected":false},"excerpt":{"rendered":"<p>El \u00cdndice de Clima Empresarial asciende luego de descender tres trimestres consecutivos. Ambos \u00edndices son parte de la Encuesta de Coyuntura Industrial realizada trimestralmente por la AIRD. Santo Domingo. El&hellip; <\/p>\n","protected":false},"author":2,"featured_media":49627,"comment_status":"closed","ping_status":"closed","sticky":false,"template":"","format":"standard","meta":{"fifu_image_url":"","fifu_image_alt":"","footnotes":""},"categories":[154],"tags":[],"class_list":["post-49620","post","type-post","status-publish","format-standard","has-post-thumbnail","hentry","category-industria"],"_links":{"self":[{"href":"https:\/\/elmundodelosnegocios.com.do\/v1\/wp-json\/wp\/v2\/posts\/49620","targetHints":{"allow":["GET"]}}],"collection":[{"href":"https:\/\/elmundodelosnegocios.com.do\/v1\/wp-json\/wp\/v2\/posts"}],"about":[{"href":"https:\/\/elmundodelosnegocios.com.do\/v1\/wp-json\/wp\/v2\/types\/post"}],"author":[{"embeddable":true,"href":"https:\/\/elmundodelosnegocios.com.do\/v1\/wp-json\/wp\/v2\/users\/2"}],"replies":[{"embeddable":true,"href":"https:\/\/elmundodelosnegocios.com.do\/v1\/wp-json\/wp\/v2\/comments?post=49620"}],"version-history":[{"count":1,"href":"https:\/\/elmundodelosnegocios.com.do\/v1\/wp-json\/wp\/v2\/posts\/49620\/revisions"}],"predecessor-version":[{"id":49628,"href":"https:\/\/elmundodelosnegocios.com.do\/v1\/wp-json\/wp\/v2\/posts\/49620\/revisions\/49628"}],"wp:featuredmedia":[{"embeddable":true,"href":"https:\/\/elmundodelosnegocios.com.do\/v1\/wp-json\/wp\/v2\/media\/49627"}],"wp:attachment":[{"href":"https:\/\/elmundodelosnegocios.com.do\/v1\/wp-json\/wp\/v2\/media?parent=49620"}],"wp:term":[{"taxonomy":"category","embeddable":true,"href":"https:\/\/elmundodelosnegocios.com.do\/v1\/wp-json\/wp\/v2\/categories?post=49620"},{"taxonomy":"post_tag","embeddable":true,"href":"https:\/\/elmundodelosnegocios.com.do\/v1\/wp-json\/wp\/v2\/tags?post=49620"}],"curies":[{"name":"wp","href":"https:\/\/api.w.org\/{rel}","templated":true}]}}