{"id":49666,"date":"2024-02-17T03:03:57","date_gmt":"2024-02-17T07:33:57","guid":{"rendered":"https:\/\/elmundodelosnegocios.com.do\/v1\/index.php\/2024\/02\/17\/resumen-nep-nombra-a-lise-heidal-presidenta-de-nep-broadcast-services-europa\/"},"modified":"2024-02-17T03:03:57","modified_gmt":"2024-02-17T07:33:57","slug":"resumen-nep-nombra-a-lise-heidal-presidenta-de-nep-broadcast-services-europa","status":"publish","type":"post","link":"https:\/\/elmundodelosnegocios.com.do\/v1\/resumen-nep-nombra-a-lise-heidal-presidenta-de-nep-broadcast-services-europa\/","title":{"rendered":"Resumen: NEP nombra a Lise Heidal presidenta de NEP Broadcast Services Europa"},"content":{"rendered":"<p>OSLO, Noruega&#8211;(BUSINESS WIRE)&#8211;El Grupo NEP, l\u00edder mundial en tecnolog\u00eda de medios de difusi\u00f3n para deportes y entretenimiento en directo, ha anunciado hoy que se ha nombrado a Lise Heidal presidenta de NEP Europa en NEP Broadcast Services, a partir del 1 de abril. Con sede en Noruega, Heidal establecer\u00e1 la estrategia, las prioridades y las \u00e1reas de inter\u00e9s de nueve pa\u00edses del norte, centro y sur de Europa, as\u00ed como del Reino Unido e Irlanda, para dirigir la planificaci\u00f3n futura de los negocios de servicios de difusi\u00f3n de NEP.<br \/>\nCon m\u00e1s de 25 a\u00f1os de experiencia polifac\u00e9tica en los sectores de los medios de comunicaci\u00f3n, las telecomunicaciones y la consultor\u00eda, Heidal destaca como una l\u00edder pragm\u00e1tica comprometida con el desarrollo de la excelencia operativa, la transformaci\u00f3n empresarial y la innovaci\u00f3n estrat\u00e9gica.<br \/>\nEl comunicado en el idioma original es la versi\u00f3n oficial y autorizada del mismo. Esta traducci\u00f3n es solamente un medio de ayuda y deber\u00e1 ser comparada con el texto en idioma original, que es la \u00fanica versi\u00f3n del texto que tendr\u00e1 validez legal. Contacts<br \/>\nSusan Matis<br \/>\nVicepresidenta, Marketing internacional<br \/>\nTel\u00e9fono: +1 412-423-1339<br \/>\nCorreo electr\u00f3nico: press@nepgroup.com<br \/>\nJordan Conigliaro<br \/>\nResponsable de Relaciones p\u00fablicas y Comunicaci\u00f3n<br \/>\nTel\u00e9fono: +1 570-357-1992<br \/>\nCorreo electr\u00f3nico: jconigliaro@nepgroup.com<\/p>\n","protected":false},"excerpt":{"rendered":"<p>OSLO, Noruega&#8211;(BUSINESS WIRE)&#8211;El Grupo NEP, l\u00edder mundial en tecnolog\u00eda de medios de difusi\u00f3n para deportes y entretenimiento en directo, ha anunciado hoy que se ha nombrado a Lise Heidal presidenta&hellip; <\/p>\n","protected":false},"author":2,"featured_media":49667,"comment_status":"closed","ping_status":"closed","sticky":false,"template":"","format":"standard","meta":{"fifu_image_url":"","fifu_image_alt":"","footnotes":""},"categories":[252],"tags":[253],"class_list":["post-49666","post","type-post","status-publish","format-standard","has-post-thumbnail","hentry","category-business-wire","tag-business-wire"],"_links":{"self":[{"href":"https:\/\/elmundodelosnegocios.com.do\/v1\/wp-json\/wp\/v2\/posts\/49666","targetHints":{"allow":["GET"]}}],"collection":[{"href":"https:\/\/elmundodelosnegocios.com.do\/v1\/wp-json\/wp\/v2\/posts"}],"about":[{"href":"https:\/\/elmundodelosnegocios.com.do\/v1\/wp-json\/wp\/v2\/types\/post"}],"author":[{"embeddable":true,"href":"https:\/\/elmundodelosnegocios.com.do\/v1\/wp-json\/wp\/v2\/users\/2"}],"replies":[{"embeddable":true,"href":"https:\/\/elmundodelosnegocios.com.do\/v1\/wp-json\/wp\/v2\/comments?post=49666"}],"version-history":[{"count":0,"href":"https:\/\/elmundodelosnegocios.com.do\/v1\/wp-json\/wp\/v2\/posts\/49666\/revisions"}],"wp:featuredmedia":[{"embeddable":true,"href":"https:\/\/elmundodelosnegocios.com.do\/v1\/wp-json\/wp\/v2\/media\/49667"}],"wp:attachment":[{"href":"https:\/\/elmundodelosnegocios.com.do\/v1\/wp-json\/wp\/v2\/media?parent=49666"}],"wp:term":[{"taxonomy":"category","embeddable":true,"href":"https:\/\/elmundodelosnegocios.com.do\/v1\/wp-json\/wp\/v2\/categories?post=49666"},{"taxonomy":"post_tag","embeddable":true,"href":"https:\/\/elmundodelosnegocios.com.do\/v1\/wp-json\/wp\/v2\/tags?post=49666"}],"curies":[{"name":"wp","href":"https:\/\/api.w.org\/{rel}","templated":true}]}}