{"id":49671,"date":"2024-02-18T10:39:49","date_gmt":"2024-02-18T15:09:49","guid":{"rendered":"https:\/\/elmundodelosnegocios.com.do\/v1\/?p=49671"},"modified":"2024-02-18T10:39:51","modified_gmt":"2024-02-18T15:09:51","slug":"prodominicana-e-industriales-de-region-norte-firman-acuerdo-a-favor-de-las-empresas-del-cibao","status":"publish","type":"post","link":"https:\/\/elmundodelosnegocios.com.do\/v1\/prodominicana-e-industriales-de-region-norte-firman-acuerdo-a-favor-de-las-empresas-del-cibao\/","title":{"rendered":"ProDominicana e industriales de regi\u00f3n Norte firman acuerdo a favor de las empresas del Cibao"},"content":{"rendered":"\n<p>Santo Domingo.- El Centro de Exportaci\u00f3n e Inversi\u00f3n de la Rep\u00fablica Dominicana&nbsp;<strong>(ProDominicana)<\/strong>&nbsp;y la&nbsp;<strong>Asociaci\u00f3n de Industriales de la Regi\u00f3n Norte (Airen)&nbsp;<\/strong>firmaron un convenio para&nbsp;<strong>mancomunar esfuerzos<\/strong>&nbsp;y potencializar el&nbsp;<strong>desarrollo econ\u00f3mico<\/strong>&nbsp;del sector industrial regional.<\/p>\n\n\n<div class=\"wp-block-image\">\n<figure class=\"aligncenter size-large\"><img decoding=\"async\" src=\"https:\/\/presidencia.gob.do\/sites\/default\/files\/styles\/large\/public\/news\/2024-02\/Juan%20Ventura%2C%20AIREN%2C%20Biviana%20Riveiro%20Disla%2C%20ProDominicana.jpg?itok=TNUSu5uO\" alt=\"\"\/><\/figure>\n<\/div>\n\n\n<p>El convenio fue rubricado por&nbsp;<strong>Biviana Riveiro Disla<\/strong>, directora ejecutiva de ProDominicana, y&nbsp;<strong>Juan Bautista Ventura<\/strong>, presidente de la Junta Directiva de Airen.<\/p>\n\n\n\n<p>Biviana Riveiro expres\u00f3 que ProDominicana contin\u00faa demostrando con acciones concretas su&nbsp;<strong>compromiso con el empresariado dominicano y la regi\u00f3n<\/strong>, como es el caso de las&nbsp;<strong>pymes<\/strong>, que representan un&nbsp;<strong>activo importante<\/strong>&nbsp;para el desarrollo del pa\u00eds.<\/p>\n\n\n\n<p><em>\u201cA trav\u00e9s de este acuerdo buscamos promover la participaci\u00f3n de los empresarios asociados en ferias y misiones comerciales, facilitando su presencia en eventos estrat\u00e9gicos para la expansi\u00f3n de sus mercados\u201d,&nbsp;<\/em>puntualiz\u00f3.<\/p>\n\n\n\n<p>Igualmente inform\u00f3 que, para el mes de&nbsp;<strong>enero<\/strong>&nbsp;del 2024, las exportaciones totales alcanzaron la suma de&nbsp;<strong>USD 847.8 millones,<\/strong>&nbsp;posicion\u00e1ndose como el enero r\u00e9cord de&nbsp;<strong>mayor exportaci\u00f3n hist\u00f3rica<\/strong>&nbsp;de la Rep\u00fablica Dominicana, por&nbsp;<strong>tercer a\u00f1o consecutivo&nbsp;<\/strong>(2022-2024).<\/p>\n\n\n\n<p><em>\u201cEste comportamiento positivo es explicado principalmente por el aumento en las exportaciones de oro en bruto, en un 57.6 %. Asimismo, se destaca la participaci\u00f3n de los aparatos de electrodiagn\u00f3stico con un crecimiento interanual de 180.5 %, equivalente a USD 21.1 millones, y el az\u00facar de ca\u00f1a en estado s\u00f3lido en un 261.5 % equivalente a USD 16.8 millones\u201d,<\/em>&nbsp;indic\u00f3 Riveiro.<\/p>\n\n\n\n<p>Ventura explic\u00f3 que este convenio se trata, precisamente, de&nbsp;<strong>avanzar juntos<\/strong>, de que los socios reciban el&nbsp;<strong>apoyo de su asociaci\u00f3n y de ProDominicana&nbsp;<\/strong>para crecer, para expandirse, para tener \u00e9xito en la incursi\u00f3n en nuevos mercados y de ese modo garantizar sostenibilidad en las empresas y aportes al desarrollo social al que se aspira.<\/p>\n\n\n\n<p>Agreg\u00f3 que ambas entidades buscan la&nbsp;<strong>formaci\u00f3n especializada<\/strong>, participaci\u00f3n en&nbsp;<strong>ferias y misiones<\/strong>&nbsp;comerciales,&nbsp;<strong>inteligencia de mercado<\/strong>, asesor\u00edas, identificaci\u00f3n y captaci\u00f3n de potenciales&nbsp;<strong>inversionistas<\/strong>&nbsp;extranjeros hacia la regi\u00f3n Norte o Cibao.<\/p>\n\n\n\n<p>En cuanto a las exportaciones de la referida regi\u00f3n, para enero 2024 obtuvieron un monto de&nbsp;<strong>USD 232 millones<\/strong>, de 663 productos a trav\u00e9s de 283 empresas exportadoras, a 79 mercados internacionales.<\/p>\n\n\n\n<p>Durante el per\u00edodo 2019-2023, la regi\u00f3n Norte o Cibao realiz\u00f3 exportaciones por USD 19,308.4 millones de 2,761 productos a trav\u00e9s de 763 empresas exportadoras a 158 mercados internacionales. Las principales provincias exportadoras son:&nbsp;<strong>S\u00e1nchez Ram\u00edrez<\/strong>, aportando el&nbsp;<strong>37.3 %<\/strong>&nbsp;del total exportado, seguido de&nbsp;<strong>Santiago con 35.1 %<\/strong>&nbsp;y&nbsp;<strong>Monse\u00f1or Nouel con 13.5 %.<\/strong><\/p>\n\n\n\n<p><em>\u201cNecesitamos que vean la regi\u00f3n Norte como un punto privilegiado para sus fines, intercambio de informaci\u00f3n, son solo algunos de los m\u00faltiples beneficios que obtendremos de caminar juntos y de aunar recursos que hoy nos proponemos con este convenio\u201d,<\/em>&nbsp;puntualiz\u00f3 Ventura.<\/p>\n","protected":false},"excerpt":{"rendered":"<p>Santo Domingo.- El Centro de Exportaci\u00f3n e Inversi\u00f3n de la Rep\u00fablica Dominicana&nbsp;(ProDominicana)&nbsp;y la&nbsp;Asociaci\u00f3n de Industriales de la Regi\u00f3n Norte (Airen)&nbsp;firmaron un convenio para&nbsp;mancomunar esfuerzos&nbsp;y potencializar el&nbsp;desarrollo econ\u00f3mico&nbsp;del sector industrial regional.&hellip; <\/p>\n","protected":false},"author":2,"featured_media":49673,"comment_status":"closed","ping_status":"closed","sticky":false,"template":"","format":"standard","meta":{"fifu_image_url":"https:\/\/presidencia.gob.do\/sites\/default\/files\/styles\/large\/public\/news\/2024-02\/Juan%20Ventura%2C%20AIREN%2C%20Biviana%20Riveiro%20Disla%2C%20ProDominicana.jpg?itok=TNUSu5uO","fifu_image_alt":"","footnotes":""},"categories":[154],"tags":[],"class_list":["post-49671","post","type-post","status-publish","format-standard","has-post-thumbnail","hentry","category-industria"],"_links":{"self":[{"href":"https:\/\/elmundodelosnegocios.com.do\/v1\/wp-json\/wp\/v2\/posts\/49671","targetHints":{"allow":["GET"]}}],"collection":[{"href":"https:\/\/elmundodelosnegocios.com.do\/v1\/wp-json\/wp\/v2\/posts"}],"about":[{"href":"https:\/\/elmundodelosnegocios.com.do\/v1\/wp-json\/wp\/v2\/types\/post"}],"author":[{"embeddable":true,"href":"https:\/\/elmundodelosnegocios.com.do\/v1\/wp-json\/wp\/v2\/users\/2"}],"replies":[{"embeddable":true,"href":"https:\/\/elmundodelosnegocios.com.do\/v1\/wp-json\/wp\/v2\/comments?post=49671"}],"version-history":[{"count":1,"href":"https:\/\/elmundodelosnegocios.com.do\/v1\/wp-json\/wp\/v2\/posts\/49671\/revisions"}],"predecessor-version":[{"id":49672,"href":"https:\/\/elmundodelosnegocios.com.do\/v1\/wp-json\/wp\/v2\/posts\/49671\/revisions\/49672"}],"wp:featuredmedia":[{"embeddable":true,"href":"https:\/\/elmundodelosnegocios.com.do\/v1\/wp-json\/wp\/v2\/media\/49673"}],"wp:attachment":[{"href":"https:\/\/elmundodelosnegocios.com.do\/v1\/wp-json\/wp\/v2\/media?parent=49671"}],"wp:term":[{"taxonomy":"category","embeddable":true,"href":"https:\/\/elmundodelosnegocios.com.do\/v1\/wp-json\/wp\/v2\/categories?post=49671"},{"taxonomy":"post_tag","embeddable":true,"href":"https:\/\/elmundodelosnegocios.com.do\/v1\/wp-json\/wp\/v2\/tags?post=49671"}],"curies":[{"name":"wp","href":"https:\/\/api.w.org\/{rel}","templated":true}]}}