{"id":49734,"date":"2024-02-19T20:35:04","date_gmt":"2024-02-20T01:05:04","guid":{"rendered":"https:\/\/elmundodelosnegocios.com.do\/v1\/?p=49734"},"modified":"2024-02-19T20:35:06","modified_gmt":"2024-02-20T01:05:06","slug":"popular-celebra-su-60-aniversario-con-clientes-y-relacionados","status":"publish","type":"post","link":"https:\/\/elmundodelosnegocios.com.do\/v1\/popular-celebra-su-60-aniversario-con-clientes-y-relacionados\/","title":{"rendered":"Popular celebra su 60\u00b0 aniversario con clientes y relacionados"},"content":{"rendered":"\n<p><strong>Reafirm\u00f3 compromiso de continuar iluminando las mejores ideas de progreso<\/strong><\/p>\n\n\n\n<p>Santo Domingo, D.N. \u2013 El Banco Popular Dominicano celebr\u00f3 junto a m\u00e1s de mil clientes corporativos y relacionados un c\u00f3ctel para conmemorar los 60 a\u00f1os de vida institucional de la organizaci\u00f3n financiera, que abri\u00f3 sus puertas el 2 de enero de 1964, en el que les agradeci\u00f3 su lealtad y confianza, al tiempo que reafirm\u00f3 su compromiso de continuar iluminando las mejores ideas de progreso de los dominicanos.<\/p>\n\n\n<div class=\"wp-block-image\">\n<figure data-wp-context=\"{&quot;imageId&quot;:&quot;69ec50856c2a4&quot;}\" data-wp-interactive=\"core\/image\" data-wp-key=\"69ec50856c2a4\" class=\"aligncenter size-full is-resized wp-lightbox-container\"><img loading=\"lazy\" decoding=\"async\" width=\"711\" height=\"400\" data-wp-class--hide=\"state.isContentHidden\" data-wp-class--show=\"state.isContentVisible\" data-wp-init=\"callbacks.setButtonStyles\" data-wp-on--click=\"actions.showLightbox\" data-wp-on--load=\"callbacks.setButtonStyles\" data-wp-on-window--resize=\"callbacks.setButtonStyles\" src=\"https:\/\/elmundodelosnegocios.com.do\/v1\/wp-content\/uploads\/2024\/02\/ALD0093_1.jpg\" alt=\"\" class=\"wp-image-49735\" style=\"width:841px;height:auto\" srcset=\"https:\/\/elmundodelosnegocios.com.do\/v1\/wp-content\/uploads\/2024\/02\/ALD0093_1.jpg 711w, https:\/\/elmundodelosnegocios.com.do\/v1\/wp-content\/uploads\/2024\/02\/ALD0093_1-300x169.jpg 300w\" sizes=\"auto, (max-width: 711px) 100vw, 711px\" \/><button\n\t\t\tclass=\"lightbox-trigger\"\n\t\t\ttype=\"button\"\n\t\t\taria-haspopup=\"dialog\"\n\t\t\taria-label=\"Agrandar\"\n\t\t\tdata-wp-init=\"callbacks.initTriggerButton\"\n\t\t\tdata-wp-on--click=\"actions.showLightbox\"\n\t\t\tdata-wp-style--right=\"state.imageButtonRight\"\n\t\t\tdata-wp-style--top=\"state.imageButtonTop\"\n\t\t>\n\t\t\t<svg xmlns=\"http:\/\/www.w3.org\/2000\/svg\" width=\"12\" height=\"12\" fill=\"none\" viewBox=\"0 0 12 12\">\n\t\t\t\t<path fill=\"#fff\" d=\"M2 0a2 2 0 0 0-2 2v2h1.5V2a.5.5 0 0 1 .5-.5h2V0H2Zm2 10.5H2a.5.5 0 0 1-.5-.5V8H0v2a2 2 0 0 0 2 2h2v-1.5ZM8 12v-1.5h2a.5.5 0 0 0 .5-.5V8H12v2a2 2 0 0 1-2 2H8Zm2-12a2 2 0 0 1 2 2v2h-1.5V2a.5.5 0 0 0-.5-.5H8V0h2Z\" \/>\n\t\t\t<\/svg>\n\t\t<\/button><\/figure>\n<\/div>\n\n\n<p>El evento cont\u00f3 con la participaci\u00f3n de ejecutivos del Banco Popular y de su casa matriz, Grupo Popular, encabezados por los presidentes ejecutivos de ambas organizaciones, se\u00f1ores Christopher Paniagua y Manuel E. Jim\u00e9nez F., respectivamente, as\u00ed como miembros de sus Consejos de Administraci\u00f3n, representantes del empresariado dominicano y de distintos sectores de la sociedad que mantienen lazos comerciales e institucionales con la entidad bancaria.<\/p>\n\n\n<div class=\"wp-block-image\">\n<figure data-wp-context=\"{&quot;imageId&quot;:&quot;69ec50856c61c&quot;}\" data-wp-interactive=\"core\/image\" data-wp-key=\"69ec50856c61c\" class=\"aligncenter size-full is-resized wp-lightbox-container\"><img loading=\"lazy\" decoding=\"async\" width=\"711\" height=\"400\" data-wp-class--hide=\"state.isContentHidden\" data-wp-class--show=\"state.isContentVisible\" data-wp-init=\"callbacks.setButtonStyles\" data-wp-on--click=\"actions.showLightbox\" data-wp-on--load=\"callbacks.setButtonStyles\" data-wp-on-window--resize=\"callbacks.setButtonStyles\" src=\"https:\/\/elmundodelosnegocios.com.do\/v1\/wp-content\/uploads\/2024\/02\/ALD0093_2.jpg\" alt=\"\" class=\"wp-image-49736\" style=\"width:841px;height:auto\" srcset=\"https:\/\/elmundodelosnegocios.com.do\/v1\/wp-content\/uploads\/2024\/02\/ALD0093_2.jpg 711w, https:\/\/elmundodelosnegocios.com.do\/v1\/wp-content\/uploads\/2024\/02\/ALD0093_2-300x169.jpg 300w\" sizes=\"auto, (max-width: 711px) 100vw, 711px\" \/><button\n\t\t\tclass=\"lightbox-trigger\"\n\t\t\ttype=\"button\"\n\t\t\taria-haspopup=\"dialog\"\n\t\t\taria-label=\"Agrandar\"\n\t\t\tdata-wp-init=\"callbacks.initTriggerButton\"\n\t\t\tdata-wp-on--click=\"actions.showLightbox\"\n\t\t\tdata-wp-style--right=\"state.imageButtonRight\"\n\t\t\tdata-wp-style--top=\"state.imageButtonTop\"\n\t\t>\n\t\t\t<svg xmlns=\"http:\/\/www.w3.org\/2000\/svg\" width=\"12\" height=\"12\" fill=\"none\" viewBox=\"0 0 12 12\">\n\t\t\t\t<path fill=\"#fff\" d=\"M2 0a2 2 0 0 0-2 2v2h1.5V2a.5.5 0 0 1 .5-.5h2V0H2Zm2 10.5H2a.5.5 0 0 1-.5-.5V8H0v2a2 2 0 0 0 2 2h2v-1.5ZM8 12v-1.5h2a.5.5 0 0 0 .5-.5V8H12v2a2 2 0 0 1-2 2H8Zm2-12a2 2 0 0 1 2 2v2h-1.5V2a.5.5 0 0 0-.5-.5H8V0h2Z\" \/>\n\t\t\t<\/svg>\n\t\t<\/button><\/figure>\n<\/div>\n\n\n<p>Durante el c\u00f3ctel se subray\u00f3 la trascendencia del Popular como una organizaci\u00f3n que constantemente ha impulsado cambios para ayudar a construir una sociedad m\u00e1s pr\u00f3spera e inclusiva, convirtiendo en realidad miles de aspiraciones personales y empresariales, y proyectando la identidad, la marca pa\u00eds y el valor de la dominicanidad m\u00e1s all\u00e1 de las fronteras nacionales.<\/p>\n\n\n<div class=\"wp-block-image\">\n<figure data-wp-context=\"{&quot;imageId&quot;:&quot;69ec50856c997&quot;}\" data-wp-interactive=\"core\/image\" data-wp-key=\"69ec50856c997\" class=\"aligncenter size-full is-resized wp-lightbox-container\"><img loading=\"lazy\" decoding=\"async\" width=\"711\" height=\"400\" data-wp-class--hide=\"state.isContentHidden\" data-wp-class--show=\"state.isContentVisible\" data-wp-init=\"callbacks.setButtonStyles\" data-wp-on--click=\"actions.showLightbox\" data-wp-on--load=\"callbacks.setButtonStyles\" data-wp-on-window--resize=\"callbacks.setButtonStyles\" src=\"https:\/\/elmundodelosnegocios.com.do\/v1\/wp-content\/uploads\/2024\/02\/ALD0093_3.jpg\" alt=\"\" class=\"wp-image-49737\" style=\"width:841px;height:auto\" srcset=\"https:\/\/elmundodelosnegocios.com.do\/v1\/wp-content\/uploads\/2024\/02\/ALD0093_3.jpg 711w, https:\/\/elmundodelosnegocios.com.do\/v1\/wp-content\/uploads\/2024\/02\/ALD0093_3-300x169.jpg 300w\" sizes=\"auto, (max-width: 711px) 100vw, 711px\" \/><button\n\t\t\tclass=\"lightbox-trigger\"\n\t\t\ttype=\"button\"\n\t\t\taria-haspopup=\"dialog\"\n\t\t\taria-label=\"Agrandar\"\n\t\t\tdata-wp-init=\"callbacks.initTriggerButton\"\n\t\t\tdata-wp-on--click=\"actions.showLightbox\"\n\t\t\tdata-wp-style--right=\"state.imageButtonRight\"\n\t\t\tdata-wp-style--top=\"state.imageButtonTop\"\n\t\t>\n\t\t\t<svg xmlns=\"http:\/\/www.w3.org\/2000\/svg\" width=\"12\" height=\"12\" fill=\"none\" viewBox=\"0 0 12 12\">\n\t\t\t\t<path fill=\"#fff\" d=\"M2 0a2 2 0 0 0-2 2v2h1.5V2a.5.5 0 0 1 .5-.5h2V0H2Zm2 10.5H2a.5.5 0 0 1-.5-.5V8H0v2a2 2 0 0 0 2 2h2v-1.5ZM8 12v-1.5h2a.5.5 0 0 0 .5-.5V8H12v2a2 2 0 0 1-2 2H8Zm2-12a2 2 0 0 1 2 2v2h-1.5V2a.5.5 0 0 0-.5-.5H8V0h2Z\" \/>\n\t\t\t<\/svg>\n\t\t<\/button><\/figure>\n<\/div>\n\n\n<p>En sus palabras de agradecimiento, el presidente ejecutivo del Popular, se\u00f1or Christopher Paniagua, indic\u00f3 a los asistentes que el legado recibido de los fundadores y la trayectoria de 60 a\u00f1os del banco es el sustento que fortalece su misi\u00f3n de continuar como \u201cun agente que estimula y acelera los cambios econ\u00f3micos, sociales e institucionales que necesita la Rep\u00fablica Dominicana.\u00bb<\/p>\n\n\n\n<p>\u201cReafirmamos nuestro compromiso de seguir siendo su aliado financiero en el camino al \u00e9xito de sus empresas con asesor\u00eda e innovaci\u00f3n, con una experiencia financiera proactiva, \u00fanica y valiosa y con una relaci\u00f3n basada siempre en el largo plazo\u00bb, subray\u00f3 el se\u00f1or Paniagua ante los clientes.<\/p>\n\n\n\n<p>En el marco de esta celebraci\u00f3n de aniversario, los invitados iluminaron junto al banco las grandes ideas que hacen que la Rep\u00fablica Dominicana avance con optimismo y paso firme, atesorando el legado de las generaciones precedentes y desarroll\u00e1ndose de forma sostenible hacia un horizonte de mayor prosperidad, inclusi\u00f3n y equidad.<\/p>\n\n\n\n<figure class=\"wp-block-embed is-type-video is-provider-youtube wp-block-embed-youtube wp-embed-aspect-16-9 wp-has-aspect-ratio\"><div class=\"wp-block-embed__wrapper\">\n<iframe loading=\"lazy\" title=\"Coctel 60 Aniversario - Discurso Christopher Paniagua\" width=\"1110\" height=\"624\" src=\"https:\/\/www.youtube.com\/embed\/FI1iZGAusbE?feature=oembed\" frameborder=\"0\" allow=\"accelerometer; autoplay; clipboard-write; encrypted-media; gyroscope; picture-in-picture; web-share\" allowfullscreen><\/iframe>\n<\/div><\/figure>\n","protected":false},"excerpt":{"rendered":"<p>Reafirm\u00f3 compromiso de continuar iluminando las mejores ideas de progreso Santo Domingo, D.N. \u2013 El Banco Popular Dominicano celebr\u00f3 junto a m\u00e1s de mil clientes corporativos y relacionados un c\u00f3ctel&hellip; <\/p>\n","protected":false},"author":2,"featured_media":49735,"comment_status":"closed","ping_status":"closed","sticky":false,"template":"","format":"standard","meta":{"fifu_image_url":"","fifu_image_alt":"","footnotes":""},"categories":[180],"tags":[],"class_list":["post-49734","post","type-post","status-publish","format-standard","has-post-thumbnail","hentry","category-banca"],"_links":{"self":[{"href":"https:\/\/elmundodelosnegocios.com.do\/v1\/wp-json\/wp\/v2\/posts\/49734","targetHints":{"allow":["GET"]}}],"collection":[{"href":"https:\/\/elmundodelosnegocios.com.do\/v1\/wp-json\/wp\/v2\/posts"}],"about":[{"href":"https:\/\/elmundodelosnegocios.com.do\/v1\/wp-json\/wp\/v2\/types\/post"}],"author":[{"embeddable":true,"href":"https:\/\/elmundodelosnegocios.com.do\/v1\/wp-json\/wp\/v2\/users\/2"}],"replies":[{"embeddable":true,"href":"https:\/\/elmundodelosnegocios.com.do\/v1\/wp-json\/wp\/v2\/comments?post=49734"}],"version-history":[{"count":1,"href":"https:\/\/elmundodelosnegocios.com.do\/v1\/wp-json\/wp\/v2\/posts\/49734\/revisions"}],"predecessor-version":[{"id":49738,"href":"https:\/\/elmundodelosnegocios.com.do\/v1\/wp-json\/wp\/v2\/posts\/49734\/revisions\/49738"}],"wp:featuredmedia":[{"embeddable":true,"href":"https:\/\/elmundodelosnegocios.com.do\/v1\/wp-json\/wp\/v2\/media\/49735"}],"wp:attachment":[{"href":"https:\/\/elmundodelosnegocios.com.do\/v1\/wp-json\/wp\/v2\/media?parent=49734"}],"wp:term":[{"taxonomy":"category","embeddable":true,"href":"https:\/\/elmundodelosnegocios.com.do\/v1\/wp-json\/wp\/v2\/categories?post=49734"},{"taxonomy":"post_tag","embeddable":true,"href":"https:\/\/elmundodelosnegocios.com.do\/v1\/wp-json\/wp\/v2\/tags?post=49734"}],"curies":[{"name":"wp","href":"https:\/\/api.w.org\/{rel}","templated":true}]}}