{"id":49845,"date":"2024-02-25T20:31:51","date_gmt":"2024-02-26T01:01:51","guid":{"rendered":"https:\/\/elmundodelosnegocios.com.do\/v1\/?p=49845"},"modified":"2024-02-26T08:36:11","modified_gmt":"2024-02-26T13:06:11","slug":"gobernador-albizu-participo-en-la-celebracion-del-60-aniversario-y-la-300-reunion-del-cmca","status":"publish","type":"post","link":"https:\/\/elmundodelosnegocios.com.do\/v1\/gobernador-albizu-participo-en-la-celebracion-del-60-aniversario-y-la-300-reunion-del-cmca\/","title":{"rendered":"Gobernador Albizu particip\u00f3 celebraci\u00f3n 60 aniversario y la 300va Reuni\u00f3n del CMCA"},"content":{"rendered":"\n<p>San Salvador, El Salvador. &#8211; El gobernador del Banco Central de la Rep\u00fablica Dominicana (BCRD), H\u00e9ctor Valdez Albizu, particip\u00f3 en la celebraci\u00f3n del 60 aniversario y 300 Reuni\u00f3n del Consejo Monetario Centroamericano (CMCA), evento que se llev\u00f3 a cabo los d\u00edas 22 y 23 de febrero, en la ciudad de San Salvador, El Salvador. En este encuentro se dieron cita los presidentes y gobernadores de los bancos centrales de la regi\u00f3n, as\u00ed como diferentes expertos de organismos internacionales.<\/p>\n\n\n<div class=\"wp-block-image\">\n<figure class=\"aligncenter size-large\"><img loading=\"lazy\" decoding=\"async\" width=\"1280\" height=\"720\" src=\"https:\/\/elmundodelosnegocios.com.do\/v1\/wp-content\/uploads\/2024\/02\/3-3-edited.jpg\" alt=\"\" class=\"wp-image-49847\" srcset=\"https:\/\/elmundodelosnegocios.com.do\/v1\/wp-content\/uploads\/2024\/02\/3-3-edited.jpg 1280w, https:\/\/elmundodelosnegocios.com.do\/v1\/wp-content\/uploads\/2024\/02\/3-3-edited-300x169.jpg 300w, https:\/\/elmundodelosnegocios.com.do\/v1\/wp-content\/uploads\/2024\/02\/3-3-edited-1024x576.jpg 1024w, https:\/\/elmundodelosnegocios.com.do\/v1\/wp-content\/uploads\/2024\/02\/3-3-edited-768x432.jpg 768w\" sizes=\"auto, (max-width: 1280px) 100vw, 1280px\" \/><\/figure>\n<\/div>\n\n\n<p>Las palabras de bienvenida estuvieron a cargo de los se\u00f1ores R\u00f3ger Madrigal L\u00f3pez, presidente del Banco Central de Costa Rica y presidente del CMCA; Douglas Rodr\u00edguez Fuente, presidente del Banco Central de Reserva de El Salvador, as\u00ed como por el secretario ejecutivo del CMCA, Odalis F. Marte Alevante.<\/p>\n\n\n\n<p>En el marco de la reuni\u00f3n, se conmemor\u00f3 el 60 aniversario del Consejo Monetario Centroamericano y su Secretar\u00eda Ejecutiva, reconociendo su trayectoria, impacto y contribuciones a la estabilidad macroecon\u00f3mica y financiera de la regi\u00f3n. Se reflexion\u00f3 sobre las principales transformaciones que ha experimentado la organizaci\u00f3n a lo largo del tiempo, as\u00ed como los desaf\u00edos que se vislumbran a futuro. Asimismo, se rindi\u00f3 homenaje a los funcionarios de la Secretar\u00eda Ejecutiva por sus a\u00f1os de servicios.<\/p>\n\n\n\n<p>Durante el desarrollo de la reuni\u00f3n del CMCA, la se\u00f1ora Marta Ruiz Arranz, asesora econ\u00f3mica principal del Departamento de los Pa\u00edses de Centroam\u00e9rica, Hait\u00ed, M\u00e9xico, Panam\u00e1 y Rep\u00fablica Dominicana del Banco Interamericano de Desarrollo (BID), tuvo una intervenci\u00f3n sobre el programa \u201cAm\u00e9rica en el Centro\u201d, cuyo objetivo es impulsar la integraci\u00f3n, resiliencia y desarrollo social en Centroam\u00e9rica y RD.<\/p>\n\n\n\n<p>Por otro lado, el representante jefe de la Oficina para Las Am\u00e9ricas del Banco de Pagos Internacionales (BIS por sus siglas en ingl\u00e9s), Dr. Alexandre Tombini, se dirigi\u00f3 a los presentes para tratar las perspectivas y retos de la regi\u00f3n para 2024. En su intervenci\u00f3n, el Dr. Tombini sostuvo que luego de la inflaci\u00f3n haber alcanzado cifras de dos d\u00edgitos en algunos de los pa\u00edses de la regi\u00f3n durante el a\u00f1o 2022, en los \u00faltimos dos a\u00f1os se ha logrado una importante disminuci\u00f3n en unos alcanzando algunos sus metas. A su vez, destac\u00f3 que para el 2024 se espera que la inflaci\u00f3n regrese a su umbral, las econom\u00edas se desaceleren suavemente en 2024 para luego repuntar en 2025.<\/p>\n\n\n\n<p>Asimismo, los se\u00f1ores Jaime Herrero, vicesecretario general y Javier J. P\u00e9rez, director del Departamento de Econom\u00eda Internacional y \u00c1rea del Euro, tuvieron una intervenci\u00f3n para destacar la participaci\u00f3n del Banco de Espa\u00f1a: 5 a\u00f1os de cooperaci\u00f3n con la Secretar\u00eda Ejecutiva del Consejo Monetario Centroamericano (SECMA). Por otro lado, el presidente del Banco Central de Reserva de El Salvador (BCRS), Douglas Rodriguez, aprovech\u00f3 la ocasi\u00f3n para presentar sobre la innovaci\u00f3n digital en los servicios ofrecidos a la poblaci\u00f3n por el BCRS y sus impactos.<\/p>\n\n\n\n<p>En el marco de la reuni\u00f3n se le otorg\u00f3 la oportunidad a cada banco central de presentar el contexto macroecon\u00f3mico vigente y sus perspectivas para el a\u00f1o 2024. En ese sentido, los presidentes y el gobernador expusieron sobre la evoluci\u00f3n de la actividad econ\u00f3mica, la inflaci\u00f3n, las condiciones financieras y las proyecciones econ\u00f3micas de sus pa\u00edses. La mayor\u00eda de las exposiciones coincidieron en la importancia haber logrado reducir la inflaci\u00f3n y llevarlas en torno a su rango meta en la mayor\u00eda de los pa\u00edses, pero manteniendo la senda de crecimiento de los pa\u00edses de la regi\u00f3n, y as\u00ed logar mayores crecimientos del producto interno bruto (PIB) para el cierre de este a\u00f1o.<\/p>\n\n\n\n<p>En ese tenor, el gobernador del BCRD, H\u00e9ctor Valdez Albizu, se\u00f1al\u00f3 que la econom\u00eda dominicana reflej\u00f3 una notable recuperaci\u00f3n en los \u00faltimos meses de 2023, al registrar una expansi\u00f3n de 4.2 % en el cuarto trimestre y de 4.7 % interanual en diciembre, mostrando un crecimiento econ\u00f3mico promedio de 2.4 % para 2023. Destac\u00f3 que el buen desempe\u00f1o de la econom\u00eda dominicana permiti\u00f3 avances en el mercado laboral. Espec\u00edficamente, se\u00f1al\u00f3 que la poblaci\u00f3n ocupada se ha incrementado sostenidamente hasta ubicarse en 4.9 millones de trabajadores, su m\u00e1ximo hist\u00f3rico, equivalente a un incremento interanual de 178 mil ocupados al cierre del a\u00f1o 2023.<\/p>\n\n\n\n<p>En cuanto al sector externo, Valdez Albizu destac\u00f3 el dinamismo observado del sector turismo, que, junto al sector energ\u00e9tico e inmobiliario, constituyeron los principales destinos de la inversi\u00f3n extranjera directa (IED), la cual ascendi\u00f3 a US$4,381 millones en 2023. De igual forma, las remesas alcanzaron US$ 10,157 millones en el a\u00f1o, mientras que las exportaciones se situaron en aproximadamente US$ 12,900 millones en 2023, de las cuales unos US$ 7,900 millones corresponde a las zonas francas.<\/p>\n\n\n\n<p>Este comportamiento del sector externo contribuy\u00f3 a reducir el d\u00e9ficit de cuenta corriente en 2023, a aproximadamente -3.8 % del PIB, financiado casi en su totalidad por los flujos de IED. Gracias a este mayor fujo de divisas las reservas internacionales continuaron fortaleci\u00e9ndose, cerrando el a\u00f1o en unos US$15,464 millones, representando aproximadamente seis meses de importaciones y cerca de 13 % del PIB, superando los umbrales recomendados por el Fondo Monetario Internacional. Asimismo, se mantuvo la estabilidad relativa del tipo de cambio, que registr\u00f3 una depreciaci\u00f3n interanual a cierre de a\u00f1o de 3.2 %, por debajo del promedio de los \u00faltimos cinco a\u00f1os prepandemia.<\/p>\n\n\n\n<p>Adicionalmente, el gobernador Valdez Albizu se\u00f1al\u00f3 la significativa reducci\u00f3n de las presiones inflacionarias como principal logro alcanzado durante el 2023, gracias a la implementaci\u00f3n de medidas monetarias y fiscales m\u00e1s favorables, al pasar desde un m\u00e1ximo de 9.64 % en abril de 2022 hasta 3.32 % en enero de 2024, por debajo del rango meta de 4.0 % \u00b1 1.0 %. De igual forma, indic\u00f3 que estos avances crearon el espacio para iniciar un plan de est\u00edmulo monetario, a trav\u00e9s de la reducci\u00f3n de 150 puntos b\u00e1sicos de la tasa de pol\u00edtica monetaria para situarse en 7.00 % hasta la actualidad.<\/p>\n\n\n\n<p>En cuanto a las perspectivas de la econom\u00eda dominicana, indic\u00f3 que tanto la inflaci\u00f3n se mantendr\u00eda en torno al rango meta de 4.0 % \u00b1 1.0 % para este 2024, en un escenario activo de pol\u00edtica monetaria. De igual modo, la actividad econ\u00f3mica continuar\u00eda la senda de crecimiento del PIB en torno al 5.0 &#8211; 5.5 % anual para el presente a\u00f1o.<\/p>\n\n\n\n<p>En la actividad el gobernador Valdez Albizu estuvo acompa\u00f1ado por los se\u00f1ores Julio And\u00fajar Scheker, asesor econ\u00f3mico de la Gobernaci\u00f3n; Joel Gonz\u00e1lez, subgerente y director del Departamento de Programaci\u00f3n Monetaria y Estudios Econ\u00f3micos; y Brenda Villanueva de Cardoza, subgerente y directora del Departamento Internacional.<\/p>\n","protected":false},"excerpt":{"rendered":"<p>San Salvador, El Salvador. &#8211; El gobernador del Banco Central de la Rep\u00fablica Dominicana (BCRD), H\u00e9ctor Valdez Albizu, particip\u00f3 en la celebraci\u00f3n del 60 aniversario y 300 Reuni\u00f3n del Consejo&hellip; <\/p>\n","protected":false},"author":2,"featured_media":49847,"comment_status":"closed","ping_status":"closed","sticky":false,"template":"","format":"standard","meta":{"fifu_image_url":"","fifu_image_alt":"","footnotes":""},"categories":[94],"tags":[],"class_list":["post-49845","post","type-post","status-publish","format-standard","has-post-thumbnail","hentry","category-finanzas"],"_links":{"self":[{"href":"https:\/\/elmundodelosnegocios.com.do\/v1\/wp-json\/wp\/v2\/posts\/49845","targetHints":{"allow":["GET"]}}],"collection":[{"href":"https:\/\/elmundodelosnegocios.com.do\/v1\/wp-json\/wp\/v2\/posts"}],"about":[{"href":"https:\/\/elmundodelosnegocios.com.do\/v1\/wp-json\/wp\/v2\/types\/post"}],"author":[{"embeddable":true,"href":"https:\/\/elmundodelosnegocios.com.do\/v1\/wp-json\/wp\/v2\/users\/2"}],"replies":[{"embeddable":true,"href":"https:\/\/elmundodelosnegocios.com.do\/v1\/wp-json\/wp\/v2\/comments?post=49845"}],"version-history":[{"count":2,"href":"https:\/\/elmundodelosnegocios.com.do\/v1\/wp-json\/wp\/v2\/posts\/49845\/revisions"}],"predecessor-version":[{"id":49871,"href":"https:\/\/elmundodelosnegocios.com.do\/v1\/wp-json\/wp\/v2\/posts\/49845\/revisions\/49871"}],"wp:featuredmedia":[{"embeddable":true,"href":"https:\/\/elmundodelosnegocios.com.do\/v1\/wp-json\/wp\/v2\/media\/49847"}],"wp:attachment":[{"href":"https:\/\/elmundodelosnegocios.com.do\/v1\/wp-json\/wp\/v2\/media?parent=49845"}],"wp:term":[{"taxonomy":"category","embeddable":true,"href":"https:\/\/elmundodelosnegocios.com.do\/v1\/wp-json\/wp\/v2\/categories?post=49845"},{"taxonomy":"post_tag","embeddable":true,"href":"https:\/\/elmundodelosnegocios.com.do\/v1\/wp-json\/wp\/v2\/tags?post=49845"}],"curies":[{"name":"wp","href":"https:\/\/api.w.org\/{rel}","templated":true}]}}