{"id":49849,"date":"2024-02-25T20:39:01","date_gmt":"2024-02-26T01:09:01","guid":{"rendered":"https:\/\/elmundodelosnegocios.com.do\/v1\/?p=49849"},"modified":"2024-02-26T08:37:26","modified_gmt":"2024-02-26T13:07:26","slug":"acuerdan-establecimiento-del-primer-hub-de-innovacion-agroindustrial-de-republica-dominicana","status":"publish","type":"post","link":"https:\/\/elmundodelosnegocios.com.do\/v1\/acuerdan-establecimiento-del-primer-hub-de-innovacion-agroindustrial-de-republica-dominicana\/","title":{"rendered":"Establecer\u00e1n primer hub de innovaci\u00f3n agroindustrial de Rep\u00fablica Dominicana"},"content":{"rendered":"\n<p><strong>Santo Domingo, D. N.-&nbsp;<\/strong>El ministro de Industria, Comercio y Mipymes (MICM), V\u00edctor Bison\u00f3, y el presidente de la corporaci\u00f3n GENIA Latinoam\u00e9rica, Jean Garc\u00eda Periche, suscribieron un memor\u00e1ndum de entendimiento para el establecimiento del primer&nbsp;<em>hub<\/em>&nbsp;de innovaci\u00f3n agroindustrial y el proyecto Agrintel en la Rep\u00fablica Dominicana.<\/p>\n\n\n<div class=\"wp-block-image\">\n<figure class=\"aligncenter\"><img decoding=\"async\" src=\"https:\/\/micm.gob.do\/wp-content\/uploads\/2024\/02\/MICM-y-GENIA-Latinoamerica-acuerdan-establecimiento-del-primer-hub-02.jpeg\" alt=\"\" class=\"wp-image-18199\"\/><figcaption class=\"wp-element-caption\">Iniciativa fomentar\u00e1 la colaboraci\u00f3n p\u00fablico-privada en la adopci\u00f3n de tecnolog\u00edas avanzadas en la agroindustria<\/figcaption><\/figure>\n<\/div>\n\n\n<p>El prop\u00f3sito es desarrollar un ecosistema de innovaci\u00f3n agroindustrial que contribuya a la transici\u00f3n de la agricultura tradicional a la agroindustria, a trav\u00e9s de una plataforma de investigaci\u00f3n y desarrollo (I+D), basado en el estudio e implementaci\u00f3n de tecnolog\u00edas avanzadas.<\/p>\n\n\n\n<p>A trav\u00e9s de esta iniciativa, desde el MICM, se integrar\u00e1 a las empresas privadas, instituciones acad\u00e9micas, organizaciones multilaterales y de la sociedad civil, con miras a la generaci\u00f3n de valor agregado para mejorar los aspectos de sostenibilidad, competitividad y colaboratividad en la agroindustria.<\/p>\n\n\n\n<p>El ministro Bison\u00f3 destac\u00f3 que este acuerdo entre este Ministerio de Industria, Comercio y Mipymes y GENIA Latinoam\u00e9rica, marca un paso de avance hacia el progreso y el desarrollo del sector agroindustrial del pa\u00eds.<\/p>\n\n\n\n<p>\u201cNos encontramos ante una colaboraci\u00f3n que constituye una oportunidad extraordinaria para impulsar el desarrollo econ\u00f3mico, social y ambiental de nuestra naci\u00f3n, llevando nuestra agricultura tradicional hacia un nuevo rumbo de innovaci\u00f3n disruptiva\u201d, expres\u00f3 Bison\u00f3.<\/p>\n\n\n\n<p>El titular del MICM, se\u00f1al\u00f3 que, al impulsar la modernizaci\u00f3n y el avance tecnol\u00f3gico de la industria agr\u00edcola, trabajan para garantizar la seguridad alimentaria del pa\u00eds.<\/p>\n\n\n\n<figure class=\"wp-block-image\"><img decoding=\"async\" src=\"https:\/\/micm.gob.do\/wp-content\/uploads\/2024\/02\/MICM-y-GENIA-Latinoamerica-acuerdan-establecimiento-del-primer-hub-03.jpeg\" alt=\"\" class=\"wp-image-18200\"\/><\/figure>\n\n\n\n<p>\u201cEsto significa asegurar un suministro y accesibilidad constante y certero de alimentos para nuestra poblaci\u00f3n, incluso en tiempos desafiantes como en la actualidad, donde nuestra producci\u00f3n se ve amenazada por fen\u00f3menos como el cambio clim\u00e1tico\u201d.<\/p>\n\n\n\n<p>A partir de la firma, el MICM y GENIA Latinoam\u00e9rica tendr\u00e1n a su cargo la coordinaci\u00f3n y asistencia t\u00e9cnica especializada para todo lo relativo a la puesta en funcionamiento de este espacio para innovaci\u00f3n.<\/p>\n\n\n\n<p>De su lado, Garc\u00eda Periche, valor\u00f3 el liderazgo y la visi\u00f3n del ministro Bison\u00f3 y del sector privado por apostar al tema de la innovaci\u00f3n de la industria 4.0 en general para el fomento agroindustrial.<\/p>\n\n\n\n<p>\u201cHoy m\u00e1s que nunca es necesario crear esos espacios como el hub de innovaci\u00f3n agroindustrial que estamos creando hoy desde el Ministerio de Industria y Comercio en alianza con GENIA. Me emociona mucho iniciar este camino y sobre todo viendo la presencia de l\u00edderes y representantes de este sector, lo que muestra el compromiso de que este memor\u00e1ndum no se va a quedar aqu\u00ed en un acto y en una firma, sino que va en serio\u201d, dijo el presidente de GENIA Latinoam\u00e9rica.<\/p>\n\n\n\n<p><strong>Del acto<\/strong><\/p>\n\n\n\n<p>La suscripci\u00f3n del memor\u00e1ndum se realiz\u00f3 en la sede del MICM, donde estuvo presente el viceministro de Fomento a la Agroindustria, Joaqu\u00edn Antonio Gonz\u00e1lez.<\/p>\n\n\n\n<p>Tambi\u00e9n, estuvieron presentes directivos de varias de las principales empresas agroindustriales dominicanas y representantes de la Organizaci\u00f3n de las Naciones Unidas para la Alimentaci\u00f3n y la Agricultura (FAO, por siglas en ingl\u00e9s), quienes han manifestado su deseo de ingresar a este&nbsp;<em>hub.<\/em><\/p>\n\n\n\n<p>En ese sentido, se dieron cita Miguel Barcel\u00f3 Corripio, de las compa\u00f1\u00edas Victorina Agroindustrial y Dos Pinos; Manuel Gonz\u00e1lez y Manuel Morillo, del Centro Cuesta Nacional (CCN), y Antonio Najri, de Fertilizantes Qu\u00edmicos Dominicanos (Ferquido) y Textiles Tit\u00e1n.<\/p>\n\n\n\n<p>Adem\u00e1s, Patricia Jim\u00e9nez, coordinadora de Alianzas y movilizaci\u00f3n de recursos de la FAO, economistas y otros expertos.<\/p>\n\n\n\n<p><strong>GENIA Latinoam\u00e9rica<\/strong><\/p>\n\n\n\n<p>Es una corporaci\u00f3n de beneficio p\u00fablico con ra\u00edz en los Estados Unidos. Es pionera en la investigaci\u00f3n y desarrollo de sistemas de inteligencia artificial en Am\u00e9rica Latina.<\/p>\n\n\n\n<p>La entidad redact\u00f3 la primera estrategia nacional de inteligencia artificial, la cual est\u00e1 sustentada en el decreto 498-23, emitido por el presidente Luis Abinader el 11 de octubre de 2023.<\/p>\n\n\n\n<p>Adem\u00e1s, GENIA Latinoam\u00e9rica funge como cogestora del<em>&nbsp;hub<\/em>&nbsp;de innovaci\u00f3n y talento humano denominado Yo Soy Futuro, del Ministerio de la Presidencia (MINPRE).<\/p>\n","protected":false},"excerpt":{"rendered":"<p>Santo Domingo, D. N.-&nbsp;El ministro de Industria, Comercio y Mipymes (MICM), V\u00edctor Bison\u00f3, y el presidente de la corporaci\u00f3n GENIA Latinoam\u00e9rica, Jean Garc\u00eda Periche, suscribieron un memor\u00e1ndum de entendimiento para&hellip; <\/p>\n","protected":false},"author":2,"featured_media":49851,"comment_status":"closed","ping_status":"closed","sticky":false,"template":"","format":"standard","meta":{"fifu_image_url":"https:\/\/micm.gob.do\/wp-content\/uploads\/2024\/02\/MICM-y-GENIA-Latinoamerica-acuerdan-establecimiento-del-primer-hub-02.jpeg","fifu_image_alt":"","footnotes":""},"categories":[73],"tags":[],"class_list":["post-49849","post","type-post","status-publish","format-standard","has-post-thumbnail","hentry","category-agronegocios"],"_links":{"self":[{"href":"https:\/\/elmundodelosnegocios.com.do\/v1\/wp-json\/wp\/v2\/posts\/49849","targetHints":{"allow":["GET"]}}],"collection":[{"href":"https:\/\/elmundodelosnegocios.com.do\/v1\/wp-json\/wp\/v2\/posts"}],"about":[{"href":"https:\/\/elmundodelosnegocios.com.do\/v1\/wp-json\/wp\/v2\/types\/post"}],"author":[{"embeddable":true,"href":"https:\/\/elmundodelosnegocios.com.do\/v1\/wp-json\/wp\/v2\/users\/2"}],"replies":[{"embeddable":true,"href":"https:\/\/elmundodelosnegocios.com.do\/v1\/wp-json\/wp\/v2\/comments?post=49849"}],"version-history":[{"count":2,"href":"https:\/\/elmundodelosnegocios.com.do\/v1\/wp-json\/wp\/v2\/posts\/49849\/revisions"}],"predecessor-version":[{"id":49874,"href":"https:\/\/elmundodelosnegocios.com.do\/v1\/wp-json\/wp\/v2\/posts\/49849\/revisions\/49874"}],"wp:featuredmedia":[{"embeddable":true,"href":"https:\/\/elmundodelosnegocios.com.do\/v1\/wp-json\/wp\/v2\/media\/49851"}],"wp:attachment":[{"href":"https:\/\/elmundodelosnegocios.com.do\/v1\/wp-json\/wp\/v2\/media?parent=49849"}],"wp:term":[{"taxonomy":"category","embeddable":true,"href":"https:\/\/elmundodelosnegocios.com.do\/v1\/wp-json\/wp\/v2\/categories?post=49849"},{"taxonomy":"post_tag","embeddable":true,"href":"https:\/\/elmundodelosnegocios.com.do\/v1\/wp-json\/wp\/v2\/tags?post=49849"}],"curies":[{"name":"wp","href":"https:\/\/api.w.org\/{rel}","templated":true}]}}