{"id":49884,"date":"2024-02-26T08:58:52","date_gmt":"2024-02-26T13:28:52","guid":{"rendered":"https:\/\/elmundodelosnegocios.com.do\/v1\/?p=49884"},"modified":"2024-02-26T08:58:55","modified_gmt":"2024-02-26T13:28:55","slug":"apoyan-caf-findev-canada-y-bid-invest-primer-fondo-privado-financiacion-climatica-region","status":"publish","type":"post","link":"https:\/\/elmundodelosnegocios.com.do\/v1\/apoyan-caf-findev-canada-y-bid-invest-primer-fondo-privado-financiacion-climatica-region\/","title":{"rendered":"Apoyan CAF, FinDev Canad\u00e1 y BID Invest primer fondo privado financiaci\u00f3n clim\u00e1tica regi\u00f3n."},"content":{"rendered":"\n<p><em>Con una inversi\u00f3n combinada de USD 65 millones, CAF, junto a FinDev Canad\u00e1 y BID Invest, sigue impulsando el crecimiento sostenible y la resiliencia clim\u00e1tica en Am\u00e9rica Latina y el Caribe a trav\u00e9s del fondo de deuda con enfoque clim\u00e1tico Darby IV.&nbsp;<\/em><\/p>\n\n\n\n<p><em>(26 de febrero de 2024).<\/em> CAF -La Instituci\u00f3n Financiera de Desarrollo de Canad\u00e1, FinDev Canad\u00e1, y BID Invest firmaron un compromiso de hasta USD 50 millones con DIC Latin American Fund IV, L.P. (Darby IV), el primer fondo de financiamiento clim\u00e1tico de cr\u00e9dito privado en Am\u00e9rica Latina y el Caribe (ALC), donde CAF -banco de desarrollo de Am\u00e9rica Latina y el Caribe- se comprometi\u00f3 con USD 15 millones.<\/p>\n\n\n<div class=\"wp-block-image\">\n<figure class=\"aligncenter size-large\"><img loading=\"lazy\" decoding=\"async\" width=\"1024\" height=\"621\" src=\"https:\/\/elmundodelosnegocios.com.do\/v1\/wp-content\/uploads\/2024\/02\/1-5-1024x621.jpg\" alt=\"\" class=\"wp-image-49885\" srcset=\"https:\/\/elmundodelosnegocios.com.do\/v1\/wp-content\/uploads\/2024\/02\/1-5-1024x621.jpg 1024w, https:\/\/elmundodelosnegocios.com.do\/v1\/wp-content\/uploads\/2024\/02\/1-5-300x182.jpg 300w, https:\/\/elmundodelosnegocios.com.do\/v1\/wp-content\/uploads\/2024\/02\/1-5-768x466.jpg 768w, https:\/\/elmundodelosnegocios.com.do\/v1\/wp-content\/uploads\/2024\/02\/1-5.jpg 1482w\" sizes=\"auto, (max-width: 1024px) 100vw, 1024px\" \/><\/figure>\n<\/div>\n\n\n<p>Darby IV es un fondo de deuda con enfoque clim\u00e1tico a 10 a\u00f1os con un tama\u00f1o objetivo de USD 400 millones, administrado por Darby International Capital LLC, un inversionista l\u00edder en deuda privada de mercados emergentes. <strong>El Fondo destinar\u00e1 al menos el 40% del capital invertido a transacciones de financiamiento clim\u00e1tico<\/strong>&nbsp;y tambi\u00e9n ofrecer\u00e1 a los clientes de la cartera orientaci\u00f3n sobre la creaci\u00f3n de capacidades para identificar y mitigar los riesgos clim\u00e1ticos, lo que permitir\u00e1 a las empresas y proyectos adaptarse mejor a los efectos del cambio clim\u00e1tico.<\/p>\n\n\n\n<p>Los compromisos de FinDev Canad\u00e1, BID Invest y CAF movilizan tanto financiamiento para el desarrollo como capital institucional privado para apoyar la provisi\u00f3n de financiamiento a largo plazo adaptado a las necesidades de medianas empresas desatendidas para operaciones bajas en carbono y resilientes al clima en toda la regi\u00f3n. Tambi\u00e9n <strong>ayudar\u00e1 al Fondo a fomentar el crecimiento econ\u00f3mico, la creaci\u00f3n de empleo y el desarrollo sostenible<\/strong> dentro de este segmento crucial pero a menudo pasado por alto del mercado medio.<\/p>\n\n\n\n<p>\u00abCon esta transacci\u00f3n, FinDev Canad\u00e1 emerge como un socio significativo para un gestor de fondos experimentado en su primer fondo inaugural enfocado en el clima, lo que ofrece una gran oportunidad para continuar apoyando la acci\u00f3n clim\u00e1tica en la regi\u00f3n\u00bb, declara Paulo Martelli, Vicepresidente y Director de Inversiones de FinDev Canad\u00e1.<\/p>\n\n\n\n<p>\u00abLas inversiones clim\u00e1ticas para mitigar y adaptarse al cambio clim\u00e1tico son una parte integral de la estrategia de BID Invest para ALC, nos sentimos honrados de apoyar el primer fondo privado financiamiento clim\u00e1tico de cr\u00e9dito en la regi\u00f3n\u00bb, dice Marisela Alvarenga, Directora Gerente, Instituciones Financieras en BID Invest.<\/p>\n\n\n\n<p>\u00ab<strong>Esta inversi\u00f3n est\u00e1 alineada con los objetivos estrat\u00e9gicos de CAF para consolidar a Am\u00e9rica Latina y el Caribe como una regi\u00f3n que contribuye sustancialmente a revertir el cambio clim\u00e1tico y sus efectos,<\/strong> a trav\u00e9s de inversiones m\u00e1s verdes y sostenibles en nuestros pa\u00edses\u00bb, declara Jorge Arbache, Vicepresidente del Sector Privado de CAF.<\/p>\n\n\n\n<p>El gestor del Fondo tiene una fuerte presencia regional, una marca establecida y un historial de demostrar un impacto sustancial en sus regiones objetivo. A trav\u00e9s de la amplia experiencia del gestor y su posicionamiento estrat\u00e9gico en el mercado, el Fondo tambi\u00e9n apoyar\u00e1 el desarrollo del mercado y mejorar\u00e1 el acceso al financiamiento para las empresas medianas que enfrentan desaf\u00edos para obtener capital de expansi\u00f3n a largo plazo asequible, promoviendo el crecimiento y creando oportunidades formales de empleo en la regi\u00f3n.<\/p>\n","protected":false},"excerpt":{"rendered":"<p>Con una inversi\u00f3n combinada de USD 65 millones, CAF, junto a FinDev Canad\u00e1 y BID Invest, sigue impulsando el crecimiento sostenible y la resiliencia clim\u00e1tica en Am\u00e9rica Latina y el&hellip; <\/p>\n","protected":false},"author":2,"featured_media":49885,"comment_status":"closed","ping_status":"closed","sticky":false,"template":"","format":"standard","meta":{"fifu_image_url":"","fifu_image_alt":"","footnotes":""},"categories":[94],"tags":[],"class_list":["post-49884","post","type-post","status-publish","format-standard","has-post-thumbnail","hentry","category-finanzas"],"_links":{"self":[{"href":"https:\/\/elmundodelosnegocios.com.do\/v1\/wp-json\/wp\/v2\/posts\/49884","targetHints":{"allow":["GET"]}}],"collection":[{"href":"https:\/\/elmundodelosnegocios.com.do\/v1\/wp-json\/wp\/v2\/posts"}],"about":[{"href":"https:\/\/elmundodelosnegocios.com.do\/v1\/wp-json\/wp\/v2\/types\/post"}],"author":[{"embeddable":true,"href":"https:\/\/elmundodelosnegocios.com.do\/v1\/wp-json\/wp\/v2\/users\/2"}],"replies":[{"embeddable":true,"href":"https:\/\/elmundodelosnegocios.com.do\/v1\/wp-json\/wp\/v2\/comments?post=49884"}],"version-history":[{"count":1,"href":"https:\/\/elmundodelosnegocios.com.do\/v1\/wp-json\/wp\/v2\/posts\/49884\/revisions"}],"predecessor-version":[{"id":49886,"href":"https:\/\/elmundodelosnegocios.com.do\/v1\/wp-json\/wp\/v2\/posts\/49884\/revisions\/49886"}],"wp:featuredmedia":[{"embeddable":true,"href":"https:\/\/elmundodelosnegocios.com.do\/v1\/wp-json\/wp\/v2\/media\/49885"}],"wp:attachment":[{"href":"https:\/\/elmundodelosnegocios.com.do\/v1\/wp-json\/wp\/v2\/media?parent=49884"}],"wp:term":[{"taxonomy":"category","embeddable":true,"href":"https:\/\/elmundodelosnegocios.com.do\/v1\/wp-json\/wp\/v2\/categories?post=49884"},{"taxonomy":"post_tag","embeddable":true,"href":"https:\/\/elmundodelosnegocios.com.do\/v1\/wp-json\/wp\/v2\/tags?post=49884"}],"curies":[{"name":"wp","href":"https:\/\/api.w.org\/{rel}","templated":true}]}}