{"id":49910,"date":"2024-03-03T15:20:22","date_gmt":"2024-03-03T19:50:22","guid":{"rendered":"https:\/\/elmundodelosnegocios.com.do\/v1\/?p=49910"},"modified":"2024-03-03T15:20:24","modified_gmt":"2024-03-03T19:50:24","slug":"popular-presenta-campana-institucional-cuando-tus-ideas-se-cumplen","status":"publish","type":"post","link":"https:\/\/elmundodelosnegocios.com.do\/v1\/popular-presenta-campana-institucional-cuando-tus-ideas-se-cumplen\/","title":{"rendered":"Popular presenta campa\u00f1a institucional \u201cCuando tus ideas se cumplen\u201d"},"content":{"rendered":"\n<h2 class=\"wp-block-heading\">Invita con optimismo a iluminar y cumplir con las grandes ideas del pa\u00eds\u00a0<\/h2>\n\n\n\n<p>Santo Domingo, D.N. \u2013 El Banco Popular Dominicano, en el marco de su 60\u00ba aniversario, lanz\u00f3 su campa\u00f1a institucional \u201cCuando tus ideas se cumplen\u00bb, en la cual la entidad bancaria invita a la sociedad dominicana a iluminar y cumplir con sus grandes ideas, lanzando una mirada optimista hacia un horizonte de mayor prosperidad, inclusi\u00f3n y equidad, al tiempo que se compromete a continuar contribuyendo al desarrollo sostenible del pa\u00eds, como el banco de las ideas que lleva 60 a\u00f1os cumpliendo.\u00a0<\/p>\n\n\n<div class=\"wp-block-image\">\n<figure data-wp-context=\"{&quot;imageId&quot;:&quot;69ec4c903e2de&quot;}\" data-wp-interactive=\"core\/image\" data-wp-key=\"69ec4c903e2de\" class=\"aligncenter size-full wp-lightbox-container\"><img loading=\"lazy\" decoding=\"async\" width=\"850\" height=\"450\" data-wp-class--hide=\"state.isContentHidden\" data-wp-class--show=\"state.isContentVisible\" data-wp-init=\"callbacks.setButtonStyles\" data-wp-on--click=\"actions.showLightbox\" data-wp-on--load=\"callbacks.setButtonStyles\" data-wp-on-window--resize=\"callbacks.setButtonStyles\" src=\"https:\/\/elmundodelosnegocios.com.do\/v1\/wp-content\/uploads\/2024\/02\/1-El_Banco_de_las_Ideas-1.jpg\" alt=\"\" class=\"wp-image-49911\" srcset=\"https:\/\/elmundodelosnegocios.com.do\/v1\/wp-content\/uploads\/2024\/02\/1-El_Banco_de_las_Ideas-1.jpg 850w, https:\/\/elmundodelosnegocios.com.do\/v1\/wp-content\/uploads\/2024\/02\/1-El_Banco_de_las_Ideas-1-300x159.jpg 300w, https:\/\/elmundodelosnegocios.com.do\/v1\/wp-content\/uploads\/2024\/02\/1-El_Banco_de_las_Ideas-1-768x407.jpg 768w\" sizes=\"auto, (max-width: 850px) 100vw, 850px\" \/><button\n\t\t\tclass=\"lightbox-trigger\"\n\t\t\ttype=\"button\"\n\t\t\taria-haspopup=\"dialog\"\n\t\t\taria-label=\"Agrandar\"\n\t\t\tdata-wp-init=\"callbacks.initTriggerButton\"\n\t\t\tdata-wp-on--click=\"actions.showLightbox\"\n\t\t\tdata-wp-style--right=\"state.imageButtonRight\"\n\t\t\tdata-wp-style--top=\"state.imageButtonTop\"\n\t\t>\n\t\t\t<svg xmlns=\"http:\/\/www.w3.org\/2000\/svg\" width=\"12\" height=\"12\" fill=\"none\" viewBox=\"0 0 12 12\">\n\t\t\t\t<path fill=\"#fff\" d=\"M2 0a2 2 0 0 0-2 2v2h1.5V2a.5.5 0 0 1 .5-.5h2V0H2Zm2 10.5H2a.5.5 0 0 1-.5-.5V8H0v2a2 2 0 0 0 2 2h2v-1.5ZM8 12v-1.5h2a.5.5 0 0 0 .5-.5V8H12v2a2 2 0 0 1-2 2H8Zm2-12a2 2 0 0 1 2 2v2h-1.5V2a.5.5 0 0 0-.5-.5H8V0h2Z\" \/>\n\t\t\t<\/svg>\n\t\t<\/button><\/figure>\n<\/div>\n\n\n<p>La pieza principal de la campa\u00f1a institucional es un comercial de televisi\u00f3n que une la a\u00f1oranza y los juegos de la ni\u00f1ez con esa determinaci\u00f3n positiva de seguir cumpliendo metas y creciendo. Se trata de una historia audiovisual que tiene como protagonistas a un conjunto de ni\u00f1os que hacen realidad el poder de sus ideas y todos juntos construyen esa Rep\u00fablica Dominicana a la que aspiran.&nbsp;<\/p>\n\n\n<div class=\"wp-block-image\">\n<figure data-wp-context=\"{&quot;imageId&quot;:&quot;69ec4c903e8a6&quot;}\" data-wp-interactive=\"core\/image\" data-wp-key=\"69ec4c903e8a6\" class=\"aligncenter size-full wp-lightbox-container\"><img loading=\"lazy\" decoding=\"async\" width=\"850\" height=\"450\" data-wp-class--hide=\"state.isContentHidden\" data-wp-class--show=\"state.isContentVisible\" data-wp-init=\"callbacks.setButtonStyles\" data-wp-on--click=\"actions.showLightbox\" data-wp-on--load=\"callbacks.setButtonStyles\" data-wp-on-window--resize=\"callbacks.setButtonStyles\" src=\"https:\/\/elmundodelosnegocios.com.do\/v1\/wp-content\/uploads\/2024\/02\/2-El_Banco_de_las_Ideas-2.jpg\" alt=\"\" class=\"wp-image-49912\" srcset=\"https:\/\/elmundodelosnegocios.com.do\/v1\/wp-content\/uploads\/2024\/02\/2-El_Banco_de_las_Ideas-2.jpg 850w, https:\/\/elmundodelosnegocios.com.do\/v1\/wp-content\/uploads\/2024\/02\/2-El_Banco_de_las_Ideas-2-300x159.jpg 300w, https:\/\/elmundodelosnegocios.com.do\/v1\/wp-content\/uploads\/2024\/02\/2-El_Banco_de_las_Ideas-2-768x407.jpg 768w\" sizes=\"auto, (max-width: 850px) 100vw, 850px\" \/><button\n\t\t\tclass=\"lightbox-trigger\"\n\t\t\ttype=\"button\"\n\t\t\taria-haspopup=\"dialog\"\n\t\t\taria-label=\"Agrandar\"\n\t\t\tdata-wp-init=\"callbacks.initTriggerButton\"\n\t\t\tdata-wp-on--click=\"actions.showLightbox\"\n\t\t\tdata-wp-style--right=\"state.imageButtonRight\"\n\t\t\tdata-wp-style--top=\"state.imageButtonTop\"\n\t\t>\n\t\t\t<svg xmlns=\"http:\/\/www.w3.org\/2000\/svg\" width=\"12\" height=\"12\" fill=\"none\" viewBox=\"0 0 12 12\">\n\t\t\t\t<path fill=\"#fff\" d=\"M2 0a2 2 0 0 0-2 2v2h1.5V2a.5.5 0 0 1 .5-.5h2V0H2Zm2 10.5H2a.5.5 0 0 1-.5-.5V8H0v2a2 2 0 0 0 2 2h2v-1.5ZM8 12v-1.5h2a.5.5 0 0 0 .5-.5V8H12v2a2 2 0 0 1-2 2H8Zm2-12a2 2 0 0 1 2 2v2h-1.5V2a.5.5 0 0 0-.5-.5H8V0h2Z\" \/>\n\t\t\t<\/svg>\n\t\t<\/button><\/figure>\n<\/div>\n\n\n<p><strong>Transmisi\u00f3n simult\u00e1nea<\/strong>&nbsp;<\/p>\n\n\n\n<p>El Banco Popular paut\u00f3 el lanzamiento de esta historia a trav\u00e9s de una transmisi\u00f3n simult\u00e1nea a las 9:00 de la noche del mi\u00e9rcoles 28 de febrero en los principales canales de televisi\u00f3n del pa\u00eds, en su p\u00e1gina web Popularenlinea.com y en sus canales de Youtube, Instagram, Facebook y Linkedin.&nbsp;<\/p>\n\n\n\n<figure class=\"wp-block-gallery has-nested-images columns-2 is-cropped wp-block-gallery-1 is-layout-flex wp-block-gallery-is-layout-flex\">\n<figure class=\"wp-block-image size-full\"><a href=\"https:\/\/elmundodelosnegocios.com.do\/v1\/wp-content\/uploads\/2024\/02\/3-El_Banco_de_las_Ideas-3.jpg\"><img loading=\"lazy\" decoding=\"async\" width=\"850\" height=\"450\" data-id=\"49913\" src=\"https:\/\/elmundodelosnegocios.com.do\/v1\/wp-content\/uploads\/2024\/02\/3-El_Banco_de_las_Ideas-3.jpg\" alt=\"\" class=\"wp-image-49913\" srcset=\"https:\/\/elmundodelosnegocios.com.do\/v1\/wp-content\/uploads\/2024\/02\/3-El_Banco_de_las_Ideas-3.jpg 850w, https:\/\/elmundodelosnegocios.com.do\/v1\/wp-content\/uploads\/2024\/02\/3-El_Banco_de_las_Ideas-3-300x159.jpg 300w, https:\/\/elmundodelosnegocios.com.do\/v1\/wp-content\/uploads\/2024\/02\/3-El_Banco_de_las_Ideas-3-768x407.jpg 768w\" sizes=\"auto, (max-width: 850px) 100vw, 850px\" \/><\/a><\/figure>\n\n\n\n<figure class=\"wp-block-image size-full\"><a href=\"https:\/\/elmundodelosnegocios.com.do\/v1\/wp-content\/uploads\/2024\/02\/4-_DSC01597.jpg\"><img loading=\"lazy\" decoding=\"async\" width=\"850\" height=\"450\" data-id=\"49915\" src=\"https:\/\/elmundodelosnegocios.com.do\/v1\/wp-content\/uploads\/2024\/02\/4-_DSC01597.jpg\" alt=\"\" class=\"wp-image-49915\" srcset=\"https:\/\/elmundodelosnegocios.com.do\/v1\/wp-content\/uploads\/2024\/02\/4-_DSC01597.jpg 850w, https:\/\/elmundodelosnegocios.com.do\/v1\/wp-content\/uploads\/2024\/02\/4-_DSC01597-300x159.jpg 300w, https:\/\/elmundodelosnegocios.com.do\/v1\/wp-content\/uploads\/2024\/02\/4-_DSC01597-768x407.jpg 768w\" sizes=\"auto, (max-width: 850px) 100vw, 850px\" \/><\/a><\/figure>\n\n\n\n<figure class=\"wp-block-image size-full\"><a href=\"https:\/\/elmundodelosnegocios.com.do\/v1\/wp-content\/uploads\/2024\/02\/5-_1D9A1218.jpg\"><img loading=\"lazy\" decoding=\"async\" width=\"850\" height=\"450\" data-id=\"49916\" src=\"https:\/\/elmundodelosnegocios.com.do\/v1\/wp-content\/uploads\/2024\/02\/5-_1D9A1218.jpg\" alt=\"\" class=\"wp-image-49916\" srcset=\"https:\/\/elmundodelosnegocios.com.do\/v1\/wp-content\/uploads\/2024\/02\/5-_1D9A1218.jpg 850w, https:\/\/elmundodelosnegocios.com.do\/v1\/wp-content\/uploads\/2024\/02\/5-_1D9A1218-300x159.jpg 300w, https:\/\/elmundodelosnegocios.com.do\/v1\/wp-content\/uploads\/2024\/02\/5-_1D9A1218-768x407.jpg 768w\" sizes=\"auto, (max-width: 850px) 100vw, 850px\" \/><\/a><\/figure>\n\n\n\n<figure class=\"wp-block-image size-full\"><a href=\"https:\/\/elmundodelosnegocios.com.do\/v1\/wp-content\/uploads\/2024\/02\/6-_1D9A1340.jpg\"><img loading=\"lazy\" decoding=\"async\" width=\"850\" height=\"450\" data-id=\"49914\" src=\"https:\/\/elmundodelosnegocios.com.do\/v1\/wp-content\/uploads\/2024\/02\/6-_1D9A1340.jpg\" alt=\"\" class=\"wp-image-49914\" srcset=\"https:\/\/elmundodelosnegocios.com.do\/v1\/wp-content\/uploads\/2024\/02\/6-_1D9A1340.jpg 850w, https:\/\/elmundodelosnegocios.com.do\/v1\/wp-content\/uploads\/2024\/02\/6-_1D9A1340-300x159.jpg 300w, https:\/\/elmundodelosnegocios.com.do\/v1\/wp-content\/uploads\/2024\/02\/6-_1D9A1340-768x407.jpg 768w\" sizes=\"auto, (max-width: 850px) 100vw, 850px\" \/><\/a><\/figure>\n<\/figure>\n\n\n\n<p>En la narraci\u00f3n audiovisual, los espectadores se ven interpelados a materializar sus ideas junto al apoyo del banco, atesorando el legado de las generaciones precedentes para desarrollar ese pa\u00eds que est\u00e1 en la mente de cada uno de nosotros y que, trabajando de la mano, logramos sustantivar.&nbsp;<\/p>\n\n\n\n<p>Esta invitaci\u00f3n a iluminar las ideas y atreverse a cumplirlas se refuerza con un din\u00e1mico comercial de radio y con anuncios en prensa, as\u00ed como con un despliegue en espacios exteriores, salas de cine y digitales.&nbsp;<\/p>\n\n\n\n<p>Las agencias Pag\u00e9s BBDO y Liquid-Digital Agency tuvieron a cargo la labor de conceptualizaci\u00f3n, creaci\u00f3n y ejecuci\u00f3n de la campa\u00f1a, mientras la producci\u00f3n de la historia audiovisual recay\u00f3 en la productora Kokaleka. En tanto, la artista Techy Fatule se encarg\u00f3 de poner la voz principal en el tema musical del comercial, dirigido por el productor musical Aliosha Michel\u00e9n.&nbsp;<\/p>\n\n\n\n<p><strong>A\u00f1o aniversario<\/strong>&nbsp;<\/p>\n\n\n\n<p>La pieza comercial forma parte de una serie de iniciativas enmarcadas en el a\u00f1o aniversario del Banco Popular, que inici\u00f3 el pasado 2 de enero, fecha en la que la organizaci\u00f3n financiera conmemor\u00f3 sus sesenta a\u00f1os de apertura de su primera sucursal, en la calle Isabel La Cat\u00f3lica esquina calle Emiliano Tejera, en la Ciudad Colonial de Santo Domingo.&nbsp;<\/p>\n\n\n\n<p>Recientemente, la entidad celebr\u00f3 cocteles con clientes corporativos para festejar esta efem\u00e9ride y durante el resto del a\u00f1o tiene previstas diferentes acciones para remarcar esta importante fecha institucional, que recuerda los or\u00edgenes del Popular y proyecta al futuro su compromiso de continuar trabajando en favor de los dominicanos.<\/p>\n\n\n\n<figure class=\"wp-block-embed is-type-video is-provider-youtube wp-block-embed-youtube wp-embed-aspect-16-9 wp-has-aspect-ratio\"><div class=\"wp-block-embed__wrapper\">\n<iframe loading=\"lazy\" title=\"60 A\u00f1os Cumpliendo, el Banco de las Ideas\" width=\"1110\" height=\"624\" src=\"https:\/\/www.youtube.com\/embed\/-pM8REiufuE?feature=oembed\" frameborder=\"0\" allow=\"accelerometer; autoplay; clipboard-write; encrypted-media; gyroscope; picture-in-picture; web-share\" allowfullscreen><\/iframe>\n<\/div><\/figure>\n","protected":false},"excerpt":{"rendered":"<p>Invita con optimismo a iluminar y cumplir con las grandes ideas del pa\u00eds\u00a0 Santo Domingo, D.N. \u2013 El Banco Popular Dominicano, en el marco de su 60\u00ba aniversario, lanz\u00f3 su&hellip; <\/p>\n","protected":false},"author":2,"featured_media":49918,"comment_status":"closed","ping_status":"closed","sticky":false,"template":"","format":"standard","meta":{"fifu_image_url":"https:\/\/elmundodelosnegocios.com.do\/v1\/wp-content\/uploads\/2024\/02\/1-El_Banco_de_las_Ideas-1.jpg","fifu_image_alt":"","footnotes":""},"categories":[157],"tags":[],"class_list":["post-49910","post","type-post","status-publish","format-standard","has-post-thumbnail","hentry","category-marketing"],"_links":{"self":[{"href":"https:\/\/elmundodelosnegocios.com.do\/v1\/wp-json\/wp\/v2\/posts\/49910","targetHints":{"allow":["GET"]}}],"collection":[{"href":"https:\/\/elmundodelosnegocios.com.do\/v1\/wp-json\/wp\/v2\/posts"}],"about":[{"href":"https:\/\/elmundodelosnegocios.com.do\/v1\/wp-json\/wp\/v2\/types\/post"}],"author":[{"embeddable":true,"href":"https:\/\/elmundodelosnegocios.com.do\/v1\/wp-json\/wp\/v2\/users\/2"}],"replies":[{"embeddable":true,"href":"https:\/\/elmundodelosnegocios.com.do\/v1\/wp-json\/wp\/v2\/comments?post=49910"}],"version-history":[{"count":1,"href":"https:\/\/elmundodelosnegocios.com.do\/v1\/wp-json\/wp\/v2\/posts\/49910\/revisions"}],"predecessor-version":[{"id":49917,"href":"https:\/\/elmundodelosnegocios.com.do\/v1\/wp-json\/wp\/v2\/posts\/49910\/revisions\/49917"}],"wp:featuredmedia":[{"embeddable":true,"href":"https:\/\/elmundodelosnegocios.com.do\/v1\/wp-json\/wp\/v2\/media\/49918"}],"wp:attachment":[{"href":"https:\/\/elmundodelosnegocios.com.do\/v1\/wp-json\/wp\/v2\/media?parent=49910"}],"wp:term":[{"taxonomy":"category","embeddable":true,"href":"https:\/\/elmundodelosnegocios.com.do\/v1\/wp-json\/wp\/v2\/categories?post=49910"},{"taxonomy":"post_tag","embeddable":true,"href":"https:\/\/elmundodelosnegocios.com.do\/v1\/wp-json\/wp\/v2\/tags?post=49910"}],"curies":[{"name":"wp","href":"https:\/\/api.w.org\/{rel}","templated":true}]}}