{"id":50203,"date":"2024-03-08T10:31:37","date_gmt":"2024-03-08T15:01:37","guid":{"rendered":"https:\/\/elmundodelosnegocios.com.do\/v1\/?p=50203"},"modified":"2024-03-11T08:50:20","modified_gmt":"2024-03-11T13:20:20","slug":"marca-e-t-heinsen-hito-en-trayectoria-centenaria-con-instalaciones-logisticas-de-vanguardia","status":"publish","type":"post","link":"https:\/\/elmundodelosnegocios.com.do\/v1\/marca-e-t-heinsen-hito-en-trayectoria-centenaria-con-instalaciones-logisticas-de-vanguardia\/","title":{"rendered":"Marca Heinsen hito en trayectoria centenaria con instalaciones log\u00edsticas de vanguardia"},"content":{"rendered":"\n<p>Santo Domingo, R.D. Marzo 8, 2024.\u2013 En un emotivo evento celebrado en las nuevas instalaciones de E.T. Heinsen en el Puerto de Haina, Santo Domingo Oeste, Rep\u00fablica Dominicana, la familia Heinsen, socios comerciales y colaboradores se unieron para celebrar un nuevo logro con la inauguraci\u00f3n de sus modernas instalaciones log\u00edsticas.<\/p>\n\n\n<div class=\"wp-block-image\">\n<figure class=\"aligncenter size-large\"><img loading=\"lazy\" decoding=\"async\" width=\"1024\" height=\"683\" src=\"https:\/\/elmundodelosnegocios.com.do\/v1\/wp-content\/uploads\/2024\/03\/0-1024x683.jpg\" alt=\"\" class=\"wp-image-50204\" srcset=\"https:\/\/elmundodelosnegocios.com.do\/v1\/wp-content\/uploads\/2024\/03\/0-1024x683.jpg 1024w, https:\/\/elmundodelosnegocios.com.do\/v1\/wp-content\/uploads\/2024\/03\/0-300x200.jpg 300w, https:\/\/elmundodelosnegocios.com.do\/v1\/wp-content\/uploads\/2024\/03\/0-768x512.jpg 768w, https:\/\/elmundodelosnegocios.com.do\/v1\/wp-content\/uploads\/2024\/03\/0-1536x1024.jpg 1536w, https:\/\/elmundodelosnegocios.com.do\/v1\/wp-content\/uploads\/2024\/03\/0-2048x1365.jpg 2048w\" sizes=\"auto, (max-width: 1024px) 100vw, 1024px\" \/><\/figure>\n<\/div>\n\n\n<p>Desde sus humildes comienzos en 1924 como Casa E.T. Heinsen en Puerto Plata, la empresa ha experimentado una evoluci\u00f3n notable a lo largo de cuatro generaciones. Lo que comenz\u00f3 como una representaci\u00f3n de l\u00edneas navieras se ha transformado en una destacada compa\u00f1\u00eda de servicios log\u00edsticos e integrales en las industrias mar\u00edtima, a\u00e9rea y terrestre.<\/p>\n\n\n<div class=\"wp-block-image\">\n<figure class=\"aligncenter size-full\"><img loading=\"lazy\" decoding=\"async\" width=\"1001\" height=\"582\" src=\"https:\/\/elmundodelosnegocios.com.do\/v1\/wp-content\/uploads\/2024\/03\/00.jpg\" alt=\"\" class=\"wp-image-50205\" srcset=\"https:\/\/elmundodelosnegocios.com.do\/v1\/wp-content\/uploads\/2024\/03\/00.jpg 1001w, https:\/\/elmundodelosnegocios.com.do\/v1\/wp-content\/uploads\/2024\/03\/00-300x174.jpg 300w, https:\/\/elmundodelosnegocios.com.do\/v1\/wp-content\/uploads\/2024\/03\/00-768x447.jpg 768w\" sizes=\"auto, (max-width: 1001px) 100vw, 1001px\" \/><\/figure>\n<\/div>\n\n\n<p>El evento marc\u00f3 el reconocimiento del legado de la familia Heinsen y su dedicaci\u00f3n a la excelencia en el sector log\u00edstico. Con la presencia del sector gubernamental, socios estrat\u00e9gicos y l\u00edderes de la industria, se celebr\u00f3 la apertura de la segunda etapa y ampliaci\u00f3n de las operaciones log\u00edsticas en la terminal de la compa\u00f1\u00eda en Haina, un hito significativo en la misi\u00f3n de la empresa de brindar soluciones consolidadas para la cadena de suministro.<\/p>\n\n\n\n<p>Las nuevas instalaciones, que abarcan 22,000 metros cuadrados, entre la etapa uno y dos, y est\u00e1n certificadas como Empresa Operadora Log\u00edstica, est\u00e1n estrat\u00e9gicamente ubicadas en el corredor log\u00edstico de Haina, cerca del puerto de R\u00edo Haina y los principales parques de zonas francas. Estas instalaciones est\u00e1n equipadas con tecnolog\u00eda de vanguardia y cumplen con los m\u00e1s altos est\u00e1ndares de seguridad y sostenibilidad.<\/p>\n\n\n\n<p>Con diez puertas para carga y descarga, sistemas anti-incendio de \u00faltima generaci\u00f3n y un avanzado sistema de circuito cerrado de televisi\u00f3n, las nuevas instalaciones garantizan una operaci\u00f3n eficiente y segura. Adem\u00e1s, con una capacidad potencial de hasta 10,000 posiciones de pallets, el almac\u00e9n est\u00e1 preparado para satisfacer las necesidades de almacenamiento y distribuci\u00f3n de empresas de todos los tama\u00f1os y sectores.<\/p>\n\n\n\n<p>Durante el evento, se destac\u00f3 el compromiso continuo de E.T. Heinsen con la excelencia, la calidad y la innovaci\u00f3n. Las instalaciones cumplen con todos los requisitos t\u00e9cnicos de la Direcci\u00f3n General de Aduanas y est\u00e1n respaldadas por certificaciones internacionales como BASC, OEA, ISO9001 y Sostenibilidad 3R, recientemente certificados en categor\u00eda Oro.<\/p>\n\n\n\n<p>En sus palabras, durante el evento, Teddy Heinsen, Director Comercial, coment\u00f3: \u201cEn nombre de todo el equipo, quiero expresar nuestro m\u00e1s sincero agradecimiento por el apoyo a Wally y Julio Heinsen, su compromiso y dedicaci\u00f3n hacia el proyecto ha sido fundamental para alcanzar nuestros objetivos\u201d.<\/p>\n\n\n\n<p>Expres\u00f3, adem\u00e1s su profundo agradecimiento a todos los colaboradores, clientes, socios y familias, as\u00ed como al sector p\u00fablico y privado, cuyo apoyo fue esencial para hacer realidad este proyecto.<\/p>\n\n\n\n<p>Con la inauguraci\u00f3n de estas modernas instalaciones, E.T. Heinsen no s\u00f3lo comienza a celebrar un siglo de \u00e9xito empresarial, sino que tambi\u00e9n marca el inicio de una nueva era de crecimiento y prosperidad. La empresa se compromete a seguir siendo l\u00edder en el sector log\u00edstico, ofreciendo soluciones innovadoras y contribuyendo al desarrollo econ\u00f3mico de la Rep\u00fablica Dominicana.<\/p>\n","protected":false},"excerpt":{"rendered":"<p>Santo Domingo, R.D. Marzo 8, 2024.\u2013 En un emotivo evento celebrado en las nuevas instalaciones de E.T. Heinsen en el Puerto de Haina, Santo Domingo Oeste, Rep\u00fablica Dominicana, la familia&hellip; <\/p>\n","protected":false},"author":2,"featured_media":50207,"comment_status":"closed","ping_status":"closed","sticky":false,"template":"","format":"standard","meta":{"fifu_image_url":"https:\/\/elmundodelosnegocios.com.do\/v1\/wp-content\/uploads\/2024\/03\/00.jpg","fifu_image_alt":"","footnotes":""},"categories":[181],"tags":[],"class_list":["post-50203","post","type-post","status-publish","format-standard","has-post-thumbnail","hentry","category-carga-logistica"],"_links":{"self":[{"href":"https:\/\/elmundodelosnegocios.com.do\/v1\/wp-json\/wp\/v2\/posts\/50203","targetHints":{"allow":["GET"]}}],"collection":[{"href":"https:\/\/elmundodelosnegocios.com.do\/v1\/wp-json\/wp\/v2\/posts"}],"about":[{"href":"https:\/\/elmundodelosnegocios.com.do\/v1\/wp-json\/wp\/v2\/types\/post"}],"author":[{"embeddable":true,"href":"https:\/\/elmundodelosnegocios.com.do\/v1\/wp-json\/wp\/v2\/users\/2"}],"replies":[{"embeddable":true,"href":"https:\/\/elmundodelosnegocios.com.do\/v1\/wp-json\/wp\/v2\/comments?post=50203"}],"version-history":[{"count":2,"href":"https:\/\/elmundodelosnegocios.com.do\/v1\/wp-json\/wp\/v2\/posts\/50203\/revisions"}],"predecessor-version":[{"id":50285,"href":"https:\/\/elmundodelosnegocios.com.do\/v1\/wp-json\/wp\/v2\/posts\/50203\/revisions\/50285"}],"wp:featuredmedia":[{"embeddable":true,"href":"https:\/\/elmundodelosnegocios.com.do\/v1\/wp-json\/wp\/v2\/media\/50207"}],"wp:attachment":[{"href":"https:\/\/elmundodelosnegocios.com.do\/v1\/wp-json\/wp\/v2\/media?parent=50203"}],"wp:term":[{"taxonomy":"category","embeddable":true,"href":"https:\/\/elmundodelosnegocios.com.do\/v1\/wp-json\/wp\/v2\/categories?post=50203"},{"taxonomy":"post_tag","embeddable":true,"href":"https:\/\/elmundodelosnegocios.com.do\/v1\/wp-json\/wp\/v2\/tags?post=50203"}],"curies":[{"name":"wp","href":"https:\/\/api.w.org\/{rel}","templated":true}]}}