{"id":50208,"date":"2024-03-08T10:34:41","date_gmt":"2024-03-08T15:04:41","guid":{"rendered":"https:\/\/elmundodelosnegocios.com.do\/v1\/?p=50208"},"modified":"2024-03-08T10:34:43","modified_gmt":"2024-03-08T15:04:43","slug":"brugal-imbert-es-primera-mujer-dirige-camara-comercio-puerto-plata","status":"publish","type":"post","link":"https:\/\/elmundodelosnegocios.com.do\/v1\/brugal-imbert-es-primera-mujer-dirige-camara-comercio-puerto-plata\/","title":{"rendered":"Brugal Imbert es primera mujer dirige C\u00e1mara Comercio Puerto Plata"},"content":{"rendered":"\n<blockquote class=\"wp-block-quote is-layout-flow wp-block-quote-is-layout-flow\">\n<p>Si hablamos de mujeres destacadas en la regi\u00f3n Norte de Rep\u00fablica Dominicana tenemos una larga lista para mencionar, entre ellas, en el \u00e1rea de turismo y el mundo de los eventos est\u00e1 Mileyka Brugal.<\/p>\n\n\n\n<p>Es la primera mujer en presidir el Consejo de Directores de la C\u00e1mara de Comercio y Producci\u00f3n de Puerto Plata, una instituci\u00f3n con 104 a\u00f1os de fundaci\u00f3n, y adem\u00e1s preside la Corporaci\u00f3n de Zona Francas de Puerto Plata, su terru\u00f1o natal y donde creci\u00f3, form\u00f3 su familia y contin\u00faa una exitosa trayectoria empresarial.<\/p>\n\n\n<div class=\"wp-block-image\">\n<figure class=\"aligncenter size-full is-resized\"><img loading=\"lazy\" decoding=\"async\" width=\"800\" height=\"466\" src=\"https:\/\/elmundodelosnegocios.com.do\/v1\/wp-content\/uploads\/2024\/03\/5.jpg\" alt=\"\" class=\"wp-image-50209\" style=\"width:840px;height:auto\" srcset=\"https:\/\/elmundodelosnegocios.com.do\/v1\/wp-content\/uploads\/2024\/03\/5.jpg 800w, https:\/\/elmundodelosnegocios.com.do\/v1\/wp-content\/uploads\/2024\/03\/5-300x175.jpg 300w, https:\/\/elmundodelosnegocios.com.do\/v1\/wp-content\/uploads\/2024\/03\/5-768x447.jpg 768w\" sizes=\"auto, (max-width: 800px) 100vw, 800px\" \/><\/figure>\n<\/div>\n\n\n<p>Pero \u00bfc\u00f3mo divide el tiempo esta mercad\u00f3loga de profesi\u00f3n? Porque es la directora de Mercadeo y Ventas de Blue JackTar, un proyecto familiar que la llena de satisfacci\u00f3n y donde trabaja a diario para hacer crecer el turismo inmobiliario de su provincia y las opciones hoteleras de categor\u00eda premium, as\u00ed como la madre de Mariana y Micaela.<\/p>\n\n\n\n<p>\u201cEs cuesti\u00f3n de organizaci\u00f3n, de fijarnos metas, soy de las que no puede estar tranquila, mi mente siempre est\u00e1 en ebullici\u00f3n, creando y ejecutando proyectos, todos con miras al crecimiento y desarrollo de la provincia de Puerto Plata, as\u00ed como donde me necesiten como experta en el \u00e1rea del turismo, los eventos y el mercadeo\u201d.<\/p>\n\n\n\n<p>Mileyka Brugal est\u00e1 dispuesta a enfrentar nuevos retos y entregar todos sus conocimientos a favor de las instituciones y la sociedad.<\/p>\n\n\n\n<p>En su gesti\u00f3n al frente de la C\u00e1mara de Comercio y la Corporaci\u00f3n de Zonas Francas, Mileyka cre\u00f3 el \u201cForo Empresarial Puerto Plata\u201d que este a\u00f1o celebrar\u00e1 su segunda versi\u00f3n el 13 y 14 de marzo en el Centro de Convenciones de Blue JackTar.<\/p>\n\n\n\n<p>\u201cEsperamos recibir casi 2 mil personas en los dos d\u00edas del evento para mostrar todo lo que tiene que ofrecer la zona en el \u00e1rea de hoteler\u00eda, gastronom\u00eda, empresas y productos, durante un foro en el que puedes participar de manera gratuita como visitante y en las mesas de negocio\u201d.<\/p>\n\n\n\n<p>Asegura que Puerto Plata tiene mucho que ofrecer y que seguir\u00e1 trabajando por atraer y captar inversionistas a trav\u00e9s de fomentar las relaciones con las diferentes misiones diplom\u00e1ticas representadas en el pa\u00eds, la conectividad a\u00e9rea de la provincia con nuevos destinos y el desarrollo de opciones de turismo sostenible aprovechando todos los recursos naturales de la zona.<\/p>\n\n\n\n<p>Tambi\u00e9n en su actividad profesional Mileyka Brugal es reconocida por promover espacios de di\u00e1logo entre los diferentes sectores de la sociedad; por la creaci\u00f3n de iniciativas que fomentan el desarrollo sostenible de los sectores productivos de Puerto Plata, siendo de los m\u00e1s destacables el Plan Estrat\u00e9gico Puerto Plata Siglo XXI 2004-2007 y la feria comercial Expo Puerto Plata, entre otros.<\/p>\n\n\n\n<p><strong>M\u00e1s sobre Mileyka Brugal<\/strong><\/p>\n\n\n\n<p><em>Es mercad\u00f3loga de profesi\u00f3n con Diplomado en Marketing Digital, Gesti\u00f3n Municipal, Planificaci\u00f3n Estrat\u00e9gica y Administraci\u00f3n de Proyecto, Relaciones P\u00fablicas; Postgrado en Gesti\u00f3n de Redes Institucionales y Maestr\u00eda en Especializaci\u00f3n en Marketing.<\/em><\/p>\n\n\n\n<p><em>Mileyka Brugal fue la Directora Ejecutiva para la estructuraci\u00f3n de un plan modelo de desarrollo econ\u00f3mico-social en la C\u00e1mara de Comercio, en el periodo 2004-2007. Se le atribuye adem\u00e1s el dise\u00f1o de un programa de capacitaci\u00f3n para las empresas y profesionales afiliados a esta entidad.<\/em><\/p>\n\n\n\n<p><em>De febrero del 2016 hasta junio 2017, fue la Directora de Operaciones del Instituto Dominicano de Desarrollo Integral (IDDI), donde tuvo como misi\u00f3n velar por el \u00e9xito de 4 modelos de proyecto de impacto social en sector turismo, desarrollado por la compa\u00f1\u00eda de cruceros FATHOM, en la provincia de Puerto Plata.<\/em><\/p>\n<\/blockquote>\n","protected":false},"excerpt":{"rendered":"","protected":false},"author":2,"featured_media":50211,"comment_status":"closed","ping_status":"closed","sticky":false,"template":"","format":"standard","meta":{"fifu_image_url":"https:\/\/elmundodelosnegocios.com.do\/v1\/wp-content\/uploads\/2024\/03\/5.jpg","fifu_image_alt":"","footnotes":""},"categories":[83],"tags":[],"class_list":["post-50208","post","type-post","status-publish","format-standard","has-post-thumbnail","hentry","category-empresariales-empresariales"],"_links":{"self":[{"href":"https:\/\/elmundodelosnegocios.com.do\/v1\/wp-json\/wp\/v2\/posts\/50208","targetHints":{"allow":["GET"]}}],"collection":[{"href":"https:\/\/elmundodelosnegocios.com.do\/v1\/wp-json\/wp\/v2\/posts"}],"about":[{"href":"https:\/\/elmundodelosnegocios.com.do\/v1\/wp-json\/wp\/v2\/types\/post"}],"author":[{"embeddable":true,"href":"https:\/\/elmundodelosnegocios.com.do\/v1\/wp-json\/wp\/v2\/users\/2"}],"replies":[{"embeddable":true,"href":"https:\/\/elmundodelosnegocios.com.do\/v1\/wp-json\/wp\/v2\/comments?post=50208"}],"version-history":[{"count":1,"href":"https:\/\/elmundodelosnegocios.com.do\/v1\/wp-json\/wp\/v2\/posts\/50208\/revisions"}],"predecessor-version":[{"id":50210,"href":"https:\/\/elmundodelosnegocios.com.do\/v1\/wp-json\/wp\/v2\/posts\/50208\/revisions\/50210"}],"wp:featuredmedia":[{"embeddable":true,"href":"https:\/\/elmundodelosnegocios.com.do\/v1\/wp-json\/wp\/v2\/media\/50211"}],"wp:attachment":[{"href":"https:\/\/elmundodelosnegocios.com.do\/v1\/wp-json\/wp\/v2\/media?parent=50208"}],"wp:term":[{"taxonomy":"category","embeddable":true,"href":"https:\/\/elmundodelosnegocios.com.do\/v1\/wp-json\/wp\/v2\/categories?post=50208"},{"taxonomy":"post_tag","embeddable":true,"href":"https:\/\/elmundodelosnegocios.com.do\/v1\/wp-json\/wp\/v2\/tags?post=50208"}],"curies":[{"name":"wp","href":"https:\/\/api.w.org\/{rel}","templated":true}]}}