{"id":50252,"date":"2024-03-10T21:30:04","date_gmt":"2024-03-11T02:00:04","guid":{"rendered":"https:\/\/elmundodelosnegocios.com.do\/v1\/?p=50252"},"modified":"2024-03-11T09:04:37","modified_gmt":"2024-03-11T13:34:37","slug":"ministro-bisono-rd-posee-condiciones-inigualables-para-crecimiento-de-la-inversion-extranjera","status":"publish","type":"post","link":"https:\/\/elmundodelosnegocios.com.do\/v1\/ministro-bisono-rd-posee-condiciones-inigualables-para-crecimiento-de-la-inversion-extranjera\/","title":{"rendered":"Bison\u00f3 resalta condiciones inigualables R.D. para crecimiento de la inversi\u00f3n extranjera"},"content":{"rendered":"\n<p><strong>Punta Cana, La Altagracia. \u2013<\/strong>&nbsp;El ministro de Industria, Comercio y Mipymes (MICM), V\u00edctor Bison\u00f3, afirm\u00f3 que la Rep\u00fablica Dominicana se ha posicionado en la regi\u00f3n de Am\u00e9rica Latina y el Caribe como un pa\u00eds con condiciones inigualables en infraestructura, estabilidad econ\u00f3mica, social y pol\u00edtica, y crecimiento de la inversi\u00f3n extranjera.<\/p>\n\n\n<div class=\"wp-block-image\">\n<figure data-wp-context=\"{&quot;imageId&quot;:&quot;69f125c6916f3&quot;}\" data-wp-interactive=\"core\/image\" data-wp-key=\"69f125c6916f3\" class=\"aligncenter size-full wp-lightbox-container\"><img loading=\"lazy\" decoding=\"async\" width=\"900\" height=\"506\" data-wp-class--hide=\"state.isContentHidden\" data-wp-class--show=\"state.isContentVisible\" data-wp-init=\"callbacks.setButtonStyles\" data-wp-on--click=\"actions.showLightbox\" data-wp-on--load=\"callbacks.setButtonStyles\" data-wp-on-window--resize=\"callbacks.setButtonStyles\" src=\"https:\/\/elmundodelosnegocios.com.do\/v1\/wp-content\/uploads\/2024\/03\/Ministro-Victor-Bisono-RD-posee.jpg\" alt=\"\" class=\"wp-image-50253\" srcset=\"https:\/\/elmundodelosnegocios.com.do\/v1\/wp-content\/uploads\/2024\/03\/Ministro-Victor-Bisono-RD-posee.jpg 900w, https:\/\/elmundodelosnegocios.com.do\/v1\/wp-content\/uploads\/2024\/03\/Ministro-Victor-Bisono-RD-posee-300x169.jpg 300w, https:\/\/elmundodelosnegocios.com.do\/v1\/wp-content\/uploads\/2024\/03\/Ministro-Victor-Bisono-RD-posee-768x432.jpg 768w\" sizes=\"auto, (max-width: 900px) 100vw, 900px\" \/><button\n\t\t\tclass=\"lightbox-trigger\"\n\t\t\ttype=\"button\"\n\t\t\taria-haspopup=\"dialog\"\n\t\t\taria-label=\"Agrandar\"\n\t\t\tdata-wp-init=\"callbacks.initTriggerButton\"\n\t\t\tdata-wp-on--click=\"actions.showLightbox\"\n\t\t\tdata-wp-style--right=\"state.imageButtonRight\"\n\t\t\tdata-wp-style--top=\"state.imageButtonTop\"\n\t\t>\n\t\t\t<svg xmlns=\"http:\/\/www.w3.org\/2000\/svg\" width=\"12\" height=\"12\" fill=\"none\" viewBox=\"0 0 12 12\">\n\t\t\t\t<path fill=\"#fff\" d=\"M2 0a2 2 0 0 0-2 2v2h1.5V2a.5.5 0 0 1 .5-.5h2V0H2Zm2 10.5H2a.5.5 0 0 1-.5-.5V8H0v2a2 2 0 0 0 2 2h2v-1.5ZM8 12v-1.5h2a.5.5 0 0 0 .5-.5V8H12v2a2 2 0 0 1-2 2H8Zm2-12a2 2 0 0 1 2 2v2h-1.5V2a.5.5 0 0 0-.5-.5H8V0h2Z\" \/>\n\t\t\t<\/svg>\n\t\t<\/button><\/figure>\n<\/div>\n\n\n<p>Bison\u00f3 particip\u00f3 aqu\u00ed como panelista en el Foro Empresarial: \u201cForjando Prosperidad: Impulsando el crecimiento en Am\u00e9rica Latina y El Caribe (ALC) Mediante inversi\u00f3n Directa y Entornos Empresariales\u201d, auspiciado por el Banco Interamericano de Desarrollo (BID).<\/p>\n\n\n\n<p>En este contexto cit\u00f3 varios elementos claves para la inversi\u00f3n que promueve el actual Gobierno entre los que destacan la confianza y las alianzas p\u00fablico-privadas.<\/p>\n\n\n\n<p>\u201cEsa alianza p\u00fablico-privada que se ha generado desde el Estado, que la imprime el mismo presidente de la Rep\u00fablica, da esa confianza para que puedan integrarse no solo los locales (empresarios), sino tambi\u00e9n la inversi\u00f3n extranjera\u201d.<\/p>\n\n\n\n<p>Agreg\u00f3 que el pa\u00eds avanza hacia la competitividad mediante la atenci\u00f3n a temas como la equidad g\u00e9nero y la burocracia cero.<\/p>\n\n\n\n<p><strong>Iniciativas a favor de la inversi\u00f3n<\/strong><\/p>\n\n\n\n<p>Destac\u00f3 el fortalecimiento del marco jur\u00eddico favorable a la inversi\u00f3n mediante la aprobaci\u00f3n de leyes como la 5-23 sobre Comercio Mar\u00edtimo, as\u00ed como la promulgaci\u00f3n del decreto 148-22 que procura convertir a la Rep\u00fablica Dominicana en un centro log\u00edstico de clase mundial.<\/p>\n\n\n\n<p>En ese orden, anunci\u00f3 que pr\u00f3ximamente ser\u00e1 inaugurado un centro log\u00edstico a\u00e9reo de carga en Punta Cana la cual tendr\u00e1 la oportunidad de ser un aeropuerto que tiene ciento y pico conectividad de ciudades en el mundo en recibir carga de toda Am\u00e9rica y de aqu\u00ed llevar a destino final sin tener que detenerse en puertos de otros pa\u00edses.<\/p>\n\n\n\n<p>Dijo que con la iniciativa procura generar un consenso con dem\u00e1s pa\u00edses de la regi\u00f3n y que se puedan integrar una gran alianza p\u00fablico y privada y lograr ser un Hog Log\u00edstico en la Rep\u00fablica Dominicana.<\/p>\n\n\n\n<figure class=\"wp-block-image\"><img decoding=\"async\" src=\"https:\/\/micm.gob.do\/wp-content\/uploads\/2024\/03\/Ministro-Victor-Bisono-RD-posee-condiciones-inigualables-02.jpeg\" alt=\"\" class=\"wp-image-22197\"\/><\/figure>\n\n\n\n<p><strong>Acerca del foro Empresarial<\/strong><\/p>\n\n\n\n<p>El foro estuvo moderado por Fabricio Operetti, gerente general Sector Integraci\u00f3n y Comercio del BID, Stevin Puig, presidente del Banco BHD, y Celso Juan Maranzzini, presidente del Consejo Nacional de la Empresa Privada, (CONEP).<\/p>\n\n\n\n<p>Adem\u00e1s, Sofia Antor, gerente general de Visa en Rep\u00fablica Dominica, y Mercedes Canalda, presidenta del Banco de Ahorro y Cr\u00e9dito (ADOPEM).<\/p>\n\n\n\n<p><strong>Sobre La Reuniones Anuales de las Asambleas de Gobernadores<\/strong><\/p>\n\n\n\n<p>Las Reuniones Anuales 2024 de las Asambleas de Gobernadores del Banco Interamericano de Desarrollo (BID) y de BID Invest se desarrolla en Punta Cana desde el 6 al 10 de marzo de 2024.<\/p>\n\n\n\n<p>Las Asambleas de Gobernadores son la m\u00e1xima autoridad responsable de la gobernanza del BID y de BID Invest. La mayor\u00eda de los Gobernadores son ministros de finanzas, ministros de econom\u00eda, o presidentes de bancos centrales de sus respectivos pa\u00edses.<\/p>\n\n\n\n<p>Durante el evento, l\u00edderes econ\u00f3micos y financieros de los 48 pa\u00edses miembros del BID debatir\u00e1n sobre los desaf\u00edos y oportunidades para el desarrollo de Am\u00e9rica Latina y el Caribe.<\/p>\n\n\n\n<p>Las Reuniones Anuales se celebran cada a\u00f1o en un pa\u00eds miembro. La \u00faltima vez que se celebraron en la Rep\u00fablica Dominicana fue en 1992.<\/p>\n","protected":false},"excerpt":{"rendered":"<p>Punta Cana, La Altagracia. \u2013&nbsp;El ministro de Industria, Comercio y Mipymes (MICM), V\u00edctor Bison\u00f3, afirm\u00f3 que la Rep\u00fablica Dominicana se ha posicionado en la regi\u00f3n de Am\u00e9rica Latina y el&hellip; <\/p>\n","protected":false},"author":2,"featured_media":50255,"comment_status":"closed","ping_status":"closed","sticky":false,"template":"","format":"standard","meta":{"fifu_image_url":"https:\/\/elmundodelosnegocios.com.do\/v1\/wp-content\/uploads\/2024\/03\/Ministro-Victor-Bisono-RD-posee.jpg","fifu_image_alt":"","footnotes":""},"categories":[74],"tags":[],"class_list":["post-50252","post","type-post","status-publish","format-standard","has-post-thumbnail","hentry","category-comercio-internacional"],"_links":{"self":[{"href":"https:\/\/elmundodelosnegocios.com.do\/v1\/wp-json\/wp\/v2\/posts\/50252","targetHints":{"allow":["GET"]}}],"collection":[{"href":"https:\/\/elmundodelosnegocios.com.do\/v1\/wp-json\/wp\/v2\/posts"}],"about":[{"href":"https:\/\/elmundodelosnegocios.com.do\/v1\/wp-json\/wp\/v2\/types\/post"}],"author":[{"embeddable":true,"href":"https:\/\/elmundodelosnegocios.com.do\/v1\/wp-json\/wp\/v2\/users\/2"}],"replies":[{"embeddable":true,"href":"https:\/\/elmundodelosnegocios.com.do\/v1\/wp-json\/wp\/v2\/comments?post=50252"}],"version-history":[{"count":2,"href":"https:\/\/elmundodelosnegocios.com.do\/v1\/wp-json\/wp\/v2\/posts\/50252\/revisions"}],"predecessor-version":[{"id":50286,"href":"https:\/\/elmundodelosnegocios.com.do\/v1\/wp-json\/wp\/v2\/posts\/50252\/revisions\/50286"}],"wp:featuredmedia":[{"embeddable":true,"href":"https:\/\/elmundodelosnegocios.com.do\/v1\/wp-json\/wp\/v2\/media\/50255"}],"wp:attachment":[{"href":"https:\/\/elmundodelosnegocios.com.do\/v1\/wp-json\/wp\/v2\/media?parent=50252"}],"wp:term":[{"taxonomy":"category","embeddable":true,"href":"https:\/\/elmundodelosnegocios.com.do\/v1\/wp-json\/wp\/v2\/categories?post=50252"},{"taxonomy":"post_tag","embeddable":true,"href":"https:\/\/elmundodelosnegocios.com.do\/v1\/wp-json\/wp\/v2\/tags?post=50252"}],"curies":[{"name":"wp","href":"https:\/\/api.w.org\/{rel}","templated":true}]}}