{"id":50266,"date":"2024-03-11T08:39:41","date_gmt":"2024-03-11T13:09:41","guid":{"rendered":"https:\/\/elmundodelosnegocios.com.do\/v1\/?p=50266"},"modified":"2024-03-11T08:39:43","modified_gmt":"2024-03-11T13:09:43","slug":"anuncia-arajet-aumento-frecuencia-a-sus-destinos-impulsando-calendario-vuelos-para-invierno","status":"publish","type":"post","link":"https:\/\/elmundodelosnegocios.com.do\/v1\/anuncia-arajet-aumento-frecuencia-a-sus-destinos-impulsando-calendario-vuelos-para-invierno\/","title":{"rendered":"Anuncia Arajet aumento frecuencia a sus destinos impulsando calendario vuelos para invierno"},"content":{"rendered":"\n<p><strong>Santo Domingo,<\/strong>&nbsp;R.D. Marzo 2024.- Arajet la l\u00ednea a\u00e9rea de precios bajos, anunci\u00f3 que han incrementado las frecuencias en su red de destinos que conecta a Norteam\u00e9rica, Suram\u00e9rica y el Caribe con un aumento promedio de hasta un 30% en las diferentes rutas.<\/p>\n\n\n\n<figure class=\"wp-block-image size-large\"><img loading=\"lazy\" decoding=\"async\" width=\"2560\" height=\"1440\" src=\"https:\/\/elmundodelosnegocios.com.do\/v1\/wp-content\/uploads\/2024\/03\/Arajet-edited-scaled.jpeg\" alt=\"\" class=\"wp-image-50268\" srcset=\"https:\/\/elmundodelosnegocios.com.do\/v1\/wp-content\/uploads\/2024\/03\/Arajet-edited-scaled.jpeg 2560w, https:\/\/elmundodelosnegocios.com.do\/v1\/wp-content\/uploads\/2024\/03\/Arajet-edited-300x169.jpeg 300w, https:\/\/elmundodelosnegocios.com.do\/v1\/wp-content\/uploads\/2024\/03\/Arajet-edited-1024x576.jpeg 1024w, https:\/\/elmundodelosnegocios.com.do\/v1\/wp-content\/uploads\/2024\/03\/Arajet-edited-768x432.jpeg 768w, https:\/\/elmundodelosnegocios.com.do\/v1\/wp-content\/uploads\/2024\/03\/Arajet-edited-1536x864.jpeg 1536w, https:\/\/elmundodelosnegocios.com.do\/v1\/wp-content\/uploads\/2024\/03\/Arajet-edited-2048x1152.jpeg 2048w\" sizes=\"auto, (max-width: 2560px) 100vw, 2560px\" \/><\/figure>\n\n\n\n<p>Victor Pacheco M\u00e9ndez, CEO &amp; Fundador de Arajet, indic\u00f3 que la aerol\u00ednea se encuentra en un proceso de crecimiento para as\u00ed aumentar las opciones de vuelos y conexiones de los pasajeros para que puedan seguir conociendo otras experiencias a bordo de sus modernas y c\u00f3modas aeronaves.<\/p>\n\n\n\n<p>\u201cEn Arajet siempre estamos innovando y buscando oportunidades para ofrecerles a nuestros pasajeros m\u00e1s alternativas a la hora de escoger su fecha de vuelo para que puedan organizar sus viajes, de turismo o negocios, adaptados a sus posibilidades\u201d, manifest\u00f3 Pacheco M\u00e9ndez.<\/p>\n\n\n\n<p>Explic\u00f3 que en el mes de abril aumentar\u00e1n a 5 frecuencias semanales los destinos de Kingston, Jamaica; Bogot\u00e1, Medell\u00edn y Cartagena en Colombia. Y en ese mismo periodo se incrementar\u00e1 a 4 frecuencias semanales las rutas de Buenos Aires en Argentina y Sao Paulo en Brasil. Y en el caso de Lima en Per\u00fa y St Marteen tendr\u00e1n 3 frecuencias semanales en dicho mes.<\/p>\n\n\n\n<p>Igualmente, indicaron que para el mes de junio habr\u00e1 vuelos diarios Sao Paulo en Brasil y Buenos Aires en Argentina y Cartagena en Colombia tendr\u00e1s 6 frecuencias a la semana.<\/p>\n\n\n\n<p><strong><em>Sobre Arajet<\/em><\/strong><\/p>\n\n\n\n<p>Arajet es la primera aerol\u00ednea de bajos precios en la regi\u00f3n del Caribe, reconocida en la cumbre mundial de aviaci\u00f3n como la mejor nueva aerol\u00ednea del mundo; inici\u00f3 operaciones en septiembre de 2022 desde su base en el Aeropuerto de Las Am\u00e9ricas en Santo Domingo, bajo su certificado de operador a\u00e9reo (AOC) de Rep\u00fablica Dominicana. Arajet opera una nueva flota de aviones Boeing 737MAX-8 que brindan viajes seguros y asequibles desde y hacia la Rep\u00fablica Dominicana a varios destinos en Am\u00e9rica del Norte, Central y del Sur y la regi\u00f3n del Caribe. Para obtener m\u00e1s informaci\u00f3n, visite&nbsp;<a href=\"http:\/\/www.arajet.com\/\" target=\"_blank\" rel=\"noreferrer noopener\">www.Arajet.com<\/a><\/p>\n","protected":false},"excerpt":{"rendered":"<p>Santo Domingo,&nbsp;R.D. Marzo 2024.- Arajet la l\u00ednea a\u00e9rea de precios bajos, anunci\u00f3 que han incrementado las frecuencias en su red de destinos que conecta a Norteam\u00e9rica, Suram\u00e9rica y el Caribe&hellip; <\/p>\n","protected":false},"author":2,"featured_media":50269,"comment_status":"closed","ping_status":"closed","sticky":false,"template":"","format":"standard","meta":{"fifu_image_url":"","fifu_image_alt":"","footnotes":""},"categories":[169],"tags":[],"class_list":["post-50266","post","type-post","status-publish","format-standard","has-post-thumbnail","hentry","category-transporte-internacional"],"_links":{"self":[{"href":"https:\/\/elmundodelosnegocios.com.do\/v1\/wp-json\/wp\/v2\/posts\/50266","targetHints":{"allow":["GET"]}}],"collection":[{"href":"https:\/\/elmundodelosnegocios.com.do\/v1\/wp-json\/wp\/v2\/posts"}],"about":[{"href":"https:\/\/elmundodelosnegocios.com.do\/v1\/wp-json\/wp\/v2\/types\/post"}],"author":[{"embeddable":true,"href":"https:\/\/elmundodelosnegocios.com.do\/v1\/wp-json\/wp\/v2\/users\/2"}],"replies":[{"embeddable":true,"href":"https:\/\/elmundodelosnegocios.com.do\/v1\/wp-json\/wp\/v2\/comments?post=50266"}],"version-history":[{"count":1,"href":"https:\/\/elmundodelosnegocios.com.do\/v1\/wp-json\/wp\/v2\/posts\/50266\/revisions"}],"predecessor-version":[{"id":50270,"href":"https:\/\/elmundodelosnegocios.com.do\/v1\/wp-json\/wp\/v2\/posts\/50266\/revisions\/50270"}],"wp:featuredmedia":[{"embeddable":true,"href":"https:\/\/elmundodelosnegocios.com.do\/v1\/wp-json\/wp\/v2\/media\/50269"}],"wp:attachment":[{"href":"https:\/\/elmundodelosnegocios.com.do\/v1\/wp-json\/wp\/v2\/media?parent=50266"}],"wp:term":[{"taxonomy":"category","embeddable":true,"href":"https:\/\/elmundodelosnegocios.com.do\/v1\/wp-json\/wp\/v2\/categories?post=50266"},{"taxonomy":"post_tag","embeddable":true,"href":"https:\/\/elmundodelosnegocios.com.do\/v1\/wp-json\/wp\/v2\/tags?post=50266"}],"curies":[{"name":"wp","href":"https:\/\/api.w.org\/{rel}","templated":true}]}}